{"id":19823,"date":"2013-10-18T04:06:46","date_gmt":"2013-10-18T04:06:46","guid":{"rendered":"http:\/\/antonini.med.br\/blog\/?p=19823"},"modified":"2022-02-15T02:40:11","modified_gmt":"2022-02-15T02:40:11","slug":"pt-recusa-proposta-de-nao-reconhecer-resultado-do-mensalao","status":"publish","type":"post","link":"https:\/\/antonini.psc.br\/?p=19823","title":{"rendered":"PT recusa proposta de n\u00e3o reconhecer resultado do mensal\u00e3o"},"content":{"rendered":"<p style=\"text-align: justify;\">E quem \u00e9 o PT para reconhecer ou n\u00e3o uma decis\u00e3o da mais alta Corte de Justi\u00e7a do Brasil, no caso o Supremo Tribunal Federal.<!--more--><\/p>\n<p style=\"text-align: justify;\">&#8212;&#8212;&#8212;&#8212;&#8212;&#8212;&#8212;&#8212;&#8212;&#8211;<\/p>\n<p style=\"text-align: justify;\">O diret\u00f3rio nacional do PT recusou ontem proposta de um de seus membros para n\u00e3o reconhecer o resultado do julgamento do mensal\u00e3o e empreender uma campanha de rua contra o STF (Supremo Tribunal Federal).<\/p>\n<p style=\"text-align: justify;\">A recusa frustrou Jos\u00e9 Dirceu, ex-ministro condenado pelo STF, e tensionou o clima na reuni\u00e3o do diret\u00f3rio petista, em Bras\u00edlia, como informou o jornal &#8220;O Globo&#8221;.<\/p>\n<p style=\"text-align: justify;\">A proposta foi feita por um dirigente de Santa Catarina, Serge Goulart, ap\u00f3s conversar reservadamente com Dirceu. Segundo interlocutores, foi necess\u00e1rio o presidente da sigla, Rui Falc\u00e3o, convencer os demais a sequer votar a requisi\u00e7\u00e3o do colega.<\/p>\n<p style=\"text-align: justify;\">Motivo: se a proposta fosse aprovada, a sigla assumiria para si um ataque institucional contra STF; se rejeitada, pareceria um veto a Dirceu e aos demais condenados no julgamento do mensal\u00e3o.<\/p>\n<p style=\"text-align: justify;\">Tr\u00eas dirigentes petistas relataram a frase de Falc\u00e3o quando Goulart se recusou, pela primeira vez, a retirar a proposta: &#8220;Manifestamos sempre nossa solidariedade, mas n\u00e3o podemos associar o partido a uma campanha contra o Supremo. Nossa campanha em 2013 tem de ser pela reforma pol\u00edtica&#8221;.<\/p>\n<p style=\"text-align: justify;\">Diante da falta de apoio para iniciar a vota\u00e7\u00e3o, o pr\u00f3prio Dirceu convenceu o colega a desistir da pauta. Goulart retirou a proposta e o ex-ministro deixou a reuni\u00e3o antes de fim. Disse a colegas que precisava buscar a filha de dois anos na escola.<\/p>\n<p style=\"text-align: justify;\">H\u00e1 uma decis\u00e3o interna, apoiada por Lula e pela presidente Dilma Rousseff, de n\u00e3o transformar a batalha dos condenados no julgamento do mensal\u00e3o em uma guerra do partido.<\/p>\n<p style=\"text-align: justify;\">O que a legenda se disp\u00f5e a fazer \u00e9 desconstruir o que chama de &#8220;a narrativa do mensal\u00e3o&#8221;, alicer\u00e7ada na acusa\u00e7\u00e3o de compra de votos parlamentares, junto a formadores de opini\u00e3o.<\/p>\n<p style=\"text-align: justify;\">&#8220;N\u00e3o foi encampado [fazer protestos contra o STF] porque o proponente retirou sua proposta diante das manifesta\u00e7\u00e3o de que o PT vinha fazendo a defesa dos seus companheiros&#8221;, disse em entrevista a jornalista durante uma pequena pausa do encontro. Para ele, a pauta do PT para 2013 \u00e9 o apoio ao governo e a tentativa de viabilizar uma reforma pol\u00edtica no Congresso Nacional.<\/p>\n<p style=\"text-align: justify;\">Questionado se o ex-ministro Jos\u00e9 Dirceu n\u00e3o se chateara em raz\u00e3o da recusa da pauta, o presidente da sigla contra-argumentou. Disse que Dirceu est\u00e1 &#8220;satisfeito&#8221; com as manifesta\u00e7\u00f5es do partido, citando a carta de apoio divulgada no m\u00eas passado, e que este prosseguir\u00e1 com seus atos contra o resultado do julgamento.<\/p>\n<p style=\"text-align: justify;\">Sobre os petistas condenados pelo Supremo, Falc\u00e3o afirmou que eles seguem gozando de seus direitos partid\u00e1rios e de que diversos colegas j\u00e1 falam em fazer uma cota para arcar com as multas, consideradas desproporcionais, fixadas pelo tribunal.<\/p>\n<p style=\"text-align: justify;\">O diret\u00f3rio definiu que o Congresso do partido ser\u00e1 em fevereiro de 2014, dedicado a discutir a legenda, fazer balan\u00e7o do governo petista nos \u00faltimos dez anos.<\/p>\n<p style=\"text-align: justify;\">Sobre a falta de apoio expl\u00edcito a Dirceu contra a condena\u00e7\u00e3o no Supremo, Falc\u00e3o desconversou. &#8220;O PT est\u00e1 manifestando sua solidariedade. Inclusive j\u00e1 ouvi que colegas ir\u00e3o se cotizar para ajudar a pagar as multas [impostas aos r\u00e9us do mensal\u00e3o que foram condenados]&#8221;.<\/p>\n<p style=\"text-align: center;\">[<a href=\"javascript:history.go(-1)\">Voltar<\/a>]<\/p>\n","protected":false},"excerpt":{"rendered":"<p>E quem \u00e9 o PT para reconhecer ou n\u00e3o uma decis\u00e3o da mais alta Corte de Justi\u00e7a do Brasil, no caso o Supremo Tribunal Federal.<\/p>\n","protected":false},"author":1,"featured_media":0,"comment_status":"open","ping_status":"open","sticky":false,"template":"","format":"standard","meta":{"footnotes":""},"categories":[27],"tags":[],"class_list":["post-19823","post","type-post","status-publish","format-standard","hentry","category-noticias"],"_links":{"self":[{"href":"https:\/\/antonini.psc.br\/index.php?rest_route=\/wp\/v2\/posts\/19823","targetHints":{"allow":["GET"]}}],"collection":[{"href":"https:\/\/antonini.psc.br\/index.php?rest_route=\/wp\/v2\/posts"}],"about":[{"href":"https:\/\/antonini.psc.br\/index.php?rest_route=\/wp\/v2\/types\/post"}],"author":[{"embeddable":true,"href":"https:\/\/antonini.psc.br\/index.php?rest_route=\/wp\/v2\/users\/1"}],"replies":[{"embeddable":true,"href":"https:\/\/antonini.psc.br\/index.php?rest_route=%2Fwp%2Fv2%2Fcomments&post=19823"}],"version-history":[{"count":1,"href":"https:\/\/antonini.psc.br\/index.php?rest_route=\/wp\/v2\/posts\/19823\/revisions"}],"predecessor-version":[{"id":30167,"href":"https:\/\/antonini.psc.br\/index.php?rest_route=\/wp\/v2\/posts\/19823\/revisions\/30167"}],"wp:attachment":[{"href":"https:\/\/antonini.psc.br\/index.php?rest_route=%2Fwp%2Fv2%2Fmedia&parent=19823"}],"wp:term":[{"taxonomy":"category","embeddable":true,"href":"https:\/\/antonini.psc.br\/index.php?rest_route=%2Fwp%2Fv2%2Fcategories&post=19823"},{"taxonomy":"post_tag","embeddable":true,"href":"https:\/\/antonini.psc.br\/index.php?rest_route=%2Fwp%2Fv2%2Ftags&post=19823"}],"curies":[{"name":"wp","href":"https:\/\/api.w.org\/{rel}","templated":true}]}}