{"id":19848,"date":"2013-10-18T04:30:59","date_gmt":"2013-10-18T04:30:59","guid":{"rendered":"http:\/\/antonini.med.br\/blog\/?p=19848"},"modified":"2022-02-15T02:40:11","modified_gmt":"2022-02-15T02:40:11","slug":"servidora-indiciada-disse-que-falava-com-lula-2","status":"publish","type":"post","link":"https:\/\/antonini.psc.br\/?p=19848","title":{"rendered":"Servidora indiciada disse que falava com Lula"},"content":{"rendered":"<p style=\"text-align: justify;\">E-mail mostra proximidade de Rose com Lula.<!--more--><\/p>\n<p style=\"text-align: justify;\"><img decoding=\"async\" style=\"margin: 0px 5px 5px 0px; float: left;\" alt=\"\" src=\"http:\/\/antonini.med.br\/blog\/wp-content\/uploads\/2013\/08\/340x255_1294018.jpg\" width=\"340\" \/>A ex-chefe de gabinete da Presid\u00eancia da Rep\u00fablica em S\u00e3o Paulo indiciada por corrup\u00e7\u00e3o na Opera\u00e7\u00e3o Porto Seguro, Rosemary N\u00f3voa de Noronha, afirmou, em e-mail interceptado pela Pol\u00edcia Federal em mar\u00e7o deste ano, que conversava &#8220;todos os dias&#8221; com o ex-presidente Luiz In\u00e1cio Lula da Silva.<\/p>\n<p style=\"text-align: justify;\">A mensagem foi enviada por Rose a Paulo Vieira, diretor afastado da Ag\u00eancia Nacional de \u00c1guas (ANA), apontado por investigadores como chefe de uma quadrilha que comprava pareceres t\u00e9cnicos de \u00f3rg\u00e3os p\u00fablicos para beneficiar empresas.<\/p>\n<p style=\"text-align: justify;\">&#8220;Mandei uma not\u00edcia de ultima hora sobre a alta do PR (presidente da Rep\u00fablica) e vc nao falou nada&#8230; Tenho falado com ele todos os dias, agora ele j\u00e1 est\u00e1 voltando a pol\u00edtica e logo vou resolver se fico no Gabinete&#8221;, escreveu Rose a Paulo Vieira. A sigla PR \u00e9 usada no Pal\u00e1cio do Planalto para identificar presidentes.<\/p>\n<p style=\"text-align: justify;\">O e-mail foi enviado em 29 de mar\u00e7o, um dia depois que a equipe m\u00e9dica do Hospital S\u00edrio-Liban\u00eas confirmou a remiss\u00e3o total de um tumor na laringe do ex-presidente. Na ocasi\u00e3o, Lula divulgou um v\u00eddeo em que dizia &#8220;voltar \u00e0 vida pol\u00edtica&#8221;.<\/p>\n<p style=\"text-align: justify;\">A opera\u00e7\u00e3o da Pol\u00edcia Federal tamb\u00e9m teria gravado 122 telefonemas entre o ex-presidente e Rose entre mar\u00e7o de 2011 e outubro deste ano, segundo reportagem publicada pelo jornal Metro. A m\u00e9dia seria de cinco liga\u00e7\u00f5es por dia.<\/p>\n<p style=\"text-align: justify;\">A oposi\u00e7\u00e3o cobrou explica\u00e7\u00f5es de Lula sobre a nomea\u00e7\u00e3o de Rose, e sobre os contatos entre ela e o ex-presidente. &#8220;Qual o motivo desses contatos, uma vez que ele n\u00e3o estava mais na Presid\u00eancia?&#8221;, indagou o deputado Carlos Sampaio (PSDB-SP).<\/p>\n<p style=\"text-align: justify;\">A assessoria do Instituto Lula, que representa o ex-presidente, n\u00e3o se manifestou sobre o caso.<\/p>\n<p style=\"text-align: justify;\">Os partidos tamb\u00e9m querem ouvir explica\u00e7\u00f5es dos diretores de ag\u00eancias nomeados por Rose. Os parlamentares ainda pedir\u00e3o esclarecimentos ao advogado-geral da Uni\u00e3o, Lu\u00eds Adams, sobre o envolvimento de seu subordinado Jos\u00e9 Weber Holanda, advogado-geral adjunto, no esquema.<\/p>\n<p style=\"text-align: justify;\">As informa\u00e7\u00f5es s\u00e3o do jornal O Estado de S. Paulo .<\/p>\n<p style=\"text-align: justify;\">=&gt; <a href=\"http:\/\/atarde.uol.com.br\/politica\/materias\/1469553-e-mail-mostra-proximidade-de-rose-com-lula\" target=\"_blank\" rel=\"noopener\">http:\/\/atarde.uol.com.br\/politica\/materias\/1469553-e-mail-mostra-proximidade-de-rose-com-lula<\/a><\/p>\n<p style=\"text-align: center;\">[<a href=\"javascript:history.go(-1)\">Voltar<\/a>]<\/p>\n","protected":false},"excerpt":{"rendered":"<p>E-mail mostra proximidade de Rose com Lula.<\/p>\n","protected":false},"author":1,"featured_media":0,"comment_status":"open","ping_status":"open","sticky":false,"template":"","format":"standard","meta":{"footnotes":""},"categories":[27],"tags":[],"class_list":["post-19848","post","type-post","status-publish","format-standard","hentry","category-noticias"],"_links":{"self":[{"href":"https:\/\/antonini.psc.br\/index.php?rest_route=\/wp\/v2\/posts\/19848","targetHints":{"allow":["GET"]}}],"collection":[{"href":"https:\/\/antonini.psc.br\/index.php?rest_route=\/wp\/v2\/posts"}],"about":[{"href":"https:\/\/antonini.psc.br\/index.php?rest_route=\/wp\/v2\/types\/post"}],"author":[{"embeddable":true,"href":"https:\/\/antonini.psc.br\/index.php?rest_route=\/wp\/v2\/users\/1"}],"replies":[{"embeddable":true,"href":"https:\/\/antonini.psc.br\/index.php?rest_route=%2Fwp%2Fv2%2Fcomments&post=19848"}],"version-history":[{"count":1,"href":"https:\/\/antonini.psc.br\/index.php?rest_route=\/wp\/v2\/posts\/19848\/revisions"}],"predecessor-version":[{"id":30161,"href":"https:\/\/antonini.psc.br\/index.php?rest_route=\/wp\/v2\/posts\/19848\/revisions\/30161"}],"wp:attachment":[{"href":"https:\/\/antonini.psc.br\/index.php?rest_route=%2Fwp%2Fv2%2Fmedia&parent=19848"}],"wp:term":[{"taxonomy":"category","embeddable":true,"href":"https:\/\/antonini.psc.br\/index.php?rest_route=%2Fwp%2Fv2%2Fcategories&post=19848"},{"taxonomy":"post_tag","embeddable":true,"href":"https:\/\/antonini.psc.br\/index.php?rest_route=%2Fwp%2Fv2%2Ftags&post=19848"}],"curies":[{"name":"wp","href":"https:\/\/api.w.org\/{rel}","templated":true}]}}