{"id":19852,"date":"2013-10-18T04:33:01","date_gmt":"2013-10-18T04:33:01","guid":{"rendered":"http:\/\/antonini.med.br\/blog\/?p=19852"},"modified":"2022-02-15T02:40:11","modified_gmt":"2022-02-15T02:40:11","slug":"sim-eles-podem","status":"publish","type":"post","link":"https:\/\/antonini.psc.br\/?p=19852","title":{"rendered":"Sim, eles podem"},"content":{"rendered":"<p style=\"text-align: justify;\">Eliane Cantanh\u00eade: Governantes e seus partidos se sentem donos do pa\u00eds.<!--more--><\/p>\n<p style=\"text-align: justify;\">Reservo a \u00faltima coluna antes de r\u00e1pidas f\u00e9rias para tratar da mania de certos governantes e seus partidos de se sentirem donos do governo e do pr\u00f3prio pa\u00eds.<\/p>\n<p style=\"text-align: justify;\">Quando Marisa Let\u00edcia mandou a cadelinha passear em carro oficial, desenhou uma imensa estrela vermelha no Alvorada e p\u00f4s os amigos dos filhos para fazer turismo em avi\u00e3o e pr\u00e9dio p\u00fablicos, estava dizendo que se sentia &#8220;em casa&#8221; e sinalizando para os v\u00e1rios escal\u00f5es do PT que sim, n\u00f3s podemos. Quer dizer: eles podem.<\/p>\n<p style=\"text-align: justify;\">Foi assim, a partir de miudezas cheias de significados, que os governos do partido foram se imiscuindo nos gabinetes, vulgarizando decis\u00f5es, aparelhando estatais, relativizando o conceito de \u00e9tica e corrompendo seus quadros.<\/p>\n<p style=\"text-align: justify;\">A chegada ao poder incluiu milh\u00f5es de pessoas e rendeu recordes de popularidade e aplausos no mundo inteiro para Lula, mas inflou o seu ego e foi letal para o partido. Desfez-se a aura, foram-se as ilus\u00f5es, exauriram-se os iludidos. Os espertos correram a tirar suas casquinhas.<\/p>\n<p style=\"text-align: justify;\">As hist\u00f3rias memor\u00e1veis, a guerra contra a corrup\u00e7\u00e3o, a paix\u00e3o da milit\u00e2ncia, as l\u00e1grimas torrenciais na derrota de Lula para Collor, em 1989, tudo foi por \u00e1gua abaixo e o partido patina no mesmo lodo dos demais.<\/p>\n<p style=\"text-align: justify;\">Poucas vezes, como no esc\u00e2ndalo Rose, advers\u00e1rios e aliados de diferentes tend\u00eancias condenaram tanto a confus\u00e3o entre p\u00fablico e privado, citada em 9 entre 10 artigos de opini\u00e3o. Ningu\u00e9m tem nada a ver com a vida privada de ningu\u00e9m, desde que n\u00e3o invada o bem p\u00fablico, fira princ\u00edpios elementares de gest\u00e3o e confira poderes extraterrestres a meros(as) terr\u00e1queos(as).<\/p>\n<p style=\"text-align: justify;\">O que come\u00e7a com cadelinhas para l\u00e1 e para c\u00e1 usando carro, motorista e gasolina p\u00fablicos \u00e9 o que acaba em passaportes especiais, nomea\u00e7\u00f5es esdr\u00faxulas, apartamentos fant\u00e1sticos e&#8230; mensal\u00f5es. N\u00e3o foi para isso, convenhamos, que o PT foi criado e subiu a rampa do Planalto.<\/p>\n<p style=\"text-align: justify;\">PS &#8211; At\u00e9 a volta!<br \/>\nEliane Cantanh\u00eade<\/p>\n<p style=\"text-align: justify;\">Eliane Cantanh\u00eade, jornalista, \u00e9 colunista da P\u00e1gina 2 da vers\u00e3o impressa da Folha, onde escreve \u00e0s ter\u00e7as, quintas, sextas e domingos. \u00c9 tamb\u00e9m comentarista do telejornal &#8220;Globonews em Pauta&#8221; e da R\u00e1dio Metr\u00f3pole da Bahia.<\/p>\n<p style=\"text-align: justify;\"><a href=\"http:\/\/www1.folha.uol.com.br\/colunas\/elianecantanhede\/1194504-sim-eles-podem.shtml\" target=\"_blank\" rel=\"noopener\">http:\/\/www1.folha.uol.com.br\/colunas\/elianecantanhede\/1194504-sim-eles-podem.shtml<\/a><\/p>\n<p style=\"text-align: center;\">[<a href=\"javascript:history.go(-1)\">Voltar<\/a>]<\/p>\n","protected":false},"excerpt":{"rendered":"<p>Eliane Cantanh\u00eade: Governantes e seus partidos se sentem donos do pa\u00eds.<\/p>\n","protected":false},"author":1,"featured_media":0,"comment_status":"open","ping_status":"open","sticky":false,"template":"","format":"standard","meta":{"footnotes":""},"categories":[27],"tags":[],"class_list":["post-19852","post","type-post","status-publish","format-standard","hentry","category-noticias"],"_links":{"self":[{"href":"https:\/\/antonini.psc.br\/index.php?rest_route=\/wp\/v2\/posts\/19852","targetHints":{"allow":["GET"]}}],"collection":[{"href":"https:\/\/antonini.psc.br\/index.php?rest_route=\/wp\/v2\/posts"}],"about":[{"href":"https:\/\/antonini.psc.br\/index.php?rest_route=\/wp\/v2\/types\/post"}],"author":[{"embeddable":true,"href":"https:\/\/antonini.psc.br\/index.php?rest_route=\/wp\/v2\/users\/1"}],"replies":[{"embeddable":true,"href":"https:\/\/antonini.psc.br\/index.php?rest_route=%2Fwp%2Fv2%2Fcomments&post=19852"}],"version-history":[{"count":1,"href":"https:\/\/antonini.psc.br\/index.php?rest_route=\/wp\/v2\/posts\/19852\/revisions"}],"predecessor-version":[{"id":30160,"href":"https:\/\/antonini.psc.br\/index.php?rest_route=\/wp\/v2\/posts\/19852\/revisions\/30160"}],"wp:attachment":[{"href":"https:\/\/antonini.psc.br\/index.php?rest_route=%2Fwp%2Fv2%2Fmedia&parent=19852"}],"wp:term":[{"taxonomy":"category","embeddable":true,"href":"https:\/\/antonini.psc.br\/index.php?rest_route=%2Fwp%2Fv2%2Fcategories&post=19852"},{"taxonomy":"post_tag","embeddable":true,"href":"https:\/\/antonini.psc.br\/index.php?rest_route=%2Fwp%2Fv2%2Ftags&post=19852"}],"curies":[{"name":"wp","href":"https:\/\/api.w.org\/{rel}","templated":true}]}}