{"id":19856,"date":"2013-10-18T04:34:26","date_gmt":"2013-10-18T04:34:26","guid":{"rendered":"http:\/\/antonini.med.br\/blog\/?p=19856"},"modified":"2022-02-15T02:40:11","modified_gmt":"2022-02-15T02:40:11","slug":"tst-impoe-cota-de-negros-a-seus-terceirizados","status":"publish","type":"post","link":"https:\/\/antonini.psc.br\/?p=19856","title":{"rendered":"TST imp\u00f5e cota de negros a seus \u2018terceirizados\u2019"},"content":{"rendered":"<p style=\"text-align: justify;\">Se eu fosse negro, me envergonharia desta lei de cotas raciais, pois \u00e9 um aut\u00eantico e inequ\u00ecvoco atestado de inferioridade e de incapacidade.<!--more--><\/p>\n<p style=\"text-align: justify;\">&#8212;&#8212;&#8212;&#8212;&#8212;&#8212;&#8212;&#8212;&#8212;&#8212;&#8212;&#8212;&#8212;&#8212;&#8212;&#8212;&#8212;&#8212;&#8212;&#8212;<\/p>\n<p style=\"text-align: justify;\">A pretexto de celebrar o Dia Nacional da Consci\u00eancia Negra, o presidente do Tribunal Superior Trabalho, Jo\u00e3o Oreste Dalazen, alterou as normas internas para a contrata\u00e7\u00e3o de m\u00e3o de obra terceirzada. A partir desta ter\u00e7a (20), as empresas contratadas para prestar servi\u00e7os ao TST ter\u00e3o de reservar uma cota de 5% para trabalhadores negros.<\/p>\n<p style=\"text-align: justify;\">Na exposi\u00e7\u00e3o de motivos do ato que instituiu a novidade, o ministro Dalazen anotou que cabe ao Estado assegurar aos afrodescentes \u201ca efetiva\u00e7\u00e3o da igualdade de oportunidades no mercado de trabalho\u201d. Esclareceu que sua decis\u00e3o \u201csegue as pol\u00edticas p\u00fablicas que v\u00eam sendo implementadas pela Uni\u00e3o e pelos Estados.\u201d<\/p>\n<p style=\"text-align: justify;\">A exig\u00eancia da cota de negros passar\u00e1 a constar dos editais de licita\u00e7\u00e3o do TST para a contrata\u00e7\u00e3o de servi\u00e7os terceirizados. Valer\u00e1 tamb\u00e9m para os contratos firmados emergencialmente, sem licita\u00e7\u00e3o, desde que envolvam mais de dez trabalhadores.<\/p>\n<p style=\"text-align: justify;\"><a href=\"http:\/\/josiasdesouza.blogosfera.uol.com.br\/2012\/11\/20\/tst-impoe-cota-de-negros-a-seus-terceirizados\/\" target=\"_blank\" rel=\"noopener\">http:\/\/josiasdesouza.blogosfera.uol.com.br\/2012\/11\/20\/tst-impoe-cota-de-negros-a-seus-terceirizados\/<\/a><\/p>\n<p style=\"text-align: center;\">[<a href=\"javascript:history.go(-1)\">Voltar<\/a>]<\/p>\n","protected":false},"excerpt":{"rendered":"<p>Se eu fosse negro, me envergonharia desta lei de cotas raciais, pois \u00e9 um aut\u00eantico e inequ\u00ecvoco atestado de inferioridade e de incapacidade.<\/p>\n","protected":false},"author":1,"featured_media":0,"comment_status":"open","ping_status":"open","sticky":false,"template":"","format":"standard","meta":{"footnotes":""},"categories":[27],"tags":[],"class_list":["post-19856","post","type-post","status-publish","format-standard","hentry","category-noticias"],"_links":{"self":[{"href":"https:\/\/antonini.psc.br\/index.php?rest_route=\/wp\/v2\/posts\/19856","targetHints":{"allow":["GET"]}}],"collection":[{"href":"https:\/\/antonini.psc.br\/index.php?rest_route=\/wp\/v2\/posts"}],"about":[{"href":"https:\/\/antonini.psc.br\/index.php?rest_route=\/wp\/v2\/types\/post"}],"author":[{"embeddable":true,"href":"https:\/\/antonini.psc.br\/index.php?rest_route=\/wp\/v2\/users\/1"}],"replies":[{"embeddable":true,"href":"https:\/\/antonini.psc.br\/index.php?rest_route=%2Fwp%2Fv2%2Fcomments&post=19856"}],"version-history":[{"count":1,"href":"https:\/\/antonini.psc.br\/index.php?rest_route=\/wp\/v2\/posts\/19856\/revisions"}],"predecessor-version":[{"id":30159,"href":"https:\/\/antonini.psc.br\/index.php?rest_route=\/wp\/v2\/posts\/19856\/revisions\/30159"}],"wp:attachment":[{"href":"https:\/\/antonini.psc.br\/index.php?rest_route=%2Fwp%2Fv2%2Fmedia&parent=19856"}],"wp:term":[{"taxonomy":"category","embeddable":true,"href":"https:\/\/antonini.psc.br\/index.php?rest_route=%2Fwp%2Fv2%2Fcategories&post=19856"},{"taxonomy":"post_tag","embeddable":true,"href":"https:\/\/antonini.psc.br\/index.php?rest_route=%2Fwp%2Fv2%2Ftags&post=19856"}],"curies":[{"name":"wp","href":"https:\/\/api.w.org\/{rel}","templated":true}]}}