{"id":19863,"date":"2013-10-18T04:37:11","date_gmt":"2013-10-18T04:37:11","guid":{"rendered":"http:\/\/antonini.med.br\/blog\/?p=19863"},"modified":"2022-02-15T02:40:11","modified_gmt":"2022-02-15T02:40:11","slug":"tucano-sugere-cpi-para-apurar-esquema-revelado-na-operacao-porto-seguro","status":"publish","type":"post","link":"https:\/\/antonini.psc.br\/?p=19863","title":{"rendered":"Tucano sugere CPI para apurar esquema revelado na Opera\u00e7\u00e3o Porto Seguro"},"content":{"rendered":"<p style=\"text-align: justify;\">L\u00edder do PSDB, o senador \u00c1lvaro Dias (PR) vai sugerir nesta ter\u00e7a-feira (4) \u00e0 bancada tucana no Senado a cria\u00e7\u00e3o de CPI (comiss\u00e3o parlamentar de inqu\u00e9rito) para apurar o esquema de venda de pareceres e tr\u00e1fico de influ\u00eancia no governo, investigado pela Pol\u00edcia Federal na Opera\u00e7\u00e3o Porto Seguro.<!--more--><\/p>\n<p style=\"text-align: justify;\">Apesar de admitir que a oposi\u00e7\u00e3o n\u00e3o tem n\u00famero suficiente de parlamentares para propor uma CPI no Senado, Dias espera a ades\u00e3o de senadores governistas &#8220;independentes&#8221; para instalar a comiss\u00e3o &#8211;como Pedro Taques (PDT-MT), Randolfe Rodrigues (PSOL-AP) e Jarbas Vasconcellos (PMDB-PE).<\/p>\n<p style=\"text-align: justify;\">&#8220;Seria importante um requerimento propondo CPI para conhecermos o lado de cada um: quem est\u00e1 conivente com esse esquema de corrup\u00e7\u00e3o e quem est\u00e1 do outro lado, que quer investiga\u00e7\u00e3o para a responsabiliza\u00e7\u00e3o civil e criminal desses que s\u00e3o assaltantes do dinheiro p\u00fablico&#8221;, afirmou.<\/p>\n<p style=\"text-align: justify;\">Para que a CPI seja instalada no Senado, o tucano precisa reunir assinaturas de 27 senadores favor\u00e1veis \u00e0 comiss\u00e3o. Depois, o pedido de cria\u00e7\u00e3o da CPI precisa ser lido pelo presidente do Senado, Jos\u00e9 Sarney (PMDB-AP), em sess\u00e3o do plen\u00e1rio da Casa.<\/p>\n<p style=\"text-align: justify;\">Com o Congresso \u00e0s v\u00e9speras de entrar em recesso parlamentar, a CPI corre o risco de ser instalada somente no ano que vem &#8211;a n\u00e3o ser que Sarney, aliado da presidente Dilma Rousseff, fa\u00e7a a leitura do requerimento antes do in\u00edcio do recesso, que come\u00e7a dia 23 de dezembro.<\/p>\n<p style=\"text-align: justify;\">O regimento da Casa permite que a CPI funcione durante o per\u00edodo de recesso parlamentar se j\u00e1 estiver em funcionamento.<\/p>\n<p style=\"text-align: justify;\">A ordem entre os governistas \u00e9 evitar que a comiss\u00e3o seja instalada para preservar o ex-presidente Lula &#8211;uma vez que Rosemary Noronha, ex-chefe da gabinete do escrit\u00f3rio da Presid\u00eancia da Rep\u00fablica em S\u00e3o Paulo, seria o alvo da comiss\u00e3o.<\/p>\n<p style=\"text-align: justify;\">Reportagem da Folha deste s\u00e1bado mostra que a rela\u00e7\u00e3o de Rose com Lula explica a influ\u00eancia da ex-assessora. Eles se conheceram em 1993.<\/p>\n<p style=\"text-align: justify;\">Na opini\u00e3o de \u00c1lvaro Dias, o Senado precisa completar o &#8220;tri\u00e2ngulo&#8221; da investiga\u00e7\u00e3o iniciada pela Pol\u00edcia Federal e o Minist\u00e9rio P\u00fablico.<\/p>\n<p style=\"text-align: justify;\">&#8220;\u00c9 aqui que se prop\u00f5e transpar\u00eancia. A PF investiga sigilosamente, as provid\u00eancias adotadas no Minist\u00e9rio P\u00fablico se d\u00e3o de forma sigilosa e cabe ao Congresso Nacional, caixa de resson\u00e2ncia da sociedade, dar repercuss\u00e3o p\u00fablica aos fatos.&#8221;<\/p>\n<p style=\"text-align: justify;\">O tucano disse que o esc\u00e2ndalo de corrup\u00e7\u00e3o &#8220;emporcalha a imagem do Brasil no exterior&#8221;, com repercuss\u00e3o na imprensa internacional.<\/p>\n<p style=\"text-align: justify;\"><a href=\"http:\/\/www1.folha.uol.com.br\/poder\/1195306-tucano-sugere-cpi-para-apurar-esquema-revelado-na-operacao-porto-seguro.shtml\" target=\"_blank\" rel=\"noopener\">http:\/\/www1.folha.uol.com.br\/poder\/1195306-tucano-sugere-cpi-para-apurar-esquema-revelado-na-operacao-porto-seguro.shtml<\/a><\/p>\n<p style=\"text-align: center;\">[<a href=\"javascript:history.go(-1)\">Voltar<\/a>]<\/p>\n","protected":false},"excerpt":{"rendered":"<p>L\u00edder do PSDB, o senador \u00c1lvaro Dias (PR) vai sugerir nesta ter\u00e7a-feira (4) \u00e0 bancada tucana no Senado a cria\u00e7\u00e3o de CPI (comiss\u00e3o parlamentar de inqu\u00e9rito) para apurar o esquema de venda de pareceres e tr\u00e1fico de influ\u00eancia no governo, investigado pela Pol\u00edcia Federal na Opera\u00e7\u00e3o Porto Seguro.<\/p>\n","protected":false},"author":1,"featured_media":0,"comment_status":"open","ping_status":"open","sticky":false,"template":"","format":"standard","meta":{"footnotes":""},"categories":[27],"tags":[],"class_list":["post-19863","post","type-post","status-publish","format-standard","hentry","category-noticias"],"_links":{"self":[{"href":"https:\/\/antonini.psc.br\/index.php?rest_route=\/wp\/v2\/posts\/19863","targetHints":{"allow":["GET"]}}],"collection":[{"href":"https:\/\/antonini.psc.br\/index.php?rest_route=\/wp\/v2\/posts"}],"about":[{"href":"https:\/\/antonini.psc.br\/index.php?rest_route=\/wp\/v2\/types\/post"}],"author":[{"embeddable":true,"href":"https:\/\/antonini.psc.br\/index.php?rest_route=\/wp\/v2\/users\/1"}],"replies":[{"embeddable":true,"href":"https:\/\/antonini.psc.br\/index.php?rest_route=%2Fwp%2Fv2%2Fcomments&post=19863"}],"version-history":[{"count":1,"href":"https:\/\/antonini.psc.br\/index.php?rest_route=\/wp\/v2\/posts\/19863\/revisions"}],"predecessor-version":[{"id":30157,"href":"https:\/\/antonini.psc.br\/index.php?rest_route=\/wp\/v2\/posts\/19863\/revisions\/30157"}],"wp:attachment":[{"href":"https:\/\/antonini.psc.br\/index.php?rest_route=%2Fwp%2Fv2%2Fmedia&parent=19863"}],"wp:term":[{"taxonomy":"category","embeddable":true,"href":"https:\/\/antonini.psc.br\/index.php?rest_route=%2Fwp%2Fv2%2Fcategories&post=19863"},{"taxonomy":"post_tag","embeddable":true,"href":"https:\/\/antonini.psc.br\/index.php?rest_route=%2Fwp%2Fv2%2Ftags&post=19863"}],"curies":[{"name":"wp","href":"https:\/\/api.w.org\/{rel}","templated":true}]}}