{"id":19870,"date":"2013-10-18T04:51:46","date_gmt":"2013-10-18T04:51:46","guid":{"rendered":"http:\/\/antonini.med.br\/blog\/?p=19870"},"modified":"2022-02-15T02:40:11","modified_gmt":"2022-02-15T02:40:11","slug":"delegado-que-investigou-caso-tayna-agora-esta-na-lista-de-suspeitos-2","status":"publish","type":"post","link":"https:\/\/antonini.psc.br\/?p=19870","title":{"rendered":"Delegado que investigou caso Tayn\u00e1 agora est\u00e1 na lista de suspeitos"},"content":{"rendered":"<p style=\"text-align: justify;\">O Minist\u00e9rio P\u00fablico do Paran\u00e1 (<strong>MP-PR<\/strong>) intimou o delegado <strong>Silvan Pereira<\/strong> e outros nove policiais que trabalharam nas investiga\u00e7\u00f5es do assassinato de <strong>Tayn\u00e1 da Silva<\/strong>, no final de junho, a fornecerem material gen\u00e9tico para ser comparado com o s\u00eamen encontrado nas roupas da garota durante a per\u00edcia. O pedido sugere que haja suspeitas de que os policiais estejam envolvidos no crime. A informa\u00e7\u00e3o \u00e9 do telejornal <strong>Paran\u00e1 TV 2\u00aa edi\u00e7\u00e3o<\/strong> desta quinta-feira (12).<!--more--><\/p>\n<p style=\"text-align: justify;\">Tayn\u00e1 desapareceu no dia 25 de junho e foi encontrada morta tr\u00eas dias depois, em um terreno baldio pr\u00f3ximo a um parque de divers\u00f5es em Colombo, na regi\u00e3o metropolitana de Curitiba. Antes que o corpo fosse localizado, a delegacia do <strong>Alto Maracan\u00e3<\/strong>, ent\u00e3o chefiada por Silvan, j\u00e1 havia anunciado os quatro suspeitos e garantido que eles confessaram ter estuprado e matado a menina.<\/p>\n<p style=\"text-align: justify;\">Alguns dias depois, no entanto, a per\u00edcia concluiu que o s\u00eamen encontrado nas roupas de Tayn\u00e1 n\u00e3o pertencia a nenhum dos quatro rapazes. Em seguida, o MP passou a investigar uma suposta pr\u00e1tica de tortura aos suspeitos iniciais, para que confessassem o crime, que teria sido cometida por policiais que atuaram no caso.<\/p>\n<p style=\"text-align: justify;\">Por causa destas acusa\u00e7\u00f5es de tortura, Silvan e os demais policiais foram presos. Os quatro suspeitos iniciais est\u00e3o sob guarda de um programa de prote\u00e7\u00e3o a testemunhas do governo federal.<\/p>\n<p style=\"text-align: justify;\">A reportagem tentou entrar em contato com o advogado de Silvan Pereira, Cl\u00e1udio Dalledone, mas at\u00e9 por volta das 21h ele n\u00e3o foi localizado para comentar o caso.<\/p>\n<p style=\"text-align: justify;\"><strong>Relembre o caso<\/strong><\/p>\n<p style=\"text-align: justify;\">No dia 2 de julho, uma semana ap\u00f3s o desaparecimento da jovem, os quatro suspeitos iniciais j\u00e1 estavam presos e j\u00e1 haviam confessado o crime. Nesta data, contudo, <a href=\"http:\/\/www.gazetadopovo.com.br\/vidaecidadania\/conteudo.phtml?tl=1&amp;id=1387369&amp;tit=Perita-indica-que-jovem-morta-em-Colombo-pode-nao-ter-sido-violentada\" target=\"_blank\" rel=\"noopener\">a perita Jussara Joeckel, do IML, afirmou pela primeira vez que Tayn\u00e1 poderia n\u00e3o ter sido violentada<\/a>, contrariando a tese inicial dos investigadores.<\/p>\n<p style=\"text-align: justify;\">Apesar da revela\u00e7\u00e3o, a Pol\u00edcia Civil finalizou o inqu\u00e9rito no dia 5 daquele m\u00eas, <a href=\"http:\/\/www.gazetadopovo.com.br\/vidaecidadania\/conteudo.phtml?tl=1&amp;id=1388419&amp;tit=Caso-Tayna-policia-confirma-estupro-seguido-de-morte\" target=\"_blank\" rel=\"noopener\">refor\u00e7ando a primeira teoria<\/a>: que os quatro rapazes teriam de fato estuprado e estrangulado a garota. No dia 12, no entanto, o resultado de exame de DNA <a href=\"http:\/\/www.gazetadopovo.com.br\/vidaecidadania\/conteudo.phtml?tl=1&amp;id=1390303&amp;tit=Contraprova-confirma-semen-no-corpo-de-Tayna-nao-e-de-suspeitos-presos\" target=\"_blank\" rel=\"noopener\">indicou que o s\u00eamen encontrado na calcinha da garota n\u00e3o \u00e9 compat\u00edvel<\/a> com o material gen\u00e9tico de nenhum dos quatro acusados.<\/p>\n<p style=\"text-align: justify;\">Esses fatos geraram uma mudan\u00e7a no comando da investiga\u00e7\u00e3o policial do crime. Desde a conclus\u00e3o do inqu\u00e9rito pela delegacia do Alto Maracan\u00e3, em Colombo, o caso j\u00e1 contava com a participa\u00e7\u00e3o do Minist\u00e9rio P\u00fablico. O laudo tamb\u00e9m motivou uma visita da Comiss\u00e3o de Direitos Humanos da OAB-PR aos suspeitos, que relatavam que foram <a href=\"http:\/\/www.gazetadopovo.com.br\/vidaecidadania\/conteudo.phtml?tl=1&amp;id=1389553&amp;tit=Defesa-diz-que-acusados-pela-morte-de-Tayna-confessaram-sob-tortura\" target=\"_blank\" rel=\"noopener\">torturados pela pol\u00edcia para confessar os crimes<\/a>.<\/p>\n<p style=\"text-align: justify;\">No dia 12 de julho, o MP afirmou que os ind\u00edcios coletados <a href=\"http:\/\/www.gazetadopovo.com.br\/vidaecidadania\/conteudo.phtml?tl=1&amp;id=1390338&amp;tit=Caso-Tayna-laudos-comprovam-envolvimento-de-acusados-diz-MP-PR\" target=\"_blank\" rel=\"noopener\">relacionam os suspeitos presos ao crime<\/a>. Mas, no dia 14 de julho, o promotor Paulo de Lima se manifestou em sentido contr\u00e1rio, afirmando que as provas presentes no inqu\u00e9rito <a href=\"http:\/\/www.gazetadopovo.com.br\/vidaecidadania\/conteudo.phtml?tl=1&amp;id=1390717&amp;tit=MP-pede-soltura-de-suspeitos-do-caso-Tayna-Cope-assume-delegacia\" target=\"_blank\" rel=\"noopener\">n\u00e3o sustentam uma den\u00fancia e pedindo a soltura dos suspeitos<\/a>. Nesse meio tempo, o at\u00e9 ent\u00e3o advogado de defesa dos suspeitos presos, Roberto Rolim de Moura Junior, <a href=\"http:\/\/www.gazetadopovo.com.br\/vidaecidadania\/conteudo.phtml?tl=1&amp;id=1390717&amp;tit=MP-pede-soltura-de-suspeitos-do-caso-Tayna-Cope-assume-delegacia\" target=\"_blank\" rel=\"noopener\">foi destitu\u00eddo, sendo substitu\u00eddo por Andrey Salmazo Poubel<\/a>.<\/p>\n<p style=\"text-align: justify;\">No dia 15 de julho, o ex-defensor afirmou que foi <a href=\"http:\/\/www.gazetadopovo.com.br\/vidaecidadania\/conteudo.phtml?tl=1&amp;id=1390939&amp;tit=Ex-advogado-de-defesa-diz-ter-sido-hostilizado-durante-depoimentos\" target=\"_blank\" rel=\"noopener\">hostilizado durante o depoimento de seus ent\u00e3o clientes na Sesp<\/a>. No mesmo dia, durante a tarde, os <a href=\"http:\/\/www.gazetadopovo.com.br\/vidaecidadania\/conteudo.phtml?tl=1&amp;id=1391199&amp;tit=Suspeitos-da-morte-de-Tayna-sao-soltos-apos-18-dias-na-prisao\" target=\"_blank\" rel=\"noopener\">quatro presos foram soltos e levados a um pouso provis\u00f3rio pelo Gaeco<\/a>. No mesmo dia, foi feito o<a href=\"http:\/\/www.gazetadopovo.com.br\/vidaecidadania\/conteudo.phtml?id=1390819&amp;tit=Policiais-serao-presos-por-tortura-no-caso-Tayna\" target=\"_blank\" rel=\"noopener\"> pedido de pris\u00e3o preventiva de 15 policiais denunciados por supostas torturas<\/a> ocorridas nas apura\u00e7\u00f5es da morte da adolescente.<\/p>\n<p style=\"text-align: justify;\">Ainda em 15 de julho, <a href=\"http:\/\/www.gazetadopovo.com.br\/vidaecidadania\/conteudo.phtml?id=1392011&amp;tit=Acusados-no-caso-Tayna-sao-incluidos-em-programa-de-protecao-a-testemunhas\" target=\"_blank\" rel=\"noopener\">os quatro suspeitos foram inclu\u00eddos no programa de prote\u00e7\u00e3o a testemunhas<\/a>. No mesmo dia, <a href=\"http:\/\/www.gazetadopovo.com.br\/vidaecidadania\/conteudo.phtml?tl=1&amp;id=1391923&amp;tit=Dez-dos-14-mandados-de-prisao-por-tortura-no-caso-Tayna-foram-cumpridos\" target=\"_blank\" rel=\"noopener\">12 dos 14 que tiveram pris\u00e3o decretada no suposto caso de tortura foram detidos<\/a> &#8211; sendo que a maior parte deles se entregou espontaneamente. O delegado Silvan Pereira, considerado foragido, foi detido no dia 19 de julho.<\/p>\n<p style=\"text-align: justify;\">Diante das suspeitas de tortura, <a href=\"http:\/\/www.gazetadopovo.com.br\/vidaecidadania\/conteudo.phtml?id=1395886&amp;tit=MP-PR-denuncia-18-policiais-por-tortura-no-caso-Tayna\" target=\"_blank\" rel=\"noopener\">o Gaeco formalizou, no dia 1 de agosto<\/a>, den\u00fancia contra 21 pessoas que teriam participado ou se omitido na suposta coa\u00e7\u00e3o aos quatro rapazes, processo no qual em um primeiro momento <a href=\"http:\/\/www.gazetadopovo.com.br\/vidaecidadania\/conteudo.phtml?id=1399829&amp;tit=Justica-aceita-denuncia-contra-16-no-caso-Tayna\" target=\"_blank\" rel=\"noopener\">16 tiveram a den\u00fancia aceita<\/a> devido a um desmembramento do processo. Os outros cinco teriam cometido viol\u00eancia em Arauc\u00e1ria e em Campo Largo, o que impossibilitaria a Vara Criminal de Colombo de julgar o caso.<\/p>\n<p style=\"text-align: justify;\">No \u00faltimo dia 14, o <a href=\"http:\/\/www.gazetadopovo.com.br\/vidaecidadania\/conteudo.phtml?id=1399997&amp;tit=MP-afirma-ter-recebido-novas-provas-sobre-a-morte-de-Tayna\" target=\"_blank\" rel=\"noopener\">MP-PR afirmou ter recebido novas provas materiais<\/a> quando o novo inqu\u00e9rito foi entregue, mas n\u00e3o detalhou quais seriam os ind\u00edcios por estarem em segredo de justi\u00e7a. Na mesma data, o MP recebeu da Pol\u00edcia um pedido de prorroga\u00e7\u00e3o do prazo para entrega do inqu\u00e9rito.<\/p>\n<p style=\"text-align: justify;\">Na \u00faltima sexta-feira (23), o MP pediu \u00e0 Justi\u00e7a autoriza\u00e7\u00e3o para exumar o corpo da Tayn\u00e1 em busca de &#8220;ind\u00edcios complementares&#8221;, e a <a href=\"http:\/\/www.gazetadopovo.com.br\/vidaecidadania\/conteudo.phtml?id=1403700\" target=\"_blank\" rel=\"noopener\">requisi\u00e7\u00e3o foi concedida<\/a> na \u00faltima segunda (26). O mesmo pedido <a href=\"http:\/\/www.gazetadopovo.com.br\/vidaecidadania\/conteudo.phtml?id=1403381&amp;tit=&amp;tit=Justica-nega-pedido-de-exumacao-do-corpo-de-Tayna\" target=\"_blank\" rel=\"noopener\">havia sido negado<\/a> \u00e0 fam\u00edlia da v\u00edtima.<\/p>\n<p style=\"text-align: justify;\">O corpo foi exumado na \u00faltima quarta (28), dentro do cemit\u00e9rio onde Tayn\u00e1 foi enterrada. O exame, que durou pouco mais de duas horas, <a href=\"http:\/\/www.gazetadopovo.com.br\/vidaecidadania\/conteudo.phtml?id=1403726\" target=\"_blank\" rel=\"noopener\">foi considerado importante para ajudar a elucidar o crime<\/a>, segundo o promotor Paulo de Lima, do MP. No mesmo dia, o \u00f3rg\u00e3o anunciou ter concedido \u00e0 Pol\u00edcia o prazo de mais trinta dias para a investiga\u00e7\u00e3o, que passa a contar a partir desta quinta-feira (29).<\/p>\n<p style=\"text-align: justify;\">&#8212;&#8212;&#8212;&#8212;&#8212;&#8212;&#8212;&#8212;&#8212;&#8212;&#8212;&#8212;&#8212;&#8212;&#8212;&#8211;<\/p>\n<p style=\"text-align: justify;\">Puta que pariu! S\u00f3 falta o delegado ter estuprado e matado a garotinha.<\/p>\n<p style=\"text-align: center;\">[<a href=\"javascript:history.go(-1)\">Voltar<\/a>]<\/p>\n","protected":false},"excerpt":{"rendered":"<p>O Minist\u00e9rio P\u00fablico do Paran\u00e1 (MP-PR) intimou o delegado Silvan Pereira e outros nove policiais que trabalharam nas investiga\u00e7\u00f5es do assassinato de Tayn\u00e1 da Silva, no final de junho, a fornecerem material gen\u00e9tico para ser comparado com o s\u00eamen encontrado nas roupas da garota durante a per\u00edcia. O pedido sugere que haja suspeitas de que [&hellip;]<\/p>\n","protected":false},"author":1,"featured_media":0,"comment_status":"open","ping_status":"open","sticky":false,"template":"","format":"standard","meta":{"footnotes":""},"categories":[27],"tags":[],"class_list":["post-19870","post","type-post","status-publish","format-standard","hentry","category-noticias"],"_links":{"self":[{"href":"https:\/\/antonini.psc.br\/index.php?rest_route=\/wp\/v2\/posts\/19870","targetHints":{"allow":["GET"]}}],"collection":[{"href":"https:\/\/antonini.psc.br\/index.php?rest_route=\/wp\/v2\/posts"}],"about":[{"href":"https:\/\/antonini.psc.br\/index.php?rest_route=\/wp\/v2\/types\/post"}],"author":[{"embeddable":true,"href":"https:\/\/antonini.psc.br\/index.php?rest_route=\/wp\/v2\/users\/1"}],"replies":[{"embeddable":true,"href":"https:\/\/antonini.psc.br\/index.php?rest_route=%2Fwp%2Fv2%2Fcomments&post=19870"}],"version-history":[{"count":1,"href":"https:\/\/antonini.psc.br\/index.php?rest_route=\/wp\/v2\/posts\/19870\/revisions"}],"predecessor-version":[{"id":30155,"href":"https:\/\/antonini.psc.br\/index.php?rest_route=\/wp\/v2\/posts\/19870\/revisions\/30155"}],"wp:attachment":[{"href":"https:\/\/antonini.psc.br\/index.php?rest_route=%2Fwp%2Fv2%2Fmedia&parent=19870"}],"wp:term":[{"taxonomy":"category","embeddable":true,"href":"https:\/\/antonini.psc.br\/index.php?rest_route=%2Fwp%2Fv2%2Fcategories&post=19870"},{"taxonomy":"post_tag","embeddable":true,"href":"https:\/\/antonini.psc.br\/index.php?rest_route=%2Fwp%2Fv2%2Ftags&post=19870"}],"curies":[{"name":"wp","href":"https:\/\/api.w.org\/{rel}","templated":true}]}}