{"id":19875,"date":"2013-10-18T04:55:03","date_gmt":"2013-10-18T04:55:03","guid":{"rendered":"http:\/\/antonini.med.br\/blog\/?p=19875"},"modified":"2022-02-15T02:40:11","modified_gmt":"2022-02-15T02:40:11","slug":"jovem-teve-noite-de-bebedeira-apos-estuprar-e-matar-menina-na-rocinha-diz-policia","status":"publish","type":"post","link":"https:\/\/antonini.psc.br\/?p=19875","title":{"rendered":"Jovem teve &#8220;noite de bebedeira&#8221; ap\u00f3s estuprar e matar menina na Rocinha, diz pol\u00edcia"},"content":{"rendered":"<p style=\"text-align: justify;\">O homem de 22 anos que confessou ter estuprado e assassinado a menina Rebeca dos Santos, 9, no \u00faltimo s\u00e1bado (28), na favela da Rocinha, na zona sul do Rio de Janeiro, teve uma &#8220;noite de bebedeira&#8221; ap\u00f3s cometer os crimes, segundo o delegado-assistente da Divis\u00e3o de Homic\u00eddios da Pol\u00edcia Civil, Henrique Damasceno.<!--more--><\/p>\n<p style=\"text-align: justify;\"><img decoding=\"async\" class=\"alignright  wp-image-1986\" alt=\"rebeca_dos_santos\" src=\"http:\/\/antonini.med.br\/blog\/wp-content\/uploads\/2013\/10\/rebeca_dos_santos.jpg\" \/>O criminoso, identificado como Elder Marinho, 22, foi apresentado na manh\u00e3 desta sexta-feira (4) na sede da DH, na Barra da Tijuca, zona oeste da cidade, e disse estar arrependido. &#8220;Queria que a fam\u00edlia me perdoasse&#8221;, afirmou ele, ap\u00f3s responder de forma desconexa a uma s\u00e9rie de perguntas feitas por jornalistas.<\/p>\n<p style=\"text-align: justify;\">Damasceno explicou que o suspeito, natural do Cear\u00e1, morava na Rocinha desde fevereiro deste ano e trabalhava em um condom\u00ednio no bairro de S\u00e3o Conrado, na zona sul. Marinho estava na festa infantil onde Rebeca foi vista pela \u00faltima vez, na qual se comemorava o anivers\u00e1rio de outra crian\u00e7a. Os crimes ocorreram no momento em que ele deixou o local para continuar consumindo cerveja em outro bar da comunidade.<\/p>\n<p style=\"text-align: justify;\">&#8220;Ele estava nesse churrasco, j\u00e1 consumindo bebida alco\u00f3lica. Num determinado momento, ele desceu para outro bar e passou pelo beco onde a menina estava brincando. Foi ali que ele a abordou e a levou para a mata, onde os crimes foram cometidos&#8221;, afirmou o delegado.<\/p>\n<p style=\"text-align: justify;\">Em depoimento, de acordo com Damasceno, Marinho afirmou que os crimes n\u00e3o foram premeditados. &#8220;Na vers\u00e3o dele, foi um &#8216;ato de momento&#8217;. Ele diz que est\u00e1 arrependido, mas esse n\u00e3o \u00e9 o primeiro crime dessa natureza&#8221;, declarou Damasceno, que aguarda informa\u00e7\u00f5es da Pol\u00edcia Civil do Cear\u00e1 para incluir no inqu\u00e9rito outro crime de estupro seguido de morte que teria sido cometido pelo jovem.<\/p>\n<p style=\"text-align: justify;\">Marinho contou ainda que, ao abordar Rebeca, deixou o seu aparelho celular cair no ch\u00e3o do beco. Ap\u00f3s estuprar e estrangular a menina, o criminoso se dirigiu a um bar da comunidade, onde passou a madrugada bebendo. No dia seguinte, ele retornou ao local para pegar o telefone m\u00f3vel.<\/p>\n<p style=\"text-align: justify;\">&#8220;Ele sequer se recorda do hor\u00e1rio que terminou a sua noite de bebedeira naquele dia. (&#8230;) A confiss\u00e3o dele mostra que ele \u00e9 uma pessoa extremamente fria. Isso foi cabalmente demonstrado durante a investiga\u00e7\u00e3o&#8221;, disse Damasceno.<\/p>\n<h3>Tentativa de fuga<\/h3>\n<div class=\"imgwrapper\" style=\"width: 300px; text-align: center; float: left; margin: 0px 20px 20px 0px;\"><img decoding=\"async\" style=\"float: left; cursor: pointer;\" onclick=\"window.open('http:\/\/antonini.med.br\/img\/estuprador_rebeca.jpg', 'pop', 'toolbar=0, location=0, directories=0, status=0, menubar=0, scrollbars=0, copyhistory=0, resizable=1, width=976, height=525, left=0, top=0'); if((navigator.appName=='Microsoft Internet Explorer' &amp;&amp; navigator.appVersion.substring(0,3)=='4.0')==false) pop.focus();\" alt=\"Clique para ampliar\" src=\"http:\/\/antonini.med.br\/img\/estuprador_rebeca.jpg\" width=\"300\" \/>Clique para ampliar<\/div>\n<p style=\"text-align: justify;\">O delegado afirmou tamb\u00e9m que o criminoso planejava retornar ao Cear\u00e1 para escapar de uma eventual pris\u00e3o. Ele havia pedido demiss\u00e3o dois dias ap\u00f3s cometer os crimes e estava com passagem de \u00f4nibus comprada para esta sexta, \u00e0s 10h.<\/p>\n<p style=\"text-align: justify;\">Ele estava nesse churrasco, j\u00e1 consumindo bebida alco\u00f3lica. Num determinado momento, ele desceu para outro bar e passou pelo beco onde a menina estava brincando. Foi ali que ele a abordou e a levou para a mata, onde os crimes foram cometidos&#8221;, afirmou o delegado.<\/p>\n<p style=\"text-align: justify;\">Em depoimento, de acordo com Damasceno, Marinho afirmou que os crimes n\u00e3o foram premeditados. &#8220;Na vers\u00e3o dele, foi um &#8216;ato de momento&#8217;. Ele diz que est\u00e1 arrependido, mas esse n\u00e3o \u00e9 o primeiro crime dessa natureza&#8221;, declarou Damasceno, que aguarda informa\u00e7\u00f5es da Pol\u00edcia Civil do Cear\u00e1 para incluir no inqu\u00e9rito outro crime de estupro seguido de morte que teria sido cometido pelo jovem.<\/p>\n<p style=\"text-align: justify;\">Marinho contou ainda que, ao abordar Rebeca, deixou o seu aparelho celular cair no ch\u00e3o do beco. Ap\u00f3s estuprar e estrangular a menina, o criminoso se dirigiu a um bar da comunidade, onde passou a madrugada bebendo. No dia seguinte, ele retornou ao local para pegar o telefone m\u00f3vel.<\/p>\n<p style=\"text-align: justify;\">&#8220;Ele sequer se recorda do hor\u00e1rio que terminou a sua noite de bebedeira naquele dia. (&#8230;) A confiss\u00e3o dele mostra que ele \u00e9 uma pessoa extremamente fria. Isso foi cabalmente demonstrado durante a investiga\u00e7\u00e3o&#8221;, disse Damasceno.<\/p>\n<h3 style=\"text-align: justify;\">Tentativa de fuga<\/h3>\n<p style=\"text-align: justify;\">O delegado afirmou tamb\u00e9m que o criminoso planejava retornar ao Cear\u00e1 para escapar de uma eventual pris\u00e3o. Ele havia pedido demiss\u00e3o dois dias ap\u00f3s cometer os crimes e estava com passagem de \u00f4nibus comprada para esta sexta, \u00e0s 10h.<\/p>\n<p style=\"text-align: justify;\">&#8220;Fizemos uma busca constante em v\u00e1rias comunidades, incluindo os arredores da Rocinha. Tamb\u00e9m estivemos na Rodovi\u00e1ria Novo Rio, pois havia uma informa\u00e7\u00e3o de que ele pretendia fugir para o Cear\u00e1. (&#8230;) A coleta de informa\u00e7\u00f5es e o trabalho de campo foram fundamentais para o desfecho da investiga\u00e7\u00e3o&#8221;, declarou Damasceno.<\/p>\n<p style=\"text-align: justify;\">Al\u00e9m de estar com o telefone m\u00f3vel de Rebeca, Marinho vestia as mesmas roupas utilizadas por ele &#8211;casaco e bermuda&#8211; na noite de s\u00e1bado. &#8220;Isso eliminou qualquer d\u00favida no momento da pris\u00e3o&#8221;, disse o delegado.<\/p>\n<p style=\"text-align: justify;\">Marinho foi indiciado por homic\u00eddio duplamente qualificado &#8211;por motivo torpe e impossibilidade de defesa da v\u00edtima&#8211; e estupro de vulner\u00e1vel. Se condenado, pode ser punido com at\u00e9 45 anos de pris\u00e3o, informou a Pol\u00edcia Civil.<\/p>\n<p style=\"text-align: center;\">[<a href=\"javascript:history.go(-1)\">Voltar<\/a>]<\/p>\n","protected":false},"excerpt":{"rendered":"<p>O homem de 22 anos que confessou ter estuprado e assassinado a menina Rebeca dos Santos, 9, no \u00faltimo s\u00e1bado (28), na favela da Rocinha, na zona sul do Rio de Janeiro, teve uma &#8220;noite de bebedeira&#8221; ap\u00f3s cometer os crimes, segundo o delegado-assistente da Divis\u00e3o de Homic\u00eddios da Pol\u00edcia Civil, Henrique Damasceno.<\/p>\n","protected":false},"author":1,"featured_media":0,"comment_status":"open","ping_status":"open","sticky":false,"template":"","format":"standard","meta":{"footnotes":""},"categories":[27],"tags":[],"class_list":["post-19875","post","type-post","status-publish","format-standard","hentry","category-noticias"],"_links":{"self":[{"href":"https:\/\/antonini.psc.br\/index.php?rest_route=\/wp\/v2\/posts\/19875","targetHints":{"allow":["GET"]}}],"collection":[{"href":"https:\/\/antonini.psc.br\/index.php?rest_route=\/wp\/v2\/posts"}],"about":[{"href":"https:\/\/antonini.psc.br\/index.php?rest_route=\/wp\/v2\/types\/post"}],"author":[{"embeddable":true,"href":"https:\/\/antonini.psc.br\/index.php?rest_route=\/wp\/v2\/users\/1"}],"replies":[{"embeddable":true,"href":"https:\/\/antonini.psc.br\/index.php?rest_route=%2Fwp%2Fv2%2Fcomments&post=19875"}],"version-history":[{"count":1,"href":"https:\/\/antonini.psc.br\/index.php?rest_route=\/wp\/v2\/posts\/19875\/revisions"}],"predecessor-version":[{"id":30154,"href":"https:\/\/antonini.psc.br\/index.php?rest_route=\/wp\/v2\/posts\/19875\/revisions\/30154"}],"wp:attachment":[{"href":"https:\/\/antonini.psc.br\/index.php?rest_route=%2Fwp%2Fv2%2Fmedia&parent=19875"}],"wp:term":[{"taxonomy":"category","embeddable":true,"href":"https:\/\/antonini.psc.br\/index.php?rest_route=%2Fwp%2Fv2%2Fcategories&post=19875"},{"taxonomy":"post_tag","embeddable":true,"href":"https:\/\/antonini.psc.br\/index.php?rest_route=%2Fwp%2Fv2%2Ftags&post=19875"}],"curies":[{"name":"wp","href":"https:\/\/api.w.org\/{rel}","templated":true}]}}