{"id":19884,"date":"2013-10-18T05:03:53","date_gmt":"2013-10-18T05:03:53","guid":{"rendered":"http:\/\/antonini.med.br\/blog\/?p=19884"},"modified":"2022-02-15T02:40:11","modified_gmt":"2022-02-15T02:40:11","slug":"policia-confirma-estupro-de-menina-morta-na-rocinha-e-analisa-cameras-de-upp","status":"publish","type":"post","link":"https:\/\/antonini.psc.br\/?p=19884","title":{"rendered":"Pol\u00edcia confirma estupro de menina morta na Rocinha e analisa c\u00e2meras de UPP"},"content":{"rendered":"<p style=\"text-align: justify;\">A Divis\u00e3o de Homic\u00eddios da Pol\u00edcia Civil do Rio de Janeiro confirmou nesta segunda-feira (30) que Rebeca Miranda Carvalho dos Santos, 9, foi estuprada antes de ser assassinada por esganadura na favela da Rocinha, na zona sul da cidade, na noite de s\u00e1bado (28).<!--more--><\/p>\n<div class=\"imgwrapper\" style=\"width: 615px; margin: 5px auto 25px; text-align: justify;\"><img decoding=\"async\" style=\"display: block; text-align: center;\" alt=\"O funeral de Rebeca foi realizado no cemit\u00e9rio S\u00e3o Jo\u00e3o Batista, em Botafogo, no Rio, na manh\u00e3 desta segunda-feira (30)\" src=\"http:\/\/imguol.com\/c\/noticias\/2013\/09\/30\/30set2013---o-funeral-de-rebeca-miranda-carvalho-9-que-foi-encontrada-morta-por-policiais-da-upp-unidade-de-policia-pacificadora-em-um-terreno-baldio-na-rocinha-com-sinais-aparentes-de-estupro-e-1380546802516_615x300.jpg\" width=\"615\" \/>O funeral de Rebeca foi realizado no cemit\u00e9rio S\u00e3o Jo\u00e3o Batista, em Botafogo, no Rio, na manh\u00e3 desta segunda-feira (30)<\/div>\n<div>\n<div>\n<p style=\"text-align: justify;\">Segundo o chefe de opera\u00e7\u00f5es da delegacia, Rafael Rangel, o abuso sexual foi constatado em laudo do IML (Instituto M\u00e9dico-Legal). O policial tamb\u00e9m afirmou que a UPP (Unidade de Pol\u00edcia Pacificadora) da Rocinha encaminhou ao ICCE (Instituto de Criminal\u00edstica Carlos \u00c9boli) c\u00f3pia do conte\u00fado das c\u00e2meras de seguran\u00e7a da favela.<\/p>\n<p style=\"text-align: justify;\">As imagens podem mostrar uma eventual movimenta\u00e7\u00e3o suspeita no dia do crime, de acordo com o chefe de opera\u00e7\u00f5es. &#8220;A UPP reservou essas imagens e elas j\u00e1 est\u00e3o sendo analisadas. N\u00e3o existe um prazo para que isso ocorra. Temos 30 dias para concluir o inqu\u00e9rito&#8221;, disse.<\/p>\n<p style=\"text-align: justify;\">O corpo da v\u00edtima foi encontrado na manh\u00e3 de domingo (29) em uma localidade conhecida como Cachopa, onde h\u00e1 um posto da UPP. Uma per\u00edcia foi realizada no local, e sete testemunhas foram ouvidas at\u00e9 o in\u00edcio da tarde desta segunda.<\/p>\n<p style=\"text-align: justify;\">Rebeca estava em uma festa infantil na comunidade e sumiu em circunst\u00e2ncias ainda n\u00e3o esclarecidas pela DH. A m\u00e3e da crian\u00e7a, Maria Miranda de Mesquita, foi ouvida no dia do registro do boletim de ocorr\u00eancia, mas n\u00e3o conseguiu dar informa\u00e7\u00f5es concretas em raz\u00e3o do choque emocional. Ela deve prestar novo depoimento durante a semana.<\/p>\n<p style=\"text-align: justify;\">Os investigadores tamb\u00e9m trabalham para identificar novas testemunhas. No domingo, um menino &#8211;cuja idade n\u00e3o foi informada&#8211; afirmou \u00e0 pol\u00edcia ter visto um homem vestido com um casaco na companhia de Rebeca pouco antes do desaparecimento. O depoente seria morador da Rocinha e tamb\u00e9m estava na festa.<\/p>\n<p style=\"text-align: justify;\">&#8220;N\u00e3o podemos entrar em detalhes. Os depoimentos de menores s\u00e3o sempre vistos com reserva. Esse menino foi ouvido por dois psic\u00f3logos&#8221;, disse Rangel.<\/p>\n<\/div>\n<\/div>\n<p style=\"text-align: center;\">[<a href=\"javascript:history.go(-1)\">Voltar<\/a>]<\/p>\n","protected":false},"excerpt":{"rendered":"<p>A Divis\u00e3o de Homic\u00eddios da Pol\u00edcia Civil do Rio de Janeiro confirmou nesta segunda-feira (30) que Rebeca Miranda Carvalho dos Santos, 9, foi estuprada antes de ser assassinada por esganadura na favela da Rocinha, na zona sul da cidade, na noite de s\u00e1bado (28).<\/p>\n","protected":false},"author":1,"featured_media":0,"comment_status":"open","ping_status":"open","sticky":false,"template":"","format":"standard","meta":{"footnotes":""},"categories":[27],"tags":[],"class_list":["post-19884","post","type-post","status-publish","format-standard","hentry","category-noticias"],"_links":{"self":[{"href":"https:\/\/antonini.psc.br\/index.php?rest_route=\/wp\/v2\/posts\/19884","targetHints":{"allow":["GET"]}}],"collection":[{"href":"https:\/\/antonini.psc.br\/index.php?rest_route=\/wp\/v2\/posts"}],"about":[{"href":"https:\/\/antonini.psc.br\/index.php?rest_route=\/wp\/v2\/types\/post"}],"author":[{"embeddable":true,"href":"https:\/\/antonini.psc.br\/index.php?rest_route=\/wp\/v2\/users\/1"}],"replies":[{"embeddable":true,"href":"https:\/\/antonini.psc.br\/index.php?rest_route=%2Fwp%2Fv2%2Fcomments&post=19884"}],"version-history":[{"count":1,"href":"https:\/\/antonini.psc.br\/index.php?rest_route=\/wp\/v2\/posts\/19884\/revisions"}],"predecessor-version":[{"id":30153,"href":"https:\/\/antonini.psc.br\/index.php?rest_route=\/wp\/v2\/posts\/19884\/revisions\/30153"}],"wp:attachment":[{"href":"https:\/\/antonini.psc.br\/index.php?rest_route=%2Fwp%2Fv2%2Fmedia&parent=19884"}],"wp:term":[{"taxonomy":"category","embeddable":true,"href":"https:\/\/antonini.psc.br\/index.php?rest_route=%2Fwp%2Fv2%2Fcategories&post=19884"},{"taxonomy":"post_tag","embeddable":true,"href":"https:\/\/antonini.psc.br\/index.php?rest_route=%2Fwp%2Fv2%2Ftags&post=19884"}],"curies":[{"name":"wp","href":"https:\/\/api.w.org\/{rel}","templated":true}]}}