{"id":19954,"date":"2013-10-21T13:09:34","date_gmt":"2013-10-21T13:09:34","guid":{"rendered":"http:\/\/antonini.med.br\/blog\/?p=19954"},"modified":"2022-02-15T02:40:10","modified_gmt":"2022-02-15T02:40:10","slug":"casa-natal-da-espia-mata-hari-e-destruida-por-incendio","status":"publish","type":"post","link":"https:\/\/antonini.psc.br\/?p=19954","title":{"rendered":"Casa natal da espi\u00e3 Mata Hari \u00e9 destru\u00edda por inc\u00eandio"},"content":{"rendered":"<p style=\"text-align: justify;\">Um inc\u00eandio destruiu na Holanda a casa em que supostamente nasceu Mata Hari, dan\u00e7arina e espi\u00e3 da Primeira Guerra Mundial, informou a imprensa local neste domingo.<!--more--><\/p>\n<p style=\"text-align: justify;\">Um homem morreu no inc\u00eandio, que ocorreu na noite de s\u00e1bado na cidade de Leeuwarden, 140 km ao norte de Amsterd\u00e3.<\/p>\n<div class=\"imgwrapper\" style=\"width: 550px; margin: 20px auto; text-align: justify;\"><img decoding=\"async\" class=\"aligncenter size-full wp-image-19956\" style=\"display: block; text-align: center; cursor: pointer;\" onclick=\"window.open('http:\/\/antonini.med.br\/blog\/wp-content\/uploads\/2013\/10\/13293108.jpeg', 'pop', 'toolbar=0, location=0, directories=0, status=0, menubar=0, scrollbars=0, copyhistory=0, resizable=1, width=655, height=448, left=0, top=0'); if((navigator.appName=='Microsoft Internet Explorer' &amp;&amp; navigator.appVersion.substring(0,3)=='4.0')==false) pop.focus();\" alt=\" Casa onde supostamente nasceu a dan\u00e7arina e espi\u00e3 Mata Hari, na cidade de Leeuwarden, na Holanda, \u00e9 destru\u00edda por inc\u00eandio\" src=\"http:\/\/antonini.med.br\/blog\/wp-content\/uploads\/2013\/10\/13293108.jpeg\" width=\"550\" \/> Casa onde supostamente nasceu a dan\u00e7arina e espi\u00e3 Mata Hari, na cidade de Leeuwarden, na Holanda, \u00e9 destru\u00edda por inc\u00eandio<\/div>\n<div>\n<p style=\"text-align: justify;\">O fogo destruiu v\u00e1rias constru\u00e7\u00f5es, incluindo a casa em que Mata Hari, ou Margaretha Geertruida Zelle, teria nascido em 7 de agosto de 1876.<\/p>\n<p style=\"text-align: justify;\">Dezenas de fotografias, o primeiro boletim escolar e outros objetos de Mata Hari foram queimados, de acordo com o vereador local Wyb Feddeman, que \u00e9 dono de um sal\u00e3o de cabeleireiro que leva o nome da dan\u00e7arina.<\/p>\n<p style=\"text-align: justify;\"><b>HIST\u00d3RIA<\/b><\/p>\n<p style=\"text-align: justify;\">Margaretha Geertruida Zelle viajou para Paris em 1903, onde se tornou famosa em toda a Europa por causa de suas dan\u00e7as ex\u00f3ticas e de sua liga\u00e7\u00e3o com v\u00e1rios homens da alta sociedade.<\/p>\n<p style=\"text-align: justify;\">Seu nome virou sin\u00f4nimo do arqu\u00e9tipo da &#8220;femme fatale&#8221;.<\/p>\n<p style=\"text-align: justify;\">Mata Hari foi presa e executada por um pelot\u00e3o de fuzilamento em outubro de 1917, aos 41 anos, depois de ser acusada de ser espi\u00e3 alem\u00e3 durante a Primeira Guerra Mundial.<\/p>\n<p style=\"text-align: justify;\">V\u00e1rios filmes foram feitos sobre ela, que foi interpretada por estrelas como Greta Garbo, Zsa Zsa Gabor e Sylvia Kristel.<\/p>\n<div class=\"imgwrapper\" style=\"width: 550px; margin: 20px auto 5px; text-align: justify;\"><img decoding=\"async\" class=\"aligncenter size-full wp-image-19958\" style=\"display: block; text-align: center; cursor: pointer;\" onclick=\"window.open('http:\/\/antonini.med.br\/blog\/wp-content\/uploads\/2013\/10\/13293157.jpeg', 'pop', 'toolbar=0, location=0, directories=0, status=0, menubar=0, scrollbars=1, copyhistory=0, resizable=1, width=672, height=824, left=0, top=0'); if((navigator.appName=='Microsoft Internet Explorer' &amp;&amp; navigator.appVersion.substring(0,3)=='4.0')==false) pop.focus();\" alt=\"A dan\u00e7arina e espi\u00e3 da Primeira Guerra Mundial Mata Hari, morta por um pelot\u00e3o de fuzilamento em 1917, aos 41 anos\" src=\"http:\/\/antonini.med.br\/blog\/wp-content\/uploads\/2013\/10\/13293157.jpeg\" width=\"550\" \/>A dan\u00e7arina e espi\u00e3 da Primeira Guerra Mundial Mata Hari, morta por um pelot\u00e3o de fuzilamento em 1917, aos 41 anos<\/div>\n<\/div>\n<p style=\"text-align: center;\">[<a href=\"javascript:history.go(-1)\">Voltar<\/a>]<\/p>\n","protected":false},"excerpt":{"rendered":"<p>Um inc\u00eandio destruiu na Holanda a casa em que supostamente nasceu Mata Hari, dan\u00e7arina e espi\u00e3 da Primeira Guerra Mundial, informou a imprensa local neste domingo.<\/p>\n","protected":false},"author":1,"featured_media":0,"comment_status":"open","ping_status":"open","sticky":false,"template":"","format":"standard","meta":{"footnotes":""},"categories":[27],"tags":[],"class_list":["post-19954","post","type-post","status-publish","format-standard","hentry","category-noticias"],"_links":{"self":[{"href":"https:\/\/antonini.psc.br\/index.php?rest_route=\/wp\/v2\/posts\/19954","targetHints":{"allow":["GET"]}}],"collection":[{"href":"https:\/\/antonini.psc.br\/index.php?rest_route=\/wp\/v2\/posts"}],"about":[{"href":"https:\/\/antonini.psc.br\/index.php?rest_route=\/wp\/v2\/types\/post"}],"author":[{"embeddable":true,"href":"https:\/\/antonini.psc.br\/index.php?rest_route=\/wp\/v2\/users\/1"}],"replies":[{"embeddable":true,"href":"https:\/\/antonini.psc.br\/index.php?rest_route=%2Fwp%2Fv2%2Fcomments&post=19954"}],"version-history":[{"count":1,"href":"https:\/\/antonini.psc.br\/index.php?rest_route=\/wp\/v2\/posts\/19954\/revisions"}],"predecessor-version":[{"id":30151,"href":"https:\/\/antonini.psc.br\/index.php?rest_route=\/wp\/v2\/posts\/19954\/revisions\/30151"}],"wp:attachment":[{"href":"https:\/\/antonini.psc.br\/index.php?rest_route=%2Fwp%2Fv2%2Fmedia&parent=19954"}],"wp:term":[{"taxonomy":"category","embeddable":true,"href":"https:\/\/antonini.psc.br\/index.php?rest_route=%2Fwp%2Fv2%2Fcategories&post=19954"},{"taxonomy":"post_tag","embeddable":true,"href":"https:\/\/antonini.psc.br\/index.php?rest_route=%2Fwp%2Fv2%2Ftags&post=19954"}],"curies":[{"name":"wp","href":"https:\/\/api.w.org\/{rel}","templated":true}]}}