{"id":20070,"date":"2013-10-30T15:34:20","date_gmt":"2013-10-30T15:34:20","guid":{"rendered":"http:\/\/antonini.med.br\/blog\/?p=20070"},"modified":"2022-02-15T02:40:10","modified_gmt":"2022-02-15T02:40:10","slug":"segunda-versao-do-google-glass-sera-compativel-com-oculos-de-grau-e-sol","status":"publish","type":"post","link":"https:\/\/antonini.psc.br\/?p=20070","title":{"rendered":"Segunda vers\u00e3o do Google Glass ser\u00e1 compat\u00edvel com \u00f3culos de grau e sol"},"content":{"rendered":"<p style=\"text-align: justify;\">\u00a0O Google anunciou que a segunda vers\u00e3o do Glass ser\u00e1 compat\u00edvel com \u00f3culos de grau e sol, na \u00faltima segunda-feira (28). Desenvolvedores que t\u00eam a primeira vers\u00e3o do gadget poder\u00e3o troc\u00e1-lo pelo novo modelo, sem custo adicional.<!--more--><\/p>\n<div class=\"imgwrapper\" style=\"width: 300px; float: right; margin: 0px 0px 5px 5px; text-align: justify;\"><img decoding=\"async\" class=\"alignright size-full wp-image-20072\" style=\"float: right;\" alt=\"Google divulgou na rede social Google+ a nova vers\u00e3o de seus \u00f3culos, que tem fone de ouvido\" src=\"http:\/\/antonini.med.br\/blog\/wp-content\/uploads\/2013\/10\/glass-1.jpg\" width=\"300\" \/>Google divulgou na rede social Google+ a nova vers\u00e3o de seus \u00f3culos, que tem fone de ouvido<\/div>\n<p style=\"text-align: justify;\">Em um post no Google +, a equipe do Glass afirma que al\u00e9m das atualiza\u00e7\u00f5es regulares do software com sugest\u00f5es de melhoria dadas pelos usu\u00e1rios, eles perceberam a necessidade de mudar o hardware. Com isso, o Glass poder\u00e1 ser usado com uma linha futura de lentes de sol e com grau. A empresa n\u00e3o divulgou quanto custar\u00e3o as lentes.<\/p>\n<p style=\"text-align: justify;\">Al\u00e9m disso, o Google acrescentar\u00e1 um fone de ouvido mono, que substituir\u00e1 a solu\u00e7\u00e3o de \u00e1udio atual que funciona com reverbera\u00e7\u00e3o do som pelos ossos da face (em ingl\u00eas, &#8220;bone-conducting speakers&#8221;).<\/p>\n<p style=\"text-align: justify;\">Todos os usu\u00e1rios que compraram o Google Glass at\u00e9 28 de outubro deste ano poder\u00e3o trocar o dispositivo pela segunda vers\u00e3o; \u00e9 necess\u00e1rio se inscrever no programa de troca. Eles tamb\u00e9m poder\u00e3o mudar de cor e dispositivo se quiserem.<\/p>\n<p style=\"text-align: justify;\">O Glass, \u00f3culos futuristas com c\u00e2mera e conex\u00e3o \u00e0 internet, ainda n\u00e3o \u00e9 vendido comercialmente. O Google disponibilizou uma quantidade limitada de dispositivo para desenvolvedores (os quais chama de &#8220;exploradores&#8221;). A expectativa \u00e9 que a empresa inicie a dispositivo no mercado em 2014, mas ainda n\u00e3o h\u00e1\u00a0 data definida.<\/p>\n<p style=\"text-align: justify;\"><strong>Google Glass na medicina<\/strong><br \/>\nO cirurgi\u00e3o norte-americano Christopher Kaeding usou o Google Glass para transmitir ao vivo um procedimento cir\u00fargico no joelho de um paciente de 47 anos a colegas e estudantes da Universidade Estadual de Ohio. &#8220;&#8221;Honestamente, uma vez que a cirurgia come\u00e7ou, eu esqueci que o dispositivo estava ali. Ele parecia muito intuitivo e se encaixou perfeitamente&#8221;&#8221;, disse Kaeding. A universidade espera que no futuro o Glass possa ser comando por voz para pedidos de imagens de raio-x e tomografias, relat\u00f3rios de doen\u00e7as e outros materiais de refer\u00eancia.<\/p>\n<p style=\"text-align: center;\">[<a href=\"javascript:history.go(-1)\">Voltar<\/a>]<\/p>\n","protected":false},"excerpt":{"rendered":"<p>\u00a0O Google anunciou que a segunda vers\u00e3o do Glass ser\u00e1 compat\u00edvel com \u00f3culos de grau e sol, na \u00faltima segunda-feira (28). Desenvolvedores que t\u00eam a primeira vers\u00e3o do gadget poder\u00e3o troc\u00e1-lo pelo novo modelo, sem custo adicional.<\/p>\n","protected":false},"author":1,"featured_media":0,"comment_status":"open","ping_status":"open","sticky":false,"template":"","format":"standard","meta":{"footnotes":""},"categories":[27],"tags":[],"class_list":["post-20070","post","type-post","status-publish","format-standard","hentry","category-noticias"],"_links":{"self":[{"href":"https:\/\/antonini.psc.br\/index.php?rest_route=\/wp\/v2\/posts\/20070","targetHints":{"allow":["GET"]}}],"collection":[{"href":"https:\/\/antonini.psc.br\/index.php?rest_route=\/wp\/v2\/posts"}],"about":[{"href":"https:\/\/antonini.psc.br\/index.php?rest_route=\/wp\/v2\/types\/post"}],"author":[{"embeddable":true,"href":"https:\/\/antonini.psc.br\/index.php?rest_route=\/wp\/v2\/users\/1"}],"replies":[{"embeddable":true,"href":"https:\/\/antonini.psc.br\/index.php?rest_route=%2Fwp%2Fv2%2Fcomments&post=20070"}],"version-history":[{"count":1,"href":"https:\/\/antonini.psc.br\/index.php?rest_route=\/wp\/v2\/posts\/20070\/revisions"}],"predecessor-version":[{"id":30147,"href":"https:\/\/antonini.psc.br\/index.php?rest_route=\/wp\/v2\/posts\/20070\/revisions\/30147"}],"wp:attachment":[{"href":"https:\/\/antonini.psc.br\/index.php?rest_route=%2Fwp%2Fv2%2Fmedia&parent=20070"}],"wp:term":[{"taxonomy":"category","embeddable":true,"href":"https:\/\/antonini.psc.br\/index.php?rest_route=%2Fwp%2Fv2%2Fcategories&post=20070"},{"taxonomy":"post_tag","embeddable":true,"href":"https:\/\/antonini.psc.br\/index.php?rest_route=%2Fwp%2Fv2%2Ftags&post=20070"}],"curies":[{"name":"wp","href":"https:\/\/api.w.org\/{rel}","templated":true}]}}