{"id":20100,"date":"2013-10-31T14:30:22","date_gmt":"2013-10-31T14:30:22","guid":{"rendered":"http:\/\/antonini.med.br\/blog\/?p=20100"},"modified":"2022-02-15T02:40:10","modified_gmt":"2022-02-15T02:40:10","slug":"20100","status":"publish","type":"post","link":"https:\/\/antonini.psc.br\/?p=20100","title":{"rendered":"Agora j\u00e1 \u00e9 \u2018mocinha\u2019!"},"content":{"rendered":"<div>\n<p style=\"text-align: justify;\">\u00a0Saiba quando levar sua filha pela primeira vez ao ginecologista.<!--more--><\/p>\n<div>Por <i><strong>Ana Lis Soares, filha do Marco T\u00falio e da Arlete | <\/strong><\/i>30.10.2013<\/div>\n<div><img decoding=\"async\" style=\"margin: 5px auto; display: block; text-align: center; cursor: pointer;\" onclick=\"window.open('http:\/\/static.revistapaisefilhos.uol.com.br\/uploads\/img\/materias\/materia\/materia_menstru.jpg', 'pop', 'toolbar=0, location=0, directories=0, status=0, menubar=0, scrollbars=0, copyhistory=0, resizable=1, width=639, height=397, left=0, top=0'); if((navigator.appName=='Microsoft Internet Explorer' &amp;&amp; navigator.appVersion.substring(0,3)=='4.0')==false) pop.focus();\" alt=\"\" src=\"http:\/\/static.revistapaisefilhos.uol.com.br\/uploads\/img\/materias\/materia\/materia_menstru.jpg\" width=\"550\" \/><\/div>\n<p style=\"text-align: justify;\">Toda menina, quando tem sua primeira menstrua\u00e7\u00e3o, ouve a velha frase: \u201cvirou mocinha\u201d. Para umas, isso significa vergonha, para outras, alegria&#8230; Mais do que o processo f\u00edsico, a menarca (primeira menstrua\u00e7\u00e3o) envolve um entendimento psicol\u00f3gico do pr\u00f3prio corpo e das mudan\u00e7as que o sangramento traz.<\/p>\n<blockquote>\n<p style=\"text-align: justify;\"><strong>Leia tamb\u00e9m: <a href=\"http:\/\/revistapaisefilhos.uol.com.br\/nossa-crianca\/puberdade-precoce-saiba-como-identificar-e-tratar\">Puberdade precoce saiba como identificar e tratar<\/a><\/strong><\/p>\n<\/blockquote>\n<p style=\"text-align: justify;\"><strong>A primeira vez<\/strong><\/p>\n<p style=\"text-align: justify;\">Devido a tantas mudan\u00e7as, a menina pode ficar assustada ou n\u00e3o entender, e \u00e9 por isso que os ginecologistas recomendam que as m\u00e3es levem as filhas a uma primeira consulta ginecol\u00f3gica antes mesmo de a menarca acontecer. Se isso n\u00e3o for poss\u00edvel, o ideal \u00e9 que a visita aconte\u00e7a logo depois da menstrua\u00e7\u00e3o.<\/p>\n<p style=\"text-align: justify;\">\u201cEsse primeiro contato \u00e9 mais para o diagn\u00f3stico de poss\u00edveis problemas e s\u00edndromes relacionados ao ciclo menstrual. Antigamente, as meninas tinham vergonha dos pais, n\u00e3o entendiam o que estava acontecendo. Tinham medo, porque \u00e9 algo desconhecido. Se o m\u00e9dico bate um papo, explica, ela fica menos assustada\u201d, explica o m\u00e9dico ginecologista Dr. Domingos Mantelli, filho de Domingos e Anna Maria.<\/p>\n<p style=\"text-align: justify;\">Normalmente, alguns exames podem ser pedidos pelos m\u00e9dicos \u2013 exames cl\u00ednicos como o ultrassom p\u00e9lvico e de sangue, al\u00e9m da constru\u00e7\u00e3o de um hist\u00f3rico da menina (que vai conter dados pessoais, as medica\u00e7\u00f5es que usa, se tem algum tipo de patologia etc). \u201cOs exames de sangue s\u00e3o pedidos especialmente para sabermos as dosagens hormonais da paciente. Com tais informa\u00e7\u00f5es, \u00e9 mais f\u00e1cil diagnosticarmos qualquer tipo de problema e acompanharmos seu hist\u00f3rico\u201d, explica Domingos.<\/p>\n<p style=\"text-align: justify;\"><strong>M\u00e3e: dentro ou fora?<\/strong><\/p>\n<p style=\"text-align: justify;\">A companhia da m\u00e3e para a primeira consulta ao ginecologista \u00e9 um dos assuntos mais discutidos relacionados \u00e0 menarca. Afinal, ela traz seguran\u00e7a ou constrangimento? De acordo com o m\u00e9dico, tudo vai depender do que a menina preferir. \u00c9 ela quem vai saber se que a m\u00e3e entre ou n\u00e3o.<\/p>\n<p style=\"text-align: justify;\">Mas ele ressalta que, com meninas menores de 13 anos, \u00e9 prefer\u00edvel que a m\u00e3e fa\u00e7a o acompanhamento para o melhor aproveitamento da consulta, para a seguran\u00e7a da menina e do entendimento. \u201cAs pacientes acima t\u00eam consci\u00eancia e entendem melhor. Ent\u00e3o, elas devem escolher a presen\u00e7a ou n\u00e3o da m\u00e3e. Se a m\u00e3e quer entrar, e a menina n\u00e3o quer, o m\u00e9dico deve orientar que a m\u00e3e n\u00e3o entre, pois isso seria quebra de sigilo m\u00e9dico\u201d, esclarece.<\/p>\n<p style=\"text-align: justify;\">Depois da primeira consulta, caso n\u00e3o tenha nenhuma altera\u00e7\u00e3o, a menina dever\u00e1 voltar ao m\u00e9dico 1 vez por ano. Se tiver, o m\u00e9dico vai orientar as consultas, que podem chegar a cinco vezes ao ano.<\/p>\n<p style=\"text-align: justify;\"><strong>Quando ela vem&#8230;<\/strong><\/p>\n<p style=\"text-align: justify;\">N\u00e3o tem idade certa para a menarca acontecer. Mas, os m\u00e9dicos consideram a faixa entre 10 e 15 anos. Antes disso, \u00e9 considerada precoce e depois disso, tardia. As varia\u00e7\u00f5es v\u00e3o depender de cada pessoa, seu estilo de vida, de alimenta\u00e7\u00e3o e at\u00e9 gen\u00e9tica.<\/p>\n<p style=\"text-align: justify;\">A menarca tardia pode sinalizar alguns problemas. \u201cEsse atraso pode ter muitas causas&#8230; \u00c9 dif\u00edcil enumerar todas. Pode ser desde o h\u00edmen imperfurado que impede essa menstrua\u00e7\u00e3o, m\u00e1 forma\u00e7\u00e3o uterina ou disfun\u00e7\u00e3o hormonal.<\/p>\n<p style=\"text-align: justify;\"><strong>\u00c9 comum<\/strong><\/p>\n<p style=\"text-align: justify;\">Algumas reclama\u00e7\u00f5es comuns das adolescentes nas primeiras menstrua\u00e7\u00f5es s\u00e3o as poss\u00edveis irregularidades, al\u00e9m das c\u00f3licas. A irregularidade \u00e9 comum nos dois ou tr\u00eas primeiros meses de menstrua\u00e7\u00e3o.<\/p>\n<p style=\"text-align: justify;\">Caso a menina ainda continue apresentando um ciclo irregular ap\u00f3s 1 ano, ela deve procurar o seu m\u00e9dico. \u201cIsto pode acontecer por causa da irregularidade do eixo hipotal\u00e2mico hipofis\u00e1rio, que regula os horm\u00f4nios para a menstrua\u00e7\u00e3o. Em alguns casos, \u00e9 necess\u00e1rio dar o anticoncepcional para a mulher ciclar, ou seja, regularizar o ciclo\u201d, diz Dr. Domingos.<\/p>\n<p style=\"text-align: justify;\">J\u00e1 a c\u00f3lica, tamb\u00e9m \u00e9 comum. \u00c9 apenas uma rea\u00e7\u00e3o normal do corpo. \u201cO \u00fatero \u00e9 um m\u00fasculo e ele se contrai durante a menstrua\u00e7\u00e3o. Quando isso acontece, a mulher sente dor. Na menarca, a menina pode estranhar, o corpo estranha e elas costumam reclamar bastante\u201d, explica.<\/p>\n<p style=\"text-align: justify;\"><strong>Consultoria: M\u00e9dico ginecologista Dr. Domingos Mantelli, filho de Domingos e Anna Maria<br \/>\n<\/strong><\/p>\n<p style=\"text-align: justify;\">Artigo original <a href=\"http:\/\/revistapaisefilhos.uol.com.br\/nossa-crianca\/agora-ja-e-mocinha\" target=\"_blank\" rel=\"noopener\">aqui<\/a><\/p>\n<\/div>\n<p style=\"text-align: center;\">[<a href=\"javascript:history.go(-1)\">Voltar<\/a>]<\/p>\n","protected":false},"excerpt":{"rendered":"<p>\u00a0Saiba quando levar sua filha pela primeira vez ao ginecologista.<\/p>\n","protected":false},"author":1,"featured_media":0,"comment_status":"open","ping_status":"open","sticky":false,"template":"","format":"standard","meta":{"footnotes":""},"categories":[27],"tags":[],"class_list":["post-20100","post","type-post","status-publish","format-standard","hentry","category-noticias"],"_links":{"self":[{"href":"https:\/\/antonini.psc.br\/index.php?rest_route=\/wp\/v2\/posts\/20100","targetHints":{"allow":["GET"]}}],"collection":[{"href":"https:\/\/antonini.psc.br\/index.php?rest_route=\/wp\/v2\/posts"}],"about":[{"href":"https:\/\/antonini.psc.br\/index.php?rest_route=\/wp\/v2\/types\/post"}],"author":[{"embeddable":true,"href":"https:\/\/antonini.psc.br\/index.php?rest_route=\/wp\/v2\/users\/1"}],"replies":[{"embeddable":true,"href":"https:\/\/antonini.psc.br\/index.php?rest_route=%2Fwp%2Fv2%2Fcomments&post=20100"}],"version-history":[{"count":1,"href":"https:\/\/antonini.psc.br\/index.php?rest_route=\/wp\/v2\/posts\/20100\/revisions"}],"predecessor-version":[{"id":30146,"href":"https:\/\/antonini.psc.br\/index.php?rest_route=\/wp\/v2\/posts\/20100\/revisions\/30146"}],"wp:attachment":[{"href":"https:\/\/antonini.psc.br\/index.php?rest_route=%2Fwp%2Fv2%2Fmedia&parent=20100"}],"wp:term":[{"taxonomy":"category","embeddable":true,"href":"https:\/\/antonini.psc.br\/index.php?rest_route=%2Fwp%2Fv2%2Fcategories&post=20100"},{"taxonomy":"post_tag","embeddable":true,"href":"https:\/\/antonini.psc.br\/index.php?rest_route=%2Fwp%2Fv2%2Ftags&post=20100"}],"curies":[{"name":"wp","href":"https:\/\/api.w.org\/{rel}","templated":true}]}}