{"id":20109,"date":"2013-10-31T14:39:16","date_gmt":"2013-10-31T14:39:16","guid":{"rendered":"http:\/\/antonini.med.br\/blog\/?p=20109"},"modified":"2022-02-15T02:40:10","modified_gmt":"2022-02-15T02:40:10","slug":"puberdade-precoce-saiba-como-identificar-e-tratar","status":"publish","type":"post","link":"https:\/\/antonini.psc.br\/?p=20109","title":{"rendered":"Puberdade precoce: saiba como identificar e tratar"},"content":{"rendered":"<p><span style=\"font-size: 14px;\">\u00c9 cada vez mais comum que os pais e as crian\u00e7as precisem lidar com o problema.<!--more--><\/span><\/p>\n<p>&nbsp;<\/p>\n<p><span style=\"font-size: 14px;\">Por Por Naiara Ara\u00fajo, filha de Luiz Augusto e Dione | 18.10.2012<\/span><\/p>\n<div style=\"text-align: justify;\"><span style=\"font-size: 14px;\"><img loading=\"lazy\" decoding=\"async\" class=\"alignleft\" alt=\"2790_puberdade_precoce\" src=\"http:\/\/antonini.med.br\/blog\/wp-content\/uploads\/2013\/10\/2790_puberdade_precoce.jpg\" width=\"238\" height=\"242\" \/>A puberdade \u00e9 um processo de amadurecimento, marcado por transforma\u00e7\u00f5es f\u00edsicas e biol\u00f3gicas no corpo das crian\u00e7as, principalmente pelo desenvolvimento dos \u00f3rg\u00e3os sexuais. \u00c9 considerada precoce quando essas mudan\u00e7as ocorrem antes dos 8 ou 9 anos nas meninas e antes dos 10, no caso dos meninos. Se j\u00e1 n\u00e3o \u00e9 f\u00e1cil perceber que seu \u201cbeb\u00ea\u2019 cresceu quando isso acontece na \u00e9poca esperada, imagine quando sua ainda crian\u00e7a come\u00e7a a virar adolescente. Essa fase de transi\u00e7\u00e3o da inf\u00e2ncia para a adolesc\u00eancia pode ser dif\u00edcil, tanto para os pais como para as crian\u00e7as. \u201c\u00c9 uma fase muito complicada por causa dos sentimentos confusos que costumam acompanhar o surgimento desses sinais exteriores da maturidade sexual\u201d, explica a psic\u00f3loga Solange Quintanilha, m\u00e3e de Fernando, Idelmar e Alessandra.<\/span><\/p>\n<div style=\"text-align: justify;\">\n<ul>\n<li><span style=\"font-size: 14px;\"><a href=\"http:\/\/revistapaisefilhos.uol.com.br\/nossa-crianca\/pequenas-mulheres\">A puberdade tem chegado cada vez mais cedo para as meninas. Entenda por qu\u00ea\u00a0<\/a><\/span><\/li>\n<\/ul>\n<\/div>\n<div style=\"text-align: justify;\"><\/div>\n<div style=\"text-align: justify;\"><span style=\"font-size: 14px;\">Nas meninas, \u00e9 poss\u00edvel notar o crescimento das mamas e, nos meninos, o aumento dos test\u00edculos. Os pais devem acompanhar o desenvolvimento dos filhos e observar poss\u00edveis mudan\u00e7as no comportamento e no humor desses adolescentes precoces, como medo, agita\u00e7\u00e3o, inseguran\u00e7a, isolamento e tristeza. As crian\u00e7as que entram na puberdade mais cedo tamb\u00e9m podem ficar mais vulner\u00e1veis aos transtornos alimentares. A falta de maturidade pode causar desorienta\u00e7\u00e3o e deixar as crian\u00e7as irritadas por causa das transforma\u00e7\u00f5es na apar\u00eancia que n\u00e3o condizem com a maturidade psicol\u00f3gica.<\/span><\/div>\n<div style=\"text-align: justify;\">.<\/div>\n<div style=\"text-align: justify;\"><strong><span style=\"font-size: 14px;\">Meninos e meninas<\/span><\/strong><\/div>\n<div style=\"text-align: justify;\"><span style=\"font-size: 14px;\">Existem algumas diferen\u00e7as de g\u00eanero que marcam a puberdade precoce. Os meninos percebem mudan\u00e7as no \u00f3rg\u00e3o genital e muitos ficam assustados, porque se \u00a0sentem diferentes dos outros colegas. \u00a0Com as meninas, a revolu\u00e7\u00e3o \u00e9 mais intensa, pois, al\u00e9m de corporal, \u00e9 hormonal. Al\u00e9m do aparecimento dos seios, que faz com que elas pare\u00e7am mais adultas, elas precisam lidar com o a chegada da menstrua\u00e7\u00e3o. Todo esse processo pode gerar algumas limita\u00e7\u00f5es, por isso \u00e9 essencial que a crian\u00e7a se sinta \u00e0 vontade para tirar d\u00favidas.<\/span><\/div>\n<div style=\"text-align: justify;\">.<\/div>\n<div style=\"text-align: justify;\"><strong><span style=\"font-size: 14px;\">O apoio da fam\u00edlia<\/span><\/strong><\/div>\n<div style=\"text-align: justify;\"><span style=\"font-size: 14px;\">Pode ser que voc\u00ea demore a perceber as mudan\u00e7as, porque \u00e9 comum a gente achar que os filhos s\u00e3o mais crian\u00e7as do que realmente s\u00e3o, a boa e velha s\u00edndrome do \u201cmeu beb\u00ea\u201d: por isso essas mudan\u00e7as podem ser inconscientemente ignoradas. Quando o pai ou m\u00e3e percebem, pode ser um baque. O melhor \u00e9 conversar com o pediatra do filho e verificar se \u00e9 o caso de tomar alguma medida para atrasar o processo. Al\u00e9m do pediatra, em alguns casos, orienta\u00e7\u00e3o psicol\u00f3gica pode ser necess\u00e1ria para apoiar o filho de forma correta, segundo a Dra. Maria Cristina Senna Duarte, m\u00e3e de Andr\u00e9 e Julia, especialista em Pediatria pela Sociedade Brasileira de Pediatria. A conversa nesse momento \u00e9 essencial: a crian\u00e7a que est\u00e1 passando por esse processo precisa entender que \u00e9 natural e todo mundo passa pela mesma situa\u00e7\u00e3o, s\u00f3 que com ela aconteceu antes do tempo. \u00c9 importante lidar com naturalidade com o filho, explicando que essas mudan\u00e7as f\u00edsicas s\u00e3o normais e essenciais para o processo de reprodu\u00e7\u00e3o.<\/span><\/div>\n<div style=\"text-align: justify;\">.<\/div>\n<div style=\"text-align: justify;\"><strong><span style=\"font-size: 14px;\">Tratamento<\/span><\/strong><\/div>\n<div style=\"text-align: justify;\"><span style=\"font-size: 14px;\">A puberdade precoce pode ser amenizada com tratamento hormonal, que dever ser feito com o acompanhamento de um endocrinologista pedi\u00e1trico. \u00a0Somente o profissional poder\u00e1 dizer qual \u00e9 o procedimento adequado, mas os principais tratamentos t\u00eam o objetivo de anular a menstrua\u00e7\u00e3o, desacelerar o avan\u00e7o da matura\u00e7\u00e3o \u00f3ssea, retomar a velocidade normal do crescimento e normalizar poss\u00edveis problemas psicol\u00f3gicos e sociais. \u00a0No caso de n\u00e3o realizar o tratamento, a estatura final da crian\u00e7a pode ser prejudicada, al\u00e9m de altera\u00e7\u00f5es psicol\u00f3gicas decorrentes.<\/span><\/div>\n<div style=\"text-align: justify;\"><span style=\"font-size: 14px;\">&#8212;&#8212;&#8212;&#8212;<\/span><\/div>\n<div style=\"text-align: justify;\">Consultoria: <strong>Solange Quintanilha<\/strong>, m\u00e3e de Fernando, Idelmar e Alessandra, psic\u00f3loga da Cl\u00ednica BeSlim, e Dra. Maria Cristina Senna Duarte, m\u00e3e de Andr\u00e9 e Julia, especialista em Pediatria pela Sociedade Brasileira de Pediatria &#8211; Mestre em Sa\u00fade da Mulher e da Crian\u00e7a Fiocruz-IFF.<\/div>\n<div style=\"text-align: justify;\">Artigo original <a href=\"http:\/\/revistapaisefilhos.uol.com.br\/nossa-crianca\/puberdade-precoce-saiba-como-identificar-e-tratar\" target=\"_blank\" rel=\"noopener\">aqui<\/a><\/div>\n<div style=\"text-align: justify;\"><\/div>\n<div style=\"text-align: justify;\"><\/div>\n<\/div>\n<p style=\"text-align: center;\"><span style=\"font-size: 14px;\">[<a href=\"javascript:history.go(-1)\">Voltar<\/a>]<\/span><\/p>\n","protected":false},"excerpt":{"rendered":"<p>\u00c9 cada vez mais comum que os pais e as crian\u00e7as precisem lidar com o problema.<\/p>\n","protected":false},"author":1,"featured_media":0,"comment_status":"open","ping_status":"open","sticky":false,"template":"","format":"standard","meta":{"footnotes":""},"categories":[27],"tags":[],"class_list":["post-20109","post","type-post","status-publish","format-standard","hentry","category-noticias"],"_links":{"self":[{"href":"https:\/\/antonini.psc.br\/index.php?rest_route=\/wp\/v2\/posts\/20109","targetHints":{"allow":["GET"]}}],"collection":[{"href":"https:\/\/antonini.psc.br\/index.php?rest_route=\/wp\/v2\/posts"}],"about":[{"href":"https:\/\/antonini.psc.br\/index.php?rest_route=\/wp\/v2\/types\/post"}],"author":[{"embeddable":true,"href":"https:\/\/antonini.psc.br\/index.php?rest_route=\/wp\/v2\/users\/1"}],"replies":[{"embeddable":true,"href":"https:\/\/antonini.psc.br\/index.php?rest_route=%2Fwp%2Fv2%2Fcomments&post=20109"}],"version-history":[{"count":1,"href":"https:\/\/antonini.psc.br\/index.php?rest_route=\/wp\/v2\/posts\/20109\/revisions"}],"predecessor-version":[{"id":30145,"href":"https:\/\/antonini.psc.br\/index.php?rest_route=\/wp\/v2\/posts\/20109\/revisions\/30145"}],"wp:attachment":[{"href":"https:\/\/antonini.psc.br\/index.php?rest_route=%2Fwp%2Fv2%2Fmedia&parent=20109"}],"wp:term":[{"taxonomy":"category","embeddable":true,"href":"https:\/\/antonini.psc.br\/index.php?rest_route=%2Fwp%2Fv2%2Fcategories&post=20109"},{"taxonomy":"post_tag","embeddable":true,"href":"https:\/\/antonini.psc.br\/index.php?rest_route=%2Fwp%2Fv2%2Ftags&post=20109"}],"curies":[{"name":"wp","href":"https:\/\/api.w.org\/{rel}","templated":true}]}}