{"id":20118,"date":"2013-10-31T16:32:26","date_gmt":"2013-10-31T16:32:26","guid":{"rendered":"http:\/\/antonini.med.br\/blog\/?p=20118"},"modified":"2022-02-15T02:40:10","modified_gmt":"2022-02-15T02:40:10","slug":"pequenas-mulheres","status":"publish","type":"post","link":"https:\/\/antonini.psc.br\/?p=20118","title":{"rendered":"Pequenas mulheres"},"content":{"rendered":"<div style=\"text-align: justify;\">A puberdade tem chegado cada vez mais cedo para as meninas. Entenda por qu\u00ea.<!--more--><\/div>\n<div style=\"text-align: justify;\"><\/div>\n<div style=\"text-align: justify;\">Por <i><strong>Reda\u00e7\u00e3o Pais &amp; Filhos | <\/strong><\/i>24.10.2011<\/div>\n<div style=\"text-align: justify;\"><\/div>\n<div>\n<p style=\"text-align: justify;\"><img decoding=\"async\" class=\"alignleft size-full wp-image-20122\" style=\"margin: 0px 5px 5px 0px; float: left; cursor: pointer;\" onclick=\"window.open('http:\/\/antonini.med.br\/blog\/wp-content\/uploads\/2013\/10\/664_menst.jpg', 'pop', 'toolbar=0, location=0, directories=0, status=0, menubar=0, scrollbars=0, copyhistory=0, resizable=1, width=258, height=267, left=0, top=0'); if((navigator.appName=='Microsoft Internet Explorer' &amp;&amp; navigator.appVersion.substring(0,3)=='4.0')==false) pop.focus();\" alt=\"664_menst\" src=\"http:\/\/antonini.med.br\/blog\/wp-content\/uploads\/2013\/10\/664_menst.jpg\" width=\"238\" \/>A passagem da inf\u00e2ncia para a adolesc\u00eancia para as meninas vem acompanhada por um inc\u00f4modo que dever\u00e1 durar por muitos anos: a menstrua\u00e7\u00e3o. Mas, se antes as meninas entravam na puberdade por volta dos 12, 13 anos, muitas est\u00e3o antecipando este momento, menstruando aos 8 anos.<\/p>\n<p style=\"text-align: justify;\">O site Time Healthland publicou uma mat\u00e9ria especial sobre o assunto, apontando alguns dos motivos que fazem com que as garotas deixem a inf\u00e2ncia cada vez mais cedo.<\/p>\n<p style=\"text-align: justify;\">Entre os principais dele est\u00e1 a obesidade, j\u00e1 que o ac\u00famulo de gordura no corpo pode estimular a produ\u00e7\u00e3o de alguns horm\u00f4nios. Outro motivo pode ser o consumo de subst\u00e2ncias qu\u00edmicas industriais, principalmente agrot\u00f3xicos e pl\u00e1stico, que podem alterar a produ\u00e7\u00e3o hormonal.<\/p>\n<p style=\"text-align: justify;\">H\u00e1 especialistas que acreditam at\u00e9 que o contato dos pequenos com a sensualidade e sexualidade pode influenciar na puberdade precoce.<\/p>\n<p style=\"text-align: justify;\">As meninas que menstruam muito cedo n\u00e3o sofrem apenas com os problemas psicol\u00f3gicos, mas tamb\u00e9m t\u00eam seq\u00fcelas f\u00edsicas. H\u00e1 pesquisas que mostram que estas adolescentes antes da hora t\u00eam mais chances de desenvolver c\u00e2ncer e ter problemas de estrutura \u00f3ssea, j\u00e1 que o crescimento para, muitas vezes, com a menstrua\u00e7\u00e3o.<\/p>\n<p style=\"text-align: justify;\">Existem op\u00e7\u00f5es para retardar este processo, mas elas s\u00f3 devem ser levadas em conta quando a menstrua\u00e7\u00e3o n\u00e3o vem acompanhada do desenvolvimento das mamas e dos pelos pubianos. Na d\u00favida, procure o m\u00e9dico!<\/p>\n<p style=\"text-align: justify;\">Artigo original <a href=\"http:\/\/revistapaisefilhos.uol.com.br\/nossa-crianca\/pequenas-mulheres\" target=\"_blank\" rel=\"noopener\">aqui<\/a><\/p>\n<\/div>\n<p style=\"text-align: center;\">[<a href=\"javascript:history.go(-1)\">Voltar<\/a>]<\/p>\n","protected":false},"excerpt":{"rendered":"<p>A puberdade tem chegado cada vez mais cedo para as meninas. Entenda por qu\u00ea.<\/p>\n","protected":false},"author":1,"featured_media":0,"comment_status":"open","ping_status":"open","sticky":false,"template":"","format":"standard","meta":{"footnotes":""},"categories":[27],"tags":[],"class_list":["post-20118","post","type-post","status-publish","format-standard","hentry","category-noticias"],"_links":{"self":[{"href":"https:\/\/antonini.psc.br\/index.php?rest_route=\/wp\/v2\/posts\/20118","targetHints":{"allow":["GET"]}}],"collection":[{"href":"https:\/\/antonini.psc.br\/index.php?rest_route=\/wp\/v2\/posts"}],"about":[{"href":"https:\/\/antonini.psc.br\/index.php?rest_route=\/wp\/v2\/types\/post"}],"author":[{"embeddable":true,"href":"https:\/\/antonini.psc.br\/index.php?rest_route=\/wp\/v2\/users\/1"}],"replies":[{"embeddable":true,"href":"https:\/\/antonini.psc.br\/index.php?rest_route=%2Fwp%2Fv2%2Fcomments&post=20118"}],"version-history":[{"count":1,"href":"https:\/\/antonini.psc.br\/index.php?rest_route=\/wp\/v2\/posts\/20118\/revisions"}],"predecessor-version":[{"id":30144,"href":"https:\/\/antonini.psc.br\/index.php?rest_route=\/wp\/v2\/posts\/20118\/revisions\/30144"}],"wp:attachment":[{"href":"https:\/\/antonini.psc.br\/index.php?rest_route=%2Fwp%2Fv2%2Fmedia&parent=20118"}],"wp:term":[{"taxonomy":"category","embeddable":true,"href":"https:\/\/antonini.psc.br\/index.php?rest_route=%2Fwp%2Fv2%2Fcategories&post=20118"},{"taxonomy":"post_tag","embeddable":true,"href":"https:\/\/antonini.psc.br\/index.php?rest_route=%2Fwp%2Fv2%2Ftags&post=20118"}],"curies":[{"name":"wp","href":"https:\/\/api.w.org\/{rel}","templated":true}]}}