{"id":202,"date":"2008-10-31T09:00:10","date_gmt":"2008-10-31T12:00:10","guid":{"rendered":"http:\/\/www.antonini.med.br\/blog\/?p=202"},"modified":"2025-08-21T21:02:39","modified_gmt":"2025-08-21T21:02:39","slug":"diferencas-morfologicas-entre-cerebros-humanos-2","status":"publish","type":"post","link":"https:\/\/antonini.psc.br\/?p=202","title":{"rendered":"Diferen\u00e7as morfol\u00f3gicas entre c\u00e9rebros humanos"},"content":{"rendered":"<p style=\"text-align: justify;\"><span class=\"content\">A maioria esmagadora dos neurologistas, dos psiquiatras e dos psic\u00f3logas atribuem causas ambientais, vivenciais e at\u00e9 moleculares e fisiol\u00f3gias para as doen\u00e7as mentais, mas analisando estas fotografias de c\u00e9rebros humanos, n\u00e3o ser\u00e1 poss\u00edvel pensar-se, tamb\u00e9m, em causas anat\u00f4micas?<!--more--><\/span><\/p>\n<p style=\"text-align: justify;\">As fotografias abaixo comp\u00f5em um conjunto de oito slides que tirei no Laborat\u00f3rio de Anatomia&nbsp; Humana do Departamento de Ci\u00eancias Morfol\u00f3gicas, do Setor de Ci\u00eancias Biol\u00f3gicas da Universidade Federal do Paran\u00e1 contando com a ajuda do T\u00e9cnico de Laborat\u00f3rio Sr. Palmiro, em 16 de maio de 1990.<\/p>\n<p>[singlepic id=4417 w=480 h=360 float=center]<\/p>\n<p style=\"text-align: justify;\"><span class=\"content\">Veja a diferen\u00e7a entre ambos os c\u00e9rebros. Repare na forma do corpo caloso de ambos (no meio do c\u00e9rebro).<\/span><\/p>\n<p>[singlepic id=4419 w=480 h=360 float=center]<\/p>\n<p style=\"text-align: center;\">[<a href=\"javascript:history.go(-1)\">Voltar<\/a>]<\/p>\n","protected":false},"excerpt":{"rendered":"<p>A maioria esmagadora dos neurologistas, dos psiquiatras e dos psic\u00f3logas atribuem causas ambientais, vivenciais e at\u00e9 moleculares e fisiol\u00f3gias para as doen\u00e7as mentais, mas analisando estas fotografias de c\u00e9rebros humanos, n\u00e3o ser\u00e1 poss\u00edvel pensar-se, tamb\u00e9m, em causas anat\u00f4micas?<\/p>\n","protected":false},"author":1,"featured_media":0,"comment_status":"open","ping_status":"open","sticky":false,"template":"","format":"standard","meta":{"footnotes":""},"categories":[122],"tags":[],"class_list":["post-202","post","type-post","status-publish","format-standard","hentry","category-saude-mental"],"_links":{"self":[{"href":"https:\/\/antonini.psc.br\/index.php?rest_route=\/wp\/v2\/posts\/202","targetHints":{"allow":["GET"]}}],"collection":[{"href":"https:\/\/antonini.psc.br\/index.php?rest_route=\/wp\/v2\/posts"}],"about":[{"href":"https:\/\/antonini.psc.br\/index.php?rest_route=\/wp\/v2\/types\/post"}],"author":[{"embeddable":true,"href":"https:\/\/antonini.psc.br\/index.php?rest_route=\/wp\/v2\/users\/1"}],"replies":[{"embeddable":true,"href":"https:\/\/antonini.psc.br\/index.php?rest_route=%2Fwp%2Fv2%2Fcomments&post=202"}],"version-history":[{"count":10,"href":"https:\/\/antonini.psc.br\/index.php?rest_route=\/wp\/v2\/posts\/202\/revisions"}],"predecessor-version":[{"id":74495,"href":"https:\/\/antonini.psc.br\/index.php?rest_route=\/wp\/v2\/posts\/202\/revisions\/74495"}],"wp:attachment":[{"href":"https:\/\/antonini.psc.br\/index.php?rest_route=%2Fwp%2Fv2%2Fmedia&parent=202"}],"wp:term":[{"taxonomy":"category","embeddable":true,"href":"https:\/\/antonini.psc.br\/index.php?rest_route=%2Fwp%2Fv2%2Fcategories&post=202"},{"taxonomy":"post_tag","embeddable":true,"href":"https:\/\/antonini.psc.br\/index.php?rest_route=%2Fwp%2Fv2%2Ftags&post=202"}],"curies":[{"name":"wp","href":"https:\/\/api.w.org\/{rel}","templated":true}]}}