{"id":20231,"date":"2013-11-10T17:24:17","date_gmt":"2013-11-10T17:24:17","guid":{"rendered":"http:\/\/antonini.med.br\/blog\/?p=20231"},"modified":"2022-02-15T02:39:48","modified_gmt":"2022-02-15T02:39:48","slug":"no-agreste-pacientes-agradecem-medicos-cubanos-de-joelhos-2","status":"publish","type":"post","link":"https:\/\/antonini.psc.br\/?p=20231","title":{"rendered":"No agreste, pacientes agradecem m\u00e9dicos cubanos de joelhos"},"content":{"rendered":"<p style=\"text-align: justify;\">A demanda de m\u00e9dicos no interior do pa\u00eds \u00e9 gigantesca e a cubana Teresa Rosales, 47, se surpreendeu com a recep\u00e7\u00e3o de seus pacientes em Brejo da Madre de Deus, no agreste pernambucano.<!--more--><\/p>\n<p style=\"text-align: justify;\">&#8220;Eles [pacientes] ficam de joelhos no ch\u00e3o, agradecendo a Deus. D\u00e3o beijos&#8221;, afirma a m\u00e9dica, que atendeu 231 pessoas neste primeiro m\u00eas de trabalho dos profissionais que vieram para o Brasil pelo programa Mais M\u00e9dicos, do governo federal.<\/p>\n<p style=\"text-align: justify;\"><a href=\"http:\/\/www1.folha.uol.com.br\/cotidiano\/2013\/11\/1369197-no-agreste-pacientes-agradecem-medicos-cubanos-de-joelhos.shtml\">No agreste, pacientes agradecem m\u00e9dicos cubanos de joelhos<\/a><\/p>\n<p style=\"text-align: justify;\">O posto de sa\u00fade em que Teresa trabalha fica no distrito de S\u00e3o Domingos, regi\u00e3o pobre e castigada pela seca.<\/p>\n<p style=\"text-align: justify;\">Durante os \u00faltimos quatro anos, o posto n\u00e3o tinha o b\u00e1sico: m\u00e9dicos. At\u00e9 o final de setembro, quando Teresa chegou ao distrito, quem andava quil\u00f4metros de estrada de barro at\u00e9 chegar \u00e0 unidade de sa\u00fade sempre voltava para casa sem atendimento.<\/p>\n<p style=\"text-align: justify;\">A situa\u00e7\u00e3o se repetia a algumas ruas de l\u00e1, no posto onde o marido de Teresa, Alberto Vicente, 43, come\u00e7ou a trabalhar em outubro.<\/p>\n<p style=\"text-align: justify;\"><img loading=\"lazy\" decoding=\"async\" class=\"alignleft size-full wp-image-20238\" alt=\"medico_cubano-agreste\" src=\"http:\/\/antonini.med.br\/blog\/wp-content\/uploads\/2013\/11\/medico_cubano-agreste.png\" width=\"310\" height=\"262\" \/>&#8220;Foi Deus quem mandou esse homem. Era uma dificuldade, chegou a fechar o posto por falta de m\u00e9dico&#8221;, disse a aposentada Isabel Rocha, 80, que agora controla o diabetes sob orienta\u00e7\u00e3o m\u00e9dica.<\/p>\n<p style=\"text-align: justify;\">Alberto e Teresa integram um grupo de 400 cubanos que chegaram pelo Mais M\u00e9dicos na primeira etapa do programa. Outros 2.000 dos seus conterr\u00e2neos come\u00e7aram a trabalhar no dia 4 de novembro, 76 deles em S\u00e3o Paulo.<\/p>\n<p style=\"text-align: justify;\">Uma terceira leva de 3.000 m\u00e9dicos da ilha chegou esta semana a cinco capitais. A previs\u00e3o \u00e9 que eles comecem a trabalhar em dezembro.<\/p>\n<p style=\"text-align: justify;\">Eles t\u00eam alimenta\u00e7\u00e3o e moradia fornecidas pelas prefeituras e recebem por m\u00eas entre R$ 800 e R$ 900 do governo federal. O restante da bolsa de R$ 10 mil mensais \u00e9 distribu\u00eddo entre parentes dos m\u00e9dicos e o governo cubano.<\/p>\n<p style=\"text-align: justify;\"><b>ATENDIMENTO<\/b><br \/>\nAlheia \u00e0 pol\u00eamica salarial, a popula\u00e7\u00e3o lota os postos que h\u00e1 um m\u00eas estavam vazios, j\u00e1 que n\u00e3o havia m\u00e9dicos.<\/p>\n<p style=\"text-align: justify;\">A agricultora Maria In\u00e1cia Silva, 69, havia visto um m\u00e9dico pela \u00faltima vez em 2005.<\/p>\n<p style=\"text-align: justify;\">Ela se disse impressionada pela forma como foi atendida pelo cubano Nelson Lopez, 44, novo m\u00e9dico do povoado de Capivara, em Frei Miguelinho (PE).<\/p>\n<p style=\"text-align: justify;\">A diferen\u00e7a no atendimento est\u00e1 desde a organiza\u00e7\u00e3o dos m\u00f3veis: a cadeira do paciente fica ao lado da mesa do m\u00e9dico, para que o m\u00f3vel n\u00e3o seja uma barreira entre eles.<\/p>\n<p style=\"text-align: justify;\">&#8220;Gostamos de examinar o paciente, dedicar um tempo a ele, consider\u00e1-lo gente&#8221;, disse Lopez.<\/p>\n<p style=\"text-align: justify;\">As filas e as consultas s\u00e3o longas. Ainda estava escuro quando Maria In\u00e1cia Silva chegou ao posto e ela s\u00f3 foi atendida na hora do almo\u00e7o.<\/p>\n<p style=\"text-align: justify;\">Passou cerca de meia hora no consult\u00f3rio e finalmente soube que as dores que sente se devem ao reumatismo.<\/p>\n<p style=\"text-align: justify;\">&#8220;Ele \u00e9 \u00f3timo m\u00e9dico, apesar de estrangeiro. Em 69 anos, nunca vi um m\u00e9dico t\u00e3o bom&#8221;, disse Maria In\u00e1cia.<\/p>\n<p style=\"text-align: center;\">[<a href=\"javascript:history.go(-1)\">Voltar<\/a>]<\/p>\n","protected":false},"excerpt":{"rendered":"<p>A demanda de m\u00e9dicos no interior do pa\u00eds \u00e9 gigantesca e a cubana Teresa Rosales, 47, se surpreendeu com a recep\u00e7\u00e3o de seus pacientes em Brejo da Madre de Deus, no agreste pernambucano.<\/p>\n","protected":false},"author":1,"featured_media":0,"comment_status":"open","ping_status":"open","sticky":false,"template":"","format":"standard","meta":{"footnotes":""},"categories":[27],"tags":[],"class_list":["post-20231","post","type-post","status-publish","format-standard","hentry","category-noticias"],"_links":{"self":[{"href":"https:\/\/antonini.psc.br\/index.php?rest_route=\/wp\/v2\/posts\/20231","targetHints":{"allow":["GET"]}}],"collection":[{"href":"https:\/\/antonini.psc.br\/index.php?rest_route=\/wp\/v2\/posts"}],"about":[{"href":"https:\/\/antonini.psc.br\/index.php?rest_route=\/wp\/v2\/types\/post"}],"author":[{"embeddable":true,"href":"https:\/\/antonini.psc.br\/index.php?rest_route=\/wp\/v2\/users\/1"}],"replies":[{"embeddable":true,"href":"https:\/\/antonini.psc.br\/index.php?rest_route=%2Fwp%2Fv2%2Fcomments&post=20231"}],"version-history":[{"count":1,"href":"https:\/\/antonini.psc.br\/index.php?rest_route=\/wp\/v2\/posts\/20231\/revisions"}],"predecessor-version":[{"id":30923,"href":"https:\/\/antonini.psc.br\/index.php?rest_route=\/wp\/v2\/posts\/20231\/revisions\/30923"}],"wp:attachment":[{"href":"https:\/\/antonini.psc.br\/index.php?rest_route=%2Fwp%2Fv2%2Fmedia&parent=20231"}],"wp:term":[{"taxonomy":"category","embeddable":true,"href":"https:\/\/antonini.psc.br\/index.php?rest_route=%2Fwp%2Fv2%2Fcategories&post=20231"},{"taxonomy":"post_tag","embeddable":true,"href":"https:\/\/antonini.psc.br\/index.php?rest_route=%2Fwp%2Fv2%2Ftags&post=20231"}],"curies":[{"name":"wp","href":"https:\/\/api.w.org\/{rel}","templated":true}]}}