{"id":2028,"date":"2009-03-07T19:18:23","date_gmt":"2009-03-07T19:18:23","guid":{"rendered":"http:\/\/antonini.med.br\/blog\/?p=2028"},"modified":"2022-02-15T03:29:22","modified_gmt":"2022-02-15T03:29:22","slug":"apos-curetagem-menina-de-9-anos-recebe-alta-nesta-tarde","status":"publish","type":"post","link":"https:\/\/antonini.psc.br\/?p=2028","title":{"rendered":"Ap\u00f3s curetagem, menina de 9 anos recebe alta nesta tarde"},"content":{"rendered":"<div style=\"text-align: justify;\">O melhor castigo para qualquer criminoso, inclusive para\u00a0 um man\u00edaco sexual, n\u00e3o \u00e9 castra\u00e7\u00e3o, linchamento p\u00fablico, pena de morte e outras medidas extremas, mas sim, <strong>solit\u00e1ria<\/strong>. Pris\u00e3o perp\u00e9tua em uma cela pequena e sem companhia. A maioria esmagadora dos suic\u00eddios acontecem devido a solid\u00e3o. Prendam este man\u00edaco em uma cela solit\u00e1ria e deixem-no morrer l\u00e1 dentro.<\/div>\n<div style=\"text-align: center;\"><!--more--><\/div>\n<div style=\"text-align: justify;\">Do <strong>JC OnLine<\/strong><\/p>\n<p><img loading=\"lazy\" decoding=\"async\" class=\"alignright size-full wp-image-8254\" title=\"24159p\" src=\"http:\/\/antonini.med.br\/blog\/wp-content\/uploads\/2009\/03\/24159p.jpg\" alt=\"\" width=\"180\" height=\"120\" \/>Deve receber alta no fim da tarde desta quinta-feira (5), no Recife, a menina de 9 anos na qual foi realizado aborto de g\u00eameos depois de ser estuprada pelo padrasto. A informa\u00e7\u00e3o \u00e9 do gerente m\u00e9dico do Centro Integrado de Sa\u00fade Amaury de Medeiros (Cisam), S\u00e9rgio Cabral, onde a garota continua internada.<\/p>\n<p>De acordo com o m\u00e9dico, o estado de sa\u00fade da garota \u00e9 est\u00e1vel. &#8220;Ela teve uma resposta cl\u00ednica muito boa. Segundo avalia\u00e7\u00e3o da equipe, ela est\u00e1 apta para recber alta&#8221;, afirmou Cabral. O m\u00e9dico disse ainda que a menina continua internada em uma enfermaria isolada, junto com a m\u00e3e. &#8220;Queremos evitar uma exposi\u00e7\u00e3o maior&#8221;, disse.<\/p>\n<p>O aborto aconteceu em meio \u00e0 pol\u00eamica envolvendo o pai da garota, que, evang\u00e9lico, demonstrou ser contr\u00e1rio ao procedimento. No entanto, a m\u00e3e decidiu tirar a crian\u00e7a do Imip, onde estava internada, e lev\u00e1-la ao Cisam para o procedimento.<\/p>\n<p>Na quarta, o procedimento foi realizado, induzido por\u00a0 medicamentos. O primeiro feto foi expelido por volta das 9h. O segundo, \u00e0s 11h30. No mesmo dia \u00e0 tarde, a menina, que tem 33 quilos e 1,36 m de altura, passou por uma curetagem para retirada do material placent\u00e1rio da cavidade uterina.<\/p>\n<p>EXCOMUNGA\u00c7\u00c3O &#8211; Ontem \u00e0 noite, poucas horas ap\u00f3s o procedimento, o arcebispo de Olinda e Recife, dom Jos\u00e9 Cardoso Sobrinho condenou veementemente o aborto na menina. Ele reafirmou que a &#8220;lei de Deus est\u00e1 a cima de todas as leis humanas&#8221;, e que as pessoas que participaram do aborto e o apoiaram est\u00e3o excomungadas da Igreja Cat\u00f3lica, pois, na opini\u00e3o dele, os fins n\u00e3o justificam os meios.<\/p>\n<p>No \u00faltimo dia 3, a pol\u00edcia prendeu o trabalhador rural Jos\u00e9 Am\u00e2ncio Vieira Filho, acusado do estupro \u00e0 enteada. A pris\u00e3o ocorreu um dia depois de a hist\u00f3ria vir \u00e0 tona no munic\u00edpio de Alagoinha, no Agreste de Pernambuco. Em depoimento \u00e0 pol\u00edcia, Jos\u00e9 Am\u00e2ncio confessou tamb\u00e9m ter violentado a irm\u00e3 da menina, hoje com 14 anos e \u00e9 portadora de defici\u00eancia.<\/p>\n<\/div>\n<div style=\"text-align: center;\">[<a href=\"javascript:history.go(-1)\">Voltar<\/a>]<\/div>\n","protected":false},"excerpt":{"rendered":"<p>O melhor castigo para qualquer criminoso, inclusive para\u00a0 um man\u00edaco sexual, n\u00e3o \u00e9 castra\u00e7\u00e3o, linchamento p\u00fablico, pena de morte e outras medidas extremas, mas sim, solit\u00e1ria. Pris\u00e3o perp\u00e9tua em uma cela pequena e sem companhia. A maioria esmagadora dos suic\u00eddios acontecem devido a solid\u00e3o. Prendam este man\u00edaco em uma cela solit\u00e1ria e deixem-no morrer l\u00e1 [&hellip;]<\/p>\n","protected":false},"author":1,"featured_media":0,"comment_status":"open","ping_status":"open","sticky":false,"template":"","format":"standard","meta":{"footnotes":""},"categories":[18],"tags":[],"class_list":["post-2028","post","type-post","status-publish","format-standard","hentry","category-ginecologia"],"_links":{"self":[{"href":"https:\/\/antonini.psc.br\/index.php?rest_route=\/wp\/v2\/posts\/2028","targetHints":{"allow":["GET"]}}],"collection":[{"href":"https:\/\/antonini.psc.br\/index.php?rest_route=\/wp\/v2\/posts"}],"about":[{"href":"https:\/\/antonini.psc.br\/index.php?rest_route=\/wp\/v2\/types\/post"}],"author":[{"embeddable":true,"href":"https:\/\/antonini.psc.br\/index.php?rest_route=\/wp\/v2\/users\/1"}],"replies":[{"embeddable":true,"href":"https:\/\/antonini.psc.br\/index.php?rest_route=%2Fwp%2Fv2%2Fcomments&post=2028"}],"version-history":[{"count":1,"href":"https:\/\/antonini.psc.br\/index.php?rest_route=\/wp\/v2\/posts\/2028\/revisions"}],"predecessor-version":[{"id":27361,"href":"https:\/\/antonini.psc.br\/index.php?rest_route=\/wp\/v2\/posts\/2028\/revisions\/27361"}],"wp:attachment":[{"href":"https:\/\/antonini.psc.br\/index.php?rest_route=%2Fwp%2Fv2%2Fmedia&parent=2028"}],"wp:term":[{"taxonomy":"category","embeddable":true,"href":"https:\/\/antonini.psc.br\/index.php?rest_route=%2Fwp%2Fv2%2Fcategories&post=2028"},{"taxonomy":"post_tag","embeddable":true,"href":"https:\/\/antonini.psc.br\/index.php?rest_route=%2Fwp%2Fv2%2Ftags&post=2028"}],"curies":[{"name":"wp","href":"https:\/\/api.w.org\/{rel}","templated":true}]}}