{"id":20466,"date":"2013-12-02T06:26:30","date_gmt":"2013-12-02T06:26:30","guid":{"rendered":"http:\/\/antonini.med.br\/blog\/?p=20466"},"modified":"2022-02-15T02:39:47","modified_gmt":"2022-02-15T02:39:47","slug":"lina-medina-mae-aos-5-anos-de-idade","status":"publish","type":"post","link":"https:\/\/antonini.psc.br\/?p=20466","title":{"rendered":"Lina Medina, m\u00e3e aos 5 anos de idade"},"content":{"rendered":"<p style=\"text-align: justify;\">A garota da foto se chama\u00a0<strong>Lina Medina<\/strong>, uma peruana que\u00a0<strong>engravidou aos 4 anos de idade<\/strong>\u00a0e teve seu primeiro filho aos 5,\u00a0<strong>em 1939<\/strong>. Parece inacredit\u00e1vel, mas aconteceu, e nesse post explicaremos o bizarro fato:<!--more--><\/p>\n<p style=\"text-align: justify;\">Quando\u00a0<strong>Tiburcio Medina<\/strong>\u00a0percebeu o tamanho anormal da barriga de sua pequena filha, pensou que ela estava possu\u00edda pela cobra Apu, que segundo algumas cren\u00e7as locais, invade a pessoa e vai crescendo em seu corpo at\u00e9 o seu hospedeiro morrer.<\/p>\n<p style=\"text-align: justify;\">Depois de consultar os xam\u00e3s da regi\u00e3o, a menina foi levada ao Hospital de Pisco, agora sob suspeita de um tumor abdominal.\u00a0A menina foi atendida pelo Dr. Gerardo Lozada, que custou a acreditar no diagn\u00f3stico que ele mesmo deu: a menina de 5 anos estava no s\u00e9timo m\u00eas de gesta\u00e7\u00e3o.<\/p>\n<p style=\"text-align: justify;\">O caso parecia (e \u00e9) t\u00e3o absurdo, que o Dr. preferiu levar a menina at\u00e9 a capital do pa\u00eds, Lima, para que outros especialistas confirmassem a gravidez antes da cirurgia.\u00a0A cesariana aconteceu no dia 14 de maio de 1939, dia das m\u00e3es no Peru.\u00a0<em>Lina Medina<\/em>\u00a0deu a luz a um menino de 2,7 kg que recebeu o nome de Gerardo, em homenagem ao Dr. que fez o parto.<img decoding=\"async\" class=\"aligncenter size-full wp-image-20470\" style=\"margin: 5px auto; display: block; text-align: center; cursor: pointer;\" onclick=\"window.open('http:\/\/antonini.med.br\/blog\/wp-content\/uploads\/2013\/12\/lina_medina3_133890595513___484x363.jpg', 'pop', 'toolbar=0, location=0, directories=0, status=0, menubar=0, scrollbars=0, copyhistory=0, resizable=1, width=504, height=388, left=0, top=0'); if((navigator.appName=='Microsoft Internet Explorer' &amp;&amp; navigator.appVersion.substring(0,3)=='4.0')==false) pop.focus();\" alt=\"lina_medina3_133890595513___484x363\" src=\"http:\/\/antonini.med.br\/blog\/wp-content\/uploads\/2013\/12\/lina_medina3_133890595513___484x363.jpg\" width=\"400\" \/><\/p>\n<p>&nbsp;<\/p>\n<ul>\n<li>\n<p style=\"text-align: justify;\"><strong>Mas como \u00e9 poss\u00edvel?<\/strong><\/p>\n<\/li>\n<\/ul>\n<p style=\"text-align: justify;\">Desequil\u00edbrio hormonal.\u00a0<em>Lina<\/em>\u00a0menstruou pela primeira vez aos 8 meses de idade, seus seios come\u00e7aram a se desenvolver aos 4 anos \u201ce aos 5, ela demonstrava alargamento p\u00e9lvico e matura\u00e7\u00e3o \u00f3ssea avan\u00e7ada\u201d, diz o Dr. Edmundo Escormel, que escreveu sobre o caso no<em>\u00a0La Pesse Medicale<\/em>. A equipe m\u00e9dica que atuou em sua cesariana p\u00f4de observar que apesar da idade, a menina tinha seu aparelho reprodutor totalmente maduro. Um caso extremamente raro de puberdade precoce.<\/p>\n<p style=\"text-align: justify;\">Com base em bi\u00f3psias, radiografias do esqueleto fetal enquanto ainda no \u00fatero e in\u00fameras provas fotogr\u00e1ficas da \u00e9poca, a comunidade m\u00e9dica internacional aceita o caso dela como aut\u00eantico. Organiza\u00e7\u00f5es como o\u00a0<em>Col\u00e9gio Americano de Obstetras e Ginecologistas<\/em>\u00a0tamb\u00e9m d\u00e3o \u00e0 hist\u00f3ria o seu selo de aprova\u00e7\u00e3o.<\/p>\n<ul style=\"text-align: justify;\">\n<li><strong>E quem \u00e9 o pai do filho dela?<\/strong><\/li>\n<\/ul>\n<p style=\"text-align: justify;\">At\u00e9 hoje n\u00e3o se sabe, j\u00e1 que\u00a0<em>Lina<\/em>\u00a0sempre se recusou a falar sobre o assunto. Seu pai chegou a ser preso acusado de incesto, mas foi liberado ap\u00f3s alguns dias por falta de provas. Outro suspeito seria um irm\u00e3o de\u00a0<em>Lina,<\/em>\u00a0que era deficiente mental.<\/p>\n<ul style=\"text-align: justify;\">\n<li><strong>O que aconteceu com o beb\u00ea?<\/strong><\/li>\n<\/ul>\n<p style=\"text-align: justify;\">Mesmo sendo m\u00e3e,\u00a0<em>Lina<\/em>\u00a0queria agir como qualquer menina de sua idade e preferia brincar ao cuidar do seu filho.<\/p>\n<p style=\"text-align: justify;\"><em>Gerardo<\/em>\u00a0foi criado por uma de suas tias e passou a inf\u00e2ncia acreditando ser irm\u00e3o de sua m\u00e3e biol\u00f3gica. O garoto s\u00f3 descobriu a verdade quando tinha 10 anos, depois de ser ridicularizado na escola. Ele morreu aos 40 anos, v\u00edtima de uma doen\u00e7a na medula \u00f3ssea que n\u00e3o tem rela\u00e7\u00e3o alguma com o seu nascimento de uma m\u00e3e t\u00e3o jovem.<\/p>\n<ul style=\"text-align: justify;\">\n<li><strong>E como ela est\u00e1 hoje?<\/strong><\/li>\n<\/ul>\n<p style=\"text-align: justify;\">Mesmo o seu caso sendo motivo de estudos medicinais no mundo todo, ela n\u00e3o recebe qualquer tipo de assist\u00eancia do governo. V\u00e1rios ve\u00edculos de comunica\u00e7\u00e3o ao redor do mundo j\u00e1 lhe ofereceram dinheiro para ela revelar a identidade do pai do seu primeiro filho, mas ela recusa. Se casou com Ra\u00fal Jurado em 1972, com quem teve, no mesmo ano, um segundo filho.\u00a0<em>Lina Medina<\/em>\u00a0vive at\u00e9 hoje no Peru, em um dos bairros mais violentos e pobres do pa\u00eds, conhecido como \u201cPara\u00edso dos Ladr\u00f5es.<\/p>\n<p style=\"text-align: justify;\">Como sempre fugiu da imprensa e dos fot\u00f3grafos, a foto mais recente que se tem conhecimento \u00e9 esta:<\/p>\n<p style=\"text-align: justify;\"><img decoding=\"async\" class=\"aligncenter size-full wp-image-20473\" style=\"margin: 5px auto; display: block; text-align: center; cursor: pointer;\" onclick=\"window.open('http:\/\/antonini.med.br\/blog\/wp-content\/uploads\/2013\/12\/lina-medina-photos-in-middle-age.jpg', 'pop', 'toolbar=0, location=0, directories=0, status=0, menubar=0, scrollbars=0, copyhistory=0, resizable=1, width=377, height=505, left=0, top=0'); if((navigator.appName=='Microsoft Internet Explorer' &amp;&amp; navigator.appVersion.substring(0,3)=='4.0')==false) pop.focus();\" alt=\"Portrait of Rape Victim Lina Medina\" src=\"http:\/\/antonini.med.br\/blog\/wp-content\/uploads\/2013\/12\/lina-medina-photos-in-middle-age.jpg\" width=\"400\" \/><\/p>\n<p style=\"text-align: justify;\">Lina Medina nasceu em 27 de setembro de 1933, na aldeia de Ticrapo, Peru. Ela \u00e9 a mais jovem m\u00e3e documentada na hist\u00f3ria da humanidade, dando a luz ao seu beb\u00ea, enquanto ainda era um beb\u00ea, aos cinco anos de idade.<\/p>\n<p style=\"text-align: center;\"><img decoding=\"async\" class=\"aligncenter size-full wp-image-20474\" style=\"margin: 5px auto; display: block; text-align: center; cursor: pointer;\" onclick=\"window.open('http:\/\/antonini.med.br\/blog\/wp-content\/uploads\/2013\/12\/news-2011-september-lina_medina_174580892.jpg', 'pop', 'toolbar=0, location=0, directories=0, status=0, menubar=0, scrollbars=0, copyhistory=0, resizable=1, width=620, height=475, left=0, top=0'); if((navigator.appName=='Microsoft Internet Explorer' &amp;&amp; navigator.appVersion.substring(0,3)=='4.0')==false) pop.focus();\" alt=\"news-2011-september-lina_medina_174580892\" src=\"http:\/\/antonini.med.br\/blog\/wp-content\/uploads\/2013\/12\/news-2011-september-lina_medina_174580892.jpg\" width=\"400\" \/><\/p>\n<p>&nbsp;<\/p>\n<p>Lina nasceu com uma condi\u00e7\u00e3o rara chamada de &#8220;puberdade precoce&#8221;. Puberdade precoce \u00e9, basicamente, o in\u00edcio precoce de desenvolvimento sexual. A maioria das meninas come\u00e7a a experimentar a puberdade em torno de dez anos de idade (meninos geralmente come\u00e7am um pouco mais tarde, em torno das idades de 11 ou 12). Lina teve seu primeiro ciclo menstrual, aos oito meses. Ela estava totalmente desenvolvida e tinha seios aos quatro anos de idade.<\/p>\n<p>Aos cinco anos, ela sofreu um alargamento da p\u00e9lvis e teve matura\u00e7\u00e3o \u00f3ssea avan\u00e7ada. Foi na idade de cinco anos que a barriga de Lina come\u00e7ou a crescer. Sua m\u00e3e, Victoria, pensou que sua filha estivesse possu\u00edda por esp\u00edritos malignos. Quando ela trouxe Lina a um hospital para ser examinada, o diagn\u00f3stico inicial foi de um poss\u00edvel tumor.<\/p>\n<p>Logo se descobriu, para grande choque e surpresa de todos, que ela realmente estava gr\u00e1vida de oito meses. Quando os m\u00e9dicos fizeram um exame completo em Lina, eles descobriram que apesar de ter apenas cinco anos de idade, ela j\u00e1 tinha \u00f3rg\u00e3os sexuais totalmente maduros.<\/p>\n<p style=\"text-align: justify;\">Dr. Geraldo Lozada tornou-se m\u00e9dico assistente de Lina. Ele a levou para um hospital mais avan\u00e7ado para que o diagn\u00f3stico fosse confirmado.<\/p>\n<p style=\"text-align: justify;\">Em 14 de maio de 1939, um m\u00eas e meio ap\u00f3s o diagn\u00f3stico, Lina deu \u00e0 luz um filho saud\u00e1vel, e que pesava 2,7 kg. Devido ao pequeno tamanho da p\u00e9lvis da m\u00e3e, o parto foi cesariana. Assim, com a idade de cinco anos, sete meses e 17 dias, Lina Medina tornou-se o mais jovem f\u00eamea humana a dar \u00e0 luz a uma crian\u00e7a. Por uma estranha coincid\u00eancia, o nascimento ocorreu no dia das m\u00e3es em 1939.<\/p>\n<p style=\"text-align: justify;\">O menino recebeu o nome Geraldo, em homenagem ao m\u00e9dico de Lina. Geraldo levou uma vida saud\u00e1vel at\u00e9 que ele desenvolveu uma doen\u00e7a da medula \u00f3ssea, o que levou a sua morte aos 40 anos de idade, em 1979. At\u00e9 os 10 anos de idade Geraldo acreditava que Lina fosse a sua irm\u00e3.<\/p>\n<p style=\"text-align: justify;\">Lina nunca revelou o pai de seu filho ou as circunst\u00e2ncias da concep\u00e7\u00e3o. Ap\u00f3s a condi\u00e7\u00e3o de Lina ser descoberta, seu pai foi preso por suspeita de estupro e incesto. Mais tarde, ele foi liberado por falta de provas.<\/p>\n<p style=\"text-align: justify;\">Dr. Edmundo Escomel, um m\u00e9dico que pesquisou exaustivamente o caso de Lina, sugeriu que ela mesma n\u00e3o pudesse saber o que aconteceu. Obviamente, a idade de Lina (quatro no momento da concep\u00e7\u00e3o), seria um fator que contribuiu para a sua falta de mem\u00f3ria. Embora nada da concep\u00e7\u00e3o da crian\u00e7a seja conhecido, \u00e9 certo que o evento deve ter sido um grande choque para a jovem Lina e certamente teria sido, pelo menos at\u00e9 certo ponto, traum\u00e1tico. Dr. Escomel tamb\u00e9m revelou que, quando Lina foi originalmente entrevistada sobre a sua condi\u00e7\u00e3o &#8220;ela foi incapaz de dar respostas precisas.&#8221;<\/p>\n<p style=\"text-align: justify;\">Alguns apontaram o fato de que havia festas freq\u00fcentes feitas pelos \u00edndios em aldeias andinas como aquela em que Lina nasceu. Estas, muitas vezes acabavam em orgias em que o estupro n\u00e3o era incomum.<\/p>\n<p style=\"text-align: justify;\">Em sua idade adulta jovem, Lina trabalhou como secret\u00e1ria na cl\u00ednica do Dr. Lima Lozada. O m\u00e9dico pagou pela educa\u00e7\u00e3o de Lina, e tamb\u00e9m ajudou a colocar seu filho na escola.<\/p>\n<p style=\"text-align: justify;\">Lina se casou com Ra\u00fal Jurado e deu \u00e0 luz um segundo filho em 1972. A partir de 2002, o casal estava vivendo em um bairro pobre de Lima conhecido como &#8220;Chicago Chico&#8221; (Little Chicago). Lina se recusou todas e quaisquer entrevistas p\u00fablicas sobre sua hist\u00f3ria ao longo dos anos e tem continuado em sil\u00eancio sobre o assunto at\u00e9 hoje.<\/p>\n<p style=\"text-align: center;\">[<a href=\"javascript:history.go(-1)\">Voltar<\/a>]<\/p>\n","protected":false},"excerpt":{"rendered":"<p>A garota da foto se chama\u00a0Lina Medina, uma peruana que\u00a0engravidou aos 4 anos de idade\u00a0e teve seu primeiro filho aos 5,\u00a0em 1939. Parece inacredit\u00e1vel, mas aconteceu, e nesse post explicaremos o bizarro fato:<\/p>\n","protected":false},"author":1,"featured_media":0,"comment_status":"open","ping_status":"open","sticky":false,"template":"","format":"standard","meta":{"footnotes":""},"categories":[27],"tags":[],"class_list":["post-20466","post","type-post","status-publish","format-standard","hentry","category-noticias"],"_links":{"self":[{"href":"https:\/\/antonini.psc.br\/index.php?rest_route=\/wp\/v2\/posts\/20466","targetHints":{"allow":["GET"]}}],"collection":[{"href":"https:\/\/antonini.psc.br\/index.php?rest_route=\/wp\/v2\/posts"}],"about":[{"href":"https:\/\/antonini.psc.br\/index.php?rest_route=\/wp\/v2\/types\/post"}],"author":[{"embeddable":true,"href":"https:\/\/antonini.psc.br\/index.php?rest_route=\/wp\/v2\/users\/1"}],"replies":[{"embeddable":true,"href":"https:\/\/antonini.psc.br\/index.php?rest_route=%2Fwp%2Fv2%2Fcomments&post=20466"}],"version-history":[{"count":1,"href":"https:\/\/antonini.psc.br\/index.php?rest_route=\/wp\/v2\/posts\/20466\/revisions"}],"predecessor-version":[{"id":30121,"href":"https:\/\/antonini.psc.br\/index.php?rest_route=\/wp\/v2\/posts\/20466\/revisions\/30121"}],"wp:attachment":[{"href":"https:\/\/antonini.psc.br\/index.php?rest_route=%2Fwp%2Fv2%2Fmedia&parent=20466"}],"wp:term":[{"taxonomy":"category","embeddable":true,"href":"https:\/\/antonini.psc.br\/index.php?rest_route=%2Fwp%2Fv2%2Fcategories&post=20466"},{"taxonomy":"post_tag","embeddable":true,"href":"https:\/\/antonini.psc.br\/index.php?rest_route=%2Fwp%2Fv2%2Ftags&post=20466"}],"curies":[{"name":"wp","href":"https:\/\/api.w.org\/{rel}","templated":true}]}}