{"id":20482,"date":"2013-12-08T05:36:30","date_gmt":"2013-12-08T05:36:30","guid":{"rendered":"http:\/\/antonini.med.br\/blog\/?p=20482"},"modified":"2022-02-15T02:39:47","modified_gmt":"2022-02-15T02:39:47","slug":"o-caso-araceli","status":"publish","type":"post","link":"https:\/\/antonini.psc.br\/?p=20482","title":{"rendered":"O caso Araceli"},"content":{"rendered":"<p style=\"text-align: justify;\">Dezoito de maio \u00e9 uma data importante. \u00c9 o Dia Nacional de Combate ao Abuso e Explora\u00e7\u00e3o Sexual de Crian\u00e7as e Adolescentes.<!--more--><\/p>\n<p style=\"text-align: justify;\"><img decoding=\"async\" class=\"aligncenter size-full wp-image-20486\" style=\"margin: 5px auto; display: block; text-align: center; cursor: pointer;\" onclick=\"window.open('http:\/\/antonini.med.br\/blog\/wp-content\/uploads\/2013\/12\/araceli-3.jpg', 'pop', 'toolbar=0, location=0, directories=0, status=0, menubar=0, scrollbars=0, copyhistory=0, resizable=1, width=660, height=345, left=0, top=0'); if((navigator.appName=='Microsoft Internet Explorer' &amp;&amp; navigator.appVersion.substring(0,3)=='4.0')==false) pop.focus();\" alt=\"araceli-3\" src=\"http:\/\/antonini.med.br\/blog\/wp-content\/uploads\/2013\/12\/araceli-3.jpg\" width=\"400\" \/><\/p>\n<p style=\"text-align: justify;\">E em nosso pa\u00eds isso ainda est\u00e1 longe de acontecer, crian\u00e7as s\u00e3o maltratadas, abusadas, assassinadas e a lei para coibir tudo isso \u00e9 muito branda. H\u00e1 ainda tamb\u00e9m o sil\u00eancio, a coa\u00e7\u00e3o, as chantagens, as agress\u00f5es e o medo. Minha m\u00e3e fala que a viol\u00eancia desse jeito \u00e9 coisa dessa era e que no tempo dela n\u00e3o acontecia tanta coisa como agora. Dou risada e explico gentilmente que agora a diferen\u00e7a \u00e9 que aparece na m\u00eddia, tem a internet, tem menos medo (mas ainda tem) e cito o caso Araceli que \u00e9 de 1973. Antes n\u00e3o se sabia o que acontecia nos outros estados, no Brasil como um todo com tanta velocidade. E toda essa informa\u00e7\u00e3o tamb\u00e9m gera um desespero. \u00c9 assistir aos jornais e ver que a viol\u00eancia principalmente contra as crian\u00e7as est\u00e1 a\u00ed na nossa cara. Est\u00e1 acontecendo dia a dia com nossas crian\u00e7as e adolescentes. \u00c9 preciso que a sociedade se una com esse prop\u00f3sitos: prote\u00e7\u00e3o e den\u00fancia. e nossos governantes precisam rever o c\u00f3digo penal e fazer mais contra o aumento de crimes em nosso pa\u00eds.<\/p>\n<p style=\"text-align: justify;\">A ideia de se celebrar o Dia Nacional de Combate ao Abuso e Explora\u00e7\u00e3o Sexual de Crian\u00e7as e Adolescentes surgiu em 1998, quando cerca de 80 entidades p\u00fablicas e privadas reuniram-se na Bahia para o 1\u00ba Encontro do ECPAT no Brasil.<\/p>\n<p style=\"text-align: justify;\">O ECPAT \u00e9 uma organiza\u00e7\u00e3o internacional que luta pelo fim da explora\u00e7\u00e3o sexual e comercial de crian\u00e7as surgida na Tail\u00e2ndia. Assim sendo, a ent\u00e3o deputada federal Rita Camata, atuando como presidente da Frente Parlamentar pela Crian\u00e7a e Adolescente da C\u00e2mara dos Deputados, prop\u00f4s um projeto de lei que estabelecia o dia da morte de Aracelli como Dia Nacional de Combate ao Abuso e Explora\u00e7\u00e3o Sexual de Crian\u00e7as e Adolescentes.<\/p>\n<p style=\"text-align: justify;\">A Lei N\u00b0 9.970 foi sancionada em 17 de maio de 2000. Desde ent\u00e3o, entidades que atuam em defesa dos direitos das crian\u00e7as e dos adolescentes promovem atividades em todo o pa\u00eds para conscientizar a sociedade e as autoridades sobre a gravidade dos crimes de viol\u00eancia sexual cometidos contra menores.<\/p>\n<p style=\"text-align: justify;\"><strong>Em 18 de maio de 1973 desaparecia a menina Araceli, um crime brutal e horrendo sem justi\u00e7a at\u00e9 os dias de hoje.<\/strong><\/p>\n<p style=\"text-align: justify;\"><img decoding=\"async\" class=\"aligncenter size-full wp-image-20488\" style=\"cursor: pointer; margin: 0px 5px 5px 0px; float: left;\" onclick=\"window.open('http:\/\/antonini.med.br\/blog\/wp-content\/uploads\/2013\/12\/araceli-4.jpg', 'pop', 'toolbar=0, location=0, directories=0, status=0, menubar=0, scrollbars=0, copyhistory=0, resizable=1, width=478, height=629, left=0, top=0'); if((navigator.appName=='Microsoft Internet Explorer' &amp;&amp; navigator.appVersion.substring(0,3)=='4.0')==false) pop.focus();\" alt=\"araceli-4\" src=\"http:\/\/antonini.med.br\/blog\/wp-content\/uploads\/2013\/12\/araceli-4.jpg\" width=\"300\" \/><\/p>\n<p style=\"text-align: justify;\"><strong>Entenda o caso Araceli<\/strong><br \/>\nAracelli Cabrera Sanches Crespo (Vit\u00f3ria, 2 de julho de 1964 \u2013 Vit\u00f3ria, 18 de maio de 1973) foi uma crian\u00e7a brasileira assassinada violentamente em 18 de maio de 1973. Seu corpo foi encontrado somente seis dias depois, desfigurado e com marcas de abuso sexual. Vinte e sete anos depois, a data de sua morte, 18 de maio, foi transformada no Dia Nacional de Combate ao Abuso e Explora\u00e7\u00e3o Sexual de Crian\u00e7as e Adolescentes pelo Congresso Nacional.<\/p>\n<p style=\"text-align: justify;\"><strong>O crime<\/strong><br \/>\nDurante mais de tr\u00eas anos, na d\u00e9cada de 70, pouca gente ousou abrir a gaveta do Instituto M\u00e9dico-Legal de Vit\u00f3ria, no Esp\u00edrito Santo, onde se encontrava o corpo de uma menina de nove anos incompletos. E havia motivos para isso. Al\u00e9m de o corpo estar barbaramente seviciado e desfigurado com \u00e1cido, se interessar pelo caso significava comprar briga com as mais poderosas fam\u00edlias do estado, cujos filhos estavam sendo acusados do hediondo crime. Pelo menos duas pessoas j\u00e1 tinham morrido em circunst\u00e2ncias misteriosas por se envolverem com o assunto.<\/p>\n<p style=\"text-align: justify;\">Ainda assim, corajosos enfrentavam os poderosos exigindo justi\u00e7a, tanto que o corpo permanecia insepulto na fria gaveta, como se fosse a \u00faltima trincheira da resist\u00eancia. O nome da menina era Araceli Cabrera Crespo e seu mart\u00edrio significou tanto que o dia 18 de maio \u2013 data em que ela desapareceu da escola onde estudava para nunca mais ser vista com vida \u2013 se transformou no Dia Nacional de Combate ao Abuso e Explora\u00e7\u00e3o Sexual de Crian\u00e7as e Adolescentes.<\/p>\n<p style=\"text-align: justify;\">Por uma dessas cru\u00e9is ironias, Jardim dos Anjos era onde ficava um casar\u00e3o, na Praia de Canto, usado por um grupo de viciados de Vit\u00f3ria (ES) para promover orgias regadas a LSD, coca\u00edna e \u00e1lcool, nas quais muitas v\u00edtimas eram crian\u00e7as \u2013 anjos do sexo feminino. Entre a turma de toxic\u00f4manos, era conhecida a atra\u00e7\u00e3o que Paulo Constanteen Helal, o Paulinho, e Dante de Brito Michelini, o Dantinho, l\u00edderes do grupo, sentiam por menininhas. Dizia-se, sempre a boca pequena, que eles drogavam e violentavam meninas e adolescentes no casar\u00e3o e em apartamentos mantidos exclusivamente para festas de embalo. O com\u00e9rcio de drogas era, e \u00e9 muito enraizado naquela cidade. O Bar Franciscano, da fam\u00edlia Michelini, era apontado como um ponto conhecido de tr\u00e1fico e consumo livres.<br \/>\n<img decoding=\"async\" class=\"aligncenter size-full wp-image-20490\" style=\"margin: 5px auto; display: block; text-align: center; cursor: pointer;\" onclick=\"window.open('http:\/\/antonini.med.br\/blog\/wp-content\/uploads\/2013\/12\/araceli-5.jpg', 'pop', 'toolbar=0, location=0, directories=0, status=0, menubar=0, scrollbars=0, copyhistory=0, resizable=1, width=554, height=793, left=0, top=0'); if((navigator.appName=='Microsoft Internet Explorer' &amp;&amp; navigator.appVersion.substring(0,3)=='4.0')==false) pop.focus();\" alt=\"araceli-5\" src=\"http:\/\/antonini.med.br\/blog\/wp-content\/uploads\/2013\/12\/araceli-5.jpg\" width=\"400\" \/><\/p>\n<p style=\"text-align: justify;\"><strong>Suspeitas sobre a m\u00e3e da menina<\/strong><br \/>\nAraceli vivia com o pai Gabriel Sanches Crespo, eletricista do Porto de Vit\u00f3ria, am\u00e3e Lola, boliviana radicada no pa\u00eds, e o irm\u00e3o Carlinhos, alguns anos mais velho que ela. Na casa modesta, localizada na Rua S\u00e3o Paulo, bairro de F\u00e1tima, era mantido o viralata Radar, xod\u00f3 da menina, que o criava desde pequenino. Segundo o escritor Jos\u00e9 Louzeiro que acompanhou o caso de perto e o transformou no livro \u201cAraceli, Meu Amor\u201d \u2013 o nome Radar foi escolhido pela garota \u201cpara que o animal sempre a encontrasse\u201d. Araceli estudava perto de casa, no Col\u00e9gio S\u00e3o Pedro, na Praia do Su\u00e1, e mantinha urna rotina dificilmente quebrada. Ela sa\u00eda da escola, no fim da tarde, e ia para um ponto de \u00f4nibus ali perto, quase na porta de um bar, onde invariavelmente brincava com um gato que vivia por ali.<\/p>\n<p style=\"text-align: justify;\">No dia <strong>18 de maio de 1973<\/strong>, uma sexta-feira, a rotina de Araceli foi alterada. Ela n\u00e3o apareceu em casa e o pai, num velho Fusca, saiu a procur\u00e1-la pelas casas de amigos e conhecidos, at\u00e9 chegar ao centro de Vit\u00f3ria. Nada. A menina n\u00e3o estava em lugar algum.<\/p>\n<p style=\"text-align: justify;\"><img decoding=\"async\" class=\"alignright size-full wp-image-20493\" style=\"cursor: pointer; margin: 0px 0px 5px 5px; float: right;\" onclick=\"window.open('http:\/\/antonini.med.br\/blog\/wp-content\/uploads\/2013\/12\/araceli-6.jpg', 'pop', 'toolbar=0, location=0, directories=0, status=0, menubar=0, scrollbars=0, copyhistory=0, resizable=1, width=408, height=618, left=0, top=0'); if((navigator.appName=='Microsoft Internet Explorer' &amp;&amp; navigator.appVersion.substring(0,3)=='4.0')==false) pop.focus();\" alt=\"araceli-6\" src=\"http:\/\/antonini.med.br\/blog\/wp-content\/uploads\/2013\/12\/araceli-6.jpg\" width=\"300\" \/>S\u00f3 restou a Gabriel comunicar a Lola que a filha estava desaparecida e que tinha deixado seu retrato em reda\u00e7\u00f5es de jornais, na esperan\u00e7a de que fosse, realmente, somente um desaparecimento. No dia seguinte, quando foi ao col\u00e9gio para conseguir mais informa\u00e7\u00f5es, Gabriel ficou sabendo que a menina tinha sa\u00eddo mais cedo da escola. De acordo com a professora Marlene Stefanon, Araceli tinha \u201cido embora para casa por volta das quatro e meia da tarde, como a m\u00e3e mandou pedir num bilhete\u201d.<\/p>\n<p style=\"text-align: justify;\">Na v\u00e9spera, Lola tivera uma rea\u00e7\u00e3o aparentemente normal ao constatar a demora da filha em chegar em casa. Primeiro, ficou enervada; depois, preocupada. No s\u00e1bado, tarde da noite, sofreu uma crise nervosa e precisou ser internada no Pronto Socorro da Santa Casa de Miseric\u00f3rdia. Ainda no in\u00edcio do processo, acabariam pesando sobre ela fortes suspeitas e graves acusa\u00e7\u00f5es. Lola foi apontada como viciada e traficante de coca\u00edna, fornecedora da droga para pessoas influentes da cidade e at\u00e9 amante de Jorge Michelini, tio de Dantinho. E mais: ela era irm\u00e3 de traficantes de Santa Cruz de La Sierra, para onde se mudou t\u00e3o logo o caso ganhou dimens\u00e3o, deixando para tr\u00e1s o marido Gabriel e o outro filho, Carlinhos. N\u00e3o se sabe at\u00e9 onde Lola facilitou ou estimulou a cobi\u00e7a dos assassinos em rela\u00e7\u00e3o a Araceli.<\/p>\n<p style=\"text-align: justify;\"><strong>Menina era usada no tr\u00e1fico de drogas<\/strong><br \/>\nA respeito de Dantinho e de Paulinho Helal, dizia-se que uma de suas divers\u00f5es durante o dia era rondar os col\u00e9gios da cidade em busca de poss\u00edveis v\u00edtimas, apostando na impunidade que o dinheiro dos pais podia comprar.Dante Barros Michelini era rico exportador de caf\u00e9 (t\u00e3o ligado a Dantinho que chegou a ser preso, acusado de tumultuar o inqu\u00e9rito para livrar o filho).Constanteen Helal, pai de Paulinho, era comerciante riqu\u00edssimo e poderoso membro da ma\u00e7onaria capixaba. Seus neg\u00f3cios tamb\u00e9m inclu\u00edam im\u00f3veis, hot\u00e9is, fazendas e casas comerciais. J\u00e1 o eletricista Gabriel, seu maior tesouro era a filha.<\/p>\n<p style=\"text-align: justify;\">No domingo, ele foi \u00e0 delegacia dar queixa, onde lhe foi dito que tudo seria feito para encontrar Araceli. Na Santa Casa, ele contou a Lola o resultado de sua busca e falou da garantia dos policiais de que tudo acabaria bem. Lola pareceu n\u00e3o acreditar \u2013 e chorou.<\/p>\n<p style=\"text-align: justify;\">O escritor Jos\u00e9 Louzeiro n\u00e3o tem d\u00favida:<\/p>\n<p style=\"text-align: justify;\">Lola foi, indiretamente, a causadora do hediondo crime de que sua filha foi v\u00edtima. \u201cNa sexta-feira, a mando da m\u00e3e, Araceli tinha ido levar um envelope no edif\u00edcio Apoio, no Centro de Vit\u00f3ria, ainda em constru\u00e7\u00e3o, mas que j\u00e1 tinha uns tr\u00eas ou quatro apartamentos prontos, no 8\u00ba andar. A menina n\u00e3o sabia, mas o envelope continha drogas. Num dos apartamentos, Paulinho Helal, Dantinho e outros se drogavam. Ela chegou, foi agarrada e n\u00e3o saiu mais com vida\u201d, conta o escritor.<\/p>\n<p style=\"text-align: justify;\">O que aconteceu realmente com Araceli Cabrera Crespo talvez nunca se saiba. E talvez, seja bom mesmo n\u00e3o conhecer os detalhes, tamanha \u00e9 a brutalidade que o exame de corpo delito deixa entrever.<\/p>\n<p style=\"text-align: justify;\"><img decoding=\"async\" class=\"alignleft size-full wp-image-20496\" style=\"margin: 0px 5px 5px 0px; float: left; cursor: pointer;\" onclick=\"window.open('http:\/\/antonini.med.br\/blog\/wp-content\/uploads\/2013\/12\/araceli-7.jpg', 'pop', 'toolbar=0, location=0, directories=0, status=0, menubar=0, scrollbars=0, copyhistory=0, resizable=1, width=342, height=505, left=0, top=0'); if((navigator.appName=='Microsoft Internet Explorer' &amp;&amp; navigator.appVersion.substring(0,3)=='4.0')==false) pop.focus();\" alt=\"araceli-7\" src=\"http:\/\/antonini.med.br\/blog\/wp-content\/uploads\/2013\/12\/araceli-7.jpg\" width=\"300\" \/>A menina foi estupidamente martirizada. Araceli foi espancada, estuprada, drogada e morta numa orgia de drogas e sexo. Sua vagina, seu peito e sua barriga tinham marcas de dentes. Seu queixo foi deslocado com um golpe. Finalmente, seu corpo \u2013 o rosto, principalmente \u2013 foi desfigurado com \u00e1cido.<\/p>\n<p style=\"text-align: justify;\"><strong>Corrup\u00e7\u00e3o e cumplicidade da pol\u00edcia<\/strong><br \/>\n<strong>Seis dias depois do massacre da menina<\/strong>, um moleque ca\u00e7ava passarinhos num terreno baldio atr\u00e1s do Hospital Infantil Menino Jesus, na Praia Comprida, perto do Centro da capital. Mas o que ele encontrou foi o corpo despido e desfigurado de Araceli. Come\u00e7ou, ent\u00e3o, a ser tecida uma rede de cumplicidade e corrup\u00e7\u00e3o, que envolveu a pol\u00edcia e o judici\u00e1rio e impediu a apura\u00e7\u00e3o do crime e o julgamento dos acusados por uma sociedade silenciada pelo medo e oprimida pelo abuso de poder.<\/p>\n<p style=\"text-align: justify;\">Dois meses ap\u00f3s o aparecimento do corpo, num dia qualquer de julho de 1973, o superintendente de Pol\u00edcia Civil do Esp\u00edrito Santo, Gilberto Barros Faria, fez uma revela\u00e7\u00e3o bomb\u00e1stica. Ele afirmou que j\u00e1 sabia o nome dos criminosos, v\u00e1rios, e que a popula\u00e7\u00e3o de Vit\u00f3ria ficaria estarrecida quando fossem anunciados, no dia seguinte. Barros havia retirado cabelos de um pente usado por Araceli e do corpo encontrado e levado para exames em Bras\u00edlia. confirmando que eram iguais. Por que a provid\u00eancia? At\u00e9 ent\u00e3o, havia d\u00favidas que era de Araceli o corpo que apareceu desfigurado no terreno baldio. Gabriel sabia que era o da filha \u2013 ele o reconheceu por um sinal de nascen\u00e7a, num dos dedos dos p\u00e9s. Mas Lola disse o contr\u00e1rio. Assim que se recuperou, ela foi ao IML reconhecer o corpo e afirmou que n\u00e3o era de sua filha. Louzeiro recorda um outro fato a respeito disso, altamente elucidativo. Certo dia, Gabriel levou o cachorro Radar ao IML s\u00f3 para confirmar, ainda mais sua certeza. N\u00e3o deu outra: mesmo com a gaveta fechada, animal agiu realmente como um radar, como Araceli premonizara, e foi direto \u00e0 geladeira onde estava o corpo de sua dona.<\/p>\n<p style=\"text-align: justify;\"><img decoding=\"async\" style=\"margin: 0px 0px 5px 5px; float: right; cursor: pointer;\" onclick=\"window.open('http:\/\/antonini.med.br\/blog\/wp-content\/uploads\/2013\/12\/araceli-8.jpg', 'pop', 'toolbar=0, location=0, directories=0, status=0, menubar=0, scrollbars=0, copyhistory=0, resizable=1, width=570, height=450, left=0, top=0'); if((navigator.appName=='Microsoft Internet Explorer' &amp;&amp; navigator.appVersion.substring(0,3)=='4.0')==false) pop.focus();\" alt=\"araceli-8\" src=\"http:\/\/antonini.med.br\/blog\/wp-content\/uploads\/2013\/12\/araceli-8.jpg\" width=\"300\" \/><strong>O delegado muda de opini\u00e3o<\/strong><br \/>\nPor\u00e9m, sem que explicasse o porqu\u00ea (na noite anterior, ele tivera um encontro com Dante Michelini), Barros Faria mudou de opini\u00e3o e, ao inv\u00e9s de estarrecer a popula\u00e7\u00e3o de Vit\u00f3ria, provocou riso e deboche por uma lado, e revolta, por outro. O assassino de Araceli, segundo ele, era um velho negro, demente, que perambulava pela Praia do Su\u00e1, perto da escola da menina. Come\u00e7ava a escalada de suborno, ou de medo. Coisa que n\u00e3o fazia parte do car\u00e1ter de um sargento da Pol\u00edcia Militar, lotado no servi\u00e7o secreto, e de um vereador do MDB de Vit\u00f3ria.<\/p>\n<p style=\"text-align: justify;\">O primeiro, Homero Dias, acabaria pagando com a vida as investiga\u00e7\u00f5es que fez. Certo de que estava mexendo em casa de marimbondos, o sargento Homero procurava se cercar de muito cuidado durante suas investiga\u00e7\u00f5es. Tudo que apurava, ele comunicava a seu superior imediato, ocapit\u00e3o Manoel Ara\u00fajo, tamb\u00e9m delegado de pol\u00edcia, em quem confiava.<\/p>\n<p style=\"text-align: justify;\">A esposa, Elza, e ao sogro, Jo\u00e3o Dias, confidenciou certa vez: \u201cJ\u00e1 tenho material para incriminar muita gente. Acho que o capit\u00e3o Ara\u00fajo j\u00e1 pode interrogar o filho de Constanteen Helal.\u201d<\/p>\n<p style=\"text-align: justify;\">Repentinamente, Homero foi afastado do caso pelo pr\u00f3prio capit\u00e3o Ara\u00fajo e recebeu ordens de perseguir o traficante Jos\u00e9 Paulo Barbosa. o Paulinho Boca Negra, na ilha do Pr\u00edncipe. Na opera\u00e7\u00e3o, Homero foi atingido nas costas e morreu.<\/p>\n<p style=\"text-align: justify;\">O pr\u00f3prio Boca Negra diria depois, na Penitenci\u00e1ria de Vit\u00f3ria, at\u00e9 ser calado para sempre, tempos ap\u00f3s, com 27 facadas:<\/p>\n<p style=\"text-align: justify;\"><strong>\u201cQuem matou o sargento Homero foi o soldado da PM que estava com ele. Eu vi quando ele atirou.\u201d<\/strong><\/p>\n<p><img decoding=\"async\" class=\"aligncenter size-full wp-image-20504\" style=\"margin: 5px auto; display: block; text-align: center;\" alt=\"araceli-9\" src=\"http:\/\/antonini.med.br\/blog\/wp-content\/uploads\/2013\/12\/araceli-9.jpg\" width=\"554\" \/><\/p>\n<p style=\"text-align: justify;\"><strong>Evid\u00eancias apontam para Helal e Dantinho<\/strong><br \/>\nO vereador era Cl\u00e9rio Vieira Falc\u00e3o, falecido h\u00e1 cerca de seis anos, que travou incans\u00e1vel luta para botar na cadeia os assassinos de Araceli. Ele deflagrou uma campanha, que repercutiu em todo o pa\u00eds, exigindo a apura\u00e7\u00e3o do crime e a apura\u00e7\u00e3o dos culpados, que apontava: Dante de Brito Michelini, Paulo Constanteen Helal e a amante deste, Marisley Fernandes Muniz, viciada em drogas. O nome dela surgiu no caso gra\u00e7as \u00e0 paciente investiga\u00e7\u00e3o feita pelo perito Asdr\u00fabal de Lima Cabral, o Dudu, que, com a ajuda de seu colega carioca Carlos \u00c9boli, tamb\u00e9m muito contribuiu para que o caso n\u00e3o fosse esquecido. Louzeiro recorda, por exemplo, que certa ocasi\u00e3o Dudu seguiu a m\u00e3e de Araceli, Lola, at\u00e9 S\u00e3o Paulo. Ela tinha sa\u00eddo de Vit\u00f3ria vestida praticamente como uma mendiga e, num hotel da capital paulista, vestira roupas elegantes e embarcara num avi\u00e3o para a Bol\u00edvia. Motivo: comprar drogas para a gangue dos acusados, mesmo ap\u00f3s a morte da filha.<\/p>\n<p style=\"text-align: justify;\">Eleito deputado, Cl\u00e9rio Falc\u00e3o conseguiu formar uma CPI para apurar o caso, que obteve mais resultados que a pr\u00f3pria pol\u00edcia. Ouvida na CPI, Marisley Fernandes declarou que o casar\u00e3o do Jardim dos Anjos era reduto de festas de filhos de milion\u00e1rios, onde se consumia grandes quantidades de coca\u00edna e LSD.<\/p>\n<p style=\"text-align: justify;\">Ela tamb\u00e9m disse, mas depois negou, que Paulinho Helal a tinha levado ao local onde estava o corpo de Araceli, num carro onde havia um frasco com um l\u00edquido amarelo e luvas. O objetivo dele, segundo a amante, era ver se precisava despejar mais \u00e1cido no cad\u00e1ver para dificultar o reconhecimento. Tamb\u00e9m convocado a depor na CPI, o perito Carlos \u00c9boli disse que os assassinos deram uma dose excessiva de LSD a Araceli.<\/p>\n<p style=\"text-align: justify;\">O Caso Araceli tamb\u00e9m fez v\u00edtimas do lado dos acusados. Uma delas foi o jovem Fortunato Piccin, um viciado que perdia completamente a raz\u00e3o quando se drogava em excesso. Ele foi apontado pelo capit\u00e3o Manoel Ara\u00fajo como suspeito do crime e morreu depois de tomar um rem\u00e9dio trocado, na Santa Casa de Miseric\u00f3rdia de Vit\u00f3ria, da qual Constanteen Helal era provedor. Tamb\u00e9m h\u00e1 suspeitas de que o pr\u00f3prio Jorge Michelini, tio de Dantinho, tenha sido eliminado por amea\u00e7ar contar tudo que sabia. Numa madrugada, o carro que dirigia foi atingido pelo \u00f4nibus de uma empresa, cujos ve\u00edculos s\u00f3 circulavam at\u00e9 meia-noite.<\/p>\n<p style=\"text-align: justify;\">Segundo Louzeiro, outros dois assassinados foram um mec\u00e2nico que prestava servi\u00e7os para Paulinho Helal e o porteiro do Edif\u00edcio Apolo.<\/p>\n<p style=\"text-align: justify;\">O corpo de Araceli, segundo as investiga\u00e7\u00f5es, teria sido levado num Karmann-Ghia do Edif\u00edcio Apolo para o Bar Franciscano, onde ficou dentro de uma geladeira. Posteriormente, o corpo teria sido conduzido \u00e0 Santa Casa de Miseric\u00f3rdia, com a cumplicidade do funcion\u00e1rio do servi\u00e7o de necr\u00f3psia Arnaldo Neres, que viraria depois dono de funer\u00e1ria.<\/p>\n<p style=\"text-align: justify;\"><img decoding=\"async\" class=\"aligncenter size-full wp-image-20508\" style=\"margin: 5px auto; display: block; text-align: center;\" alt=\"araceli-10\" src=\"http:\/\/antonini.med.br\/blog\/wp-content\/uploads\/2013\/12\/araceli-10.jpg\" width=\"488\" \/><\/p>\n<p style=\"text-align: justify;\">Finalmente, o cad\u00e1ver da menina foi deixado no terreno baldio. Muita gente viu e soube do que estava acontecendo durante aqueles dias. Os carrascos de Araceli fizeram tudo quase abertamente, tal a certeza da impunidade.<\/p>\n<p style=\"text-align: justify;\">O inqu\u00e9rito policial n\u00e3o passou de uma farsa e o longo processo judicial n\u00e3o conseguiu transformar evid\u00eancias em provas.<\/p>\n<p style=\"text-align: justify;\">Ainda assim, em agosto de 1977, o juiz Hilton Sily (falecido em abril passado), determinou a pris\u00e3o de Dante de Brito Michelini e Paulo Constanteen Helal, pelo assassinato de Araceli, e de Dante Barros Michelini, acusado de tumultuar o inqu\u00e9rito para livrar o filho. Em outubro do mesmo ano eles j\u00e1 estavam soltos e o juiz havia sido \u201cpromovido\u201d a desembargador. Em 1980, Dantinho e Paulinho foram julgados e condenados, mas a senten\u00e7a foi anulada.<\/p>\n<p style=\"text-align: justify;\">Em novo julgamento, realizado em 1991, os re\u00fas foram absolvidos.<\/p>\n<p style=\"text-align: justify;\">O crime j\u00e1 prescreveu. Mas o Caso Araceli \u00e9 uma ferida que nunca cicatrizou completamente. Mexer com o assunto em Vit\u00f3ria ainda desperta medo, revolta e incredulidade.<\/p>\n<p style=\"text-align: justify;\">Fonte: Pedro Argemiro, revista Crimes Que Abalaram o Brasil<\/p>\n<p style=\"text-align: justify;\"><img decoding=\"async\" class=\"aligncenter size-full wp-image-20510\" style=\"margin: 5px auto; display: block; text-align: center;\" alt=\"araceli-11\" src=\"http:\/\/antonini.med.br\/blog\/wp-content\/uploads\/2013\/12\/araceli-11.jpg\" width=\"550\" \/><\/p>\n<p style=\"text-align: justify;\"><strong>Queima de Arquivo<\/strong><br \/>\nDe acordo com o relato de Jos\u00e9 Louzeiro, autor do livro Aracelli, Meu Amor, o caso produziu 14 mortes, desde poss\u00edveis testemunhas at\u00e9 pessoas interessadas em desvendar o crime. Ele pr\u00f3prio, enquanto investigava o crime em Vit\u00f3ria para produzir seu livro-reportagem, teria sido alvo de &#8220;queima de arquivo&#8221;. De acordo com ele, um funcion\u00e1rio de hotel, pertencente \u00e0 fam\u00edlia Helal, teria lhe alertado de que estava correndo risco de morte. A partir de ent\u00e3o, Louzeiro passou a preencher ficha num hotel e se hospedar em outro. Araceli foi sepultada, 3 anos depois, no Cemit\u00e9rio Municipal de Serra-Sede, no t\u00famulo de n\u00famero 1213, na cidade de Serra.<\/p>\n<p style=\"text-align: justify;\"><img decoding=\"async\" class=\"aligncenter size-full wp-image-20512\" style=\"margin: 5px auto; display: block; text-align: center;\" alt=\"araceli-12\" src=\"http:\/\/antonini.med.br\/blog\/wp-content\/uploads\/2013\/12\/araceli-12.jpg\" width=\"294\" \/><\/p>\n<p style=\"text-align: justify;\"><strong>Como est\u00e3o os acusados<\/strong><br \/>\nConstanteen Helal:empres\u00e1rio, membro vigilante da ma\u00e7onaria, diretor executivo da escola do ex\u00e9rcito do Esp\u00edrito Santo e membro da diretoria da Assembleia legislativa do Es. Ele tem 93 anos.<\/p>\n<p style=\"text-align: justify;\">Dante de Barros Michelini: empres\u00e1rio,exportador de caf\u00e9,ajudou no crescimento na \u00e9poca da ditadura no ES.\u00c9 aposentado,mas ainda assim tem liga\u00e7\u00e3o total com toda a pol\u00edcia, imprensa,poder judici\u00e1rio do estado do ES. Ele tem 91 anos.<\/p>\n<p style=\"text-align: justify;\">Dante de Brito Michelini: empres\u00e1rio,dono de v\u00e1rios estabelecimentos comerciais ,varejistas e hoteleiros no ES.Ele tem 60 anos.<\/p>\n<p style=\"text-align: justify;\">Paulo Constanteen Helal:empres\u00e1rio,amigo de advogados ,vi\u00favo e tem seu filho,que \u00e9 advogado na assembleia legislativa do ES. Ele tem 60 anos.<\/p>\n<p style=\"text-align: justify;\">Antonio Cl\u00e1udio Guerra: Na \u00e9poca,amigo de Constanteen Helal,membro da ma\u00e7onaria tamb\u00e9m.Foi delegado e executou v\u00e1rias mortes,inclusive de algumas testemunhas do Caso Araceli.Hoje ele \u00e9 pastor da assembleia de deus.Ele tem 71 anos.<\/p>\n<p style=\"text-align: justify;\">Fontes: Caso Araceli \/Facebook \/ Orkut \/\u00a0 Brasil Sem pedofilia<\/p>\n<p style=\"text-align: justify;\">* O pai de Araceli morreu em 2001. A m\u00e3e continua viva na Bol\u00edvia.<\/p>\n<p style=\"text-align: center;\">[nggallery id=64]<\/p>\n<p style=\"text-align: center;\">[<a href=\"javascript:history.go(-1)\">Voltar<\/a>]<\/p>\n","protected":false},"excerpt":{"rendered":"<p>Dezoito de maio \u00e9 uma data importante. \u00c9 o Dia Nacional de Combate ao Abuso e Explora\u00e7\u00e3o Sexual de Crian\u00e7as e Adolescentes.<\/p>\n","protected":false},"author":1,"featured_media":0,"comment_status":"open","ping_status":"open","sticky":false,"template":"","format":"standard","meta":{"footnotes":""},"categories":[27],"tags":[],"class_list":["post-20482","post","type-post","status-publish","format-standard","hentry","category-noticias"],"_links":{"self":[{"href":"https:\/\/antonini.psc.br\/index.php?rest_route=\/wp\/v2\/posts\/20482","targetHints":{"allow":["GET"]}}],"collection":[{"href":"https:\/\/antonini.psc.br\/index.php?rest_route=\/wp\/v2\/posts"}],"about":[{"href":"https:\/\/antonini.psc.br\/index.php?rest_route=\/wp\/v2\/types\/post"}],"author":[{"embeddable":true,"href":"https:\/\/antonini.psc.br\/index.php?rest_route=\/wp\/v2\/users\/1"}],"replies":[{"embeddable":true,"href":"https:\/\/antonini.psc.br\/index.php?rest_route=%2Fwp%2Fv2%2Fcomments&post=20482"}],"version-history":[{"count":1,"href":"https:\/\/antonini.psc.br\/index.php?rest_route=\/wp\/v2\/posts\/20482\/revisions"}],"predecessor-version":[{"id":30120,"href":"https:\/\/antonini.psc.br\/index.php?rest_route=\/wp\/v2\/posts\/20482\/revisions\/30120"}],"wp:attachment":[{"href":"https:\/\/antonini.psc.br\/index.php?rest_route=%2Fwp%2Fv2%2Fmedia&parent=20482"}],"wp:term":[{"taxonomy":"category","embeddable":true,"href":"https:\/\/antonini.psc.br\/index.php?rest_route=%2Fwp%2Fv2%2Fcategories&post=20482"},{"taxonomy":"post_tag","embeddable":true,"href":"https:\/\/antonini.psc.br\/index.php?rest_route=%2Fwp%2Fv2%2Ftags&post=20482"}],"curies":[{"name":"wp","href":"https:\/\/api.w.org\/{rel}","templated":true}]}}