{"id":20531,"date":"2013-12-30T02:14:53","date_gmt":"2013-12-30T02:14:53","guid":{"rendered":"http:\/\/antonini.med.br\/home\/?p=20531"},"modified":"2022-02-15T02:39:47","modified_gmt":"2022-02-15T02:39:47","slug":"pronunciamento-de-final-de-ano-da-anta-presidente-29-de-dezembro-de-2013","status":"publish","type":"post","link":"https:\/\/antonini.psc.br\/?p=20531","title":{"rendered":"Pronunciamento de final de ano da presidente &#8211; 29 de dezembro de 2013"},"content":{"rendered":"<p style=\"text-align: justify;\">A presidente Dilma Rousseff foi na noite deste domingo (29) ao r\u00e1dio e \u00e0 televis\u00e3o fazer seu \u00faltimo pronunciamento do ano. Na imagem \u00e0 direita do discurso, v\u00ea-se a pesquisa de opini\u00e3o feita pelo portal UOL, mostrando que a maioria absoluta dos votantes acreditam que o Brasil piorou neste ano.<!--more--><\/p>\n<p style=\"text-align: justify;\"><img decoding=\"async\" class=\"aligncenter size-full wp-image-20535\" style=\"margin: 0px 0px 5px 5px; float: right;\" alt=\"Captura_de_tela-9\" src=\"http:\/\/antonini.med.br\/home\/wp-content\/uploads\/2013\/12\/Captura_de_tela-9.png\" width=\"315\" srcset=\"https:\/\/antonini.psc.br\/wp-content\/uploads\/2013\/12\/Captura_de_tela-9.png 315w, https:\/\/antonini.psc.br\/wp-content\/uploads\/2013\/12\/Captura_de_tela-9-149x300.png 149w\" sizes=\"(max-width: 315px) 100vw, 315px\" \/>Ela fez um balan\u00e7o das a\u00e7\u00f5es de governo em 2013 e algumas promessas para 2014, dizendo que o Brasil &#8220;termina o ano melhor do que come\u00e7ou&#8221;.<\/p>\n<p style=\"text-align: justify;\">Leia abaixo a \u00edntegra da fala da presidente:<\/p>\n<p style=\"text-align: justify;\"><em>&#8220;Minhas amigas e meus amigos,<\/em><br \/>\n<em>Gra\u00e7as ao esfor\u00e7o de todas as brasileiras e de todos os brasileiros, o Brasil termina o ano melhor do que come\u00e7ou. Temos motivos tamb\u00e9m para esperar um 2014 melhor do que foi 2013.<\/em><br \/>\n<em>Em pronunciamento na TV, Dilma disse que o Brasil termina 2013 melhor do que come\u00e7ou. Voc\u00ea concorda?<\/em><\/p>\n<p style=\"text-align: justify;\"><em>As dificuldades que enfrentamos aqui dentro e l\u00e1 fora n\u00e3o foram capazes de interromper o ciclo positivo que vivemos e que tem garantido que a vida dos brasileiros melhore gradativamente a cada ano. Nos \u00faltimos anos, somos um dos raros pa\u00edses do mundo em que o n\u00edvel da popula\u00e7\u00e3o n\u00e3o recuou ou se espatifou em meio a alguma grave crise. Chegamos at\u00e9 aqui melhorando de vida, pouco a pouco, mas sempre de maneira firme e segura. Construindo a base para que a express\u00e3o &#8220;melhorar de vida&#8221; deixe de ser em um futuro pr\u00f3ximo um sonho parcialmente realizado, torne-se a realidade plena e ineg\u00e1vel da vida de cada brasileiro e de cada brasileira.<\/em><\/p>\n<p style=\"text-align: justify;\"><em>\u00c9 para isso que voc\u00ea pega duro no batente todos os dias. \u00c9 para que o seu esfor\u00e7o traga resultados ainda mais r\u00e1pidos que cobro todo os minutos um bom desempenho do meu governo. N\u00e3o existe nada mais importante para mim do que ver as fam\u00edlias brasileiras melhorando de vida, mais felizes, mais tranquilas e mais satisfeitas com o fruto do seu trabalho. Por isso, sinto alegria de poder tranquilizar voc\u00eas dizendo-lhes que entrem em 2014 com a certeza que o seu padr\u00e3o de vida vai ser ainda melhor do que voc\u00ea tem hoje. Sem risco de desemprego, podendo pagar suas presta\u00e7\u00f5es, em condi\u00e7\u00f5es de abrir sua empresa ou ampliar o seu pr\u00f3prio neg\u00f3cio. Entrem em 2014 com toda energia e otimismo e com a certeza de que a vida vai continuar melhorando. Reflitam sobre o que aconteceu de positivo nos \u00faltimos anos na vida do Brasil, na sua vida e na vida de sua fam\u00edlia e projetem isso de forma ampliada para os pr\u00f3ximos anos.<\/em><\/p>\n<p style=\"text-align: justify;\"><em>Voc\u00ea, jovem, sabe o quanto o seu padr\u00e3o de vida melhorou comparado ao que voc\u00ea tinha na inf\u00e2ncia e ao que seus pais tinham na sua idade. Usem essa fotografia do presente e do passado recente como pano de fundo para projetar o futuro.\u00a0 Essa \u00e9 a melhor b\u00fassola para navegar neste novo Brasil.<\/em><\/p>\n<p style=\"text-align: justify;\"><em>Minhas amigas e meus amigos,<\/em><br \/>\n<em>Neste ano de 2013, continuamos nossa luta vigorosa em defesa do emprego e da valoriza\u00e7\u00e3o do sal\u00e1rio do trabalhador. Uma luta plenamente vitoriosa, pois alcan\u00e7amos o menor \u00edndice de desemprego da hist\u00f3ria. Estamos com uma das menores taxas de desemprego do mundo, continuamos nossa luta constante contra a carestia. Nela tivemos alguns problemas localizados, mas chegamos a um ponto de equil\u00edbrio que garante a tranquilidade do planejamento das fam\u00edlias e das empresas.<\/em><\/p>\n<p style=\"text-align: justify;\"><em>Nisso o governo teve uma a\u00e7\u00e3o firme, atuou nos gastos e garantiu o equil\u00edbrio fiscal, atuou na redu\u00e7\u00e3o de impostos e na diminui\u00e7\u00e3o da conta de luz, nesses \u00faltimos casos enfrentando duras cr\u00edticas daqueles que n\u00e3o se preocupam com o bolso da popula\u00e7\u00e3o brasileira.<\/em><\/p>\n<p style=\"text-align: justify;\"><em>Neste ano o Brasil apoiou como nunca o empreendedor individual, o pequeno e o m\u00e9dio empres\u00e1rios, diminuindo impostos, reduzindo a burocracia e facilitando o cr\u00e9dito. Continuamos nossa luta incans\u00e1vel pela constru\u00e7\u00e3o de um grande futuro para o Brasil, viabilizando a explora\u00e7\u00e3o do pr\u00e9-sal e garantindo a destina\u00e7\u00e3o de seus fabulosos recursos para a educa\u00e7\u00e3o e a sa\u00fade. Ampliamos nossa luta pela melhoria de infraestrutura iniciando a mais ampla, justa e moderna parceria de todos os tempos com o setor privado para a constru\u00e7\u00e3o e a amplia\u00e7\u00e3o de estradas, portos e aeroportos. Aumentamos o apoio \u00e0 produ\u00e7\u00e3o agropecu\u00e1ria em todos os seus formatos e escalas produtivas. Continuamos a dif\u00edcil luta pela melhoria da sa\u00fade e da educa\u00e7\u00e3o, setores onde ainda temos muito a fazer, mas onde estamos conseguindo avan\u00e7os.<\/em><\/p>\n<p style=\"text-align: justify;\"><em>No caso da sa\u00fade, o Mais M\u00e9dicos foi um dos destaques. Hoje j\u00e1 temos 6,658 novos m\u00e9dicos em 2.177 cidades, beneficiando cerca de 23 milh\u00f5es de pessoas. Em mar\u00e7o ser\u00e3o 13 mil m\u00e9dicos e mais de 45 milh\u00f5es de brasileiros e brasileiras beneficiados.<\/em><\/p>\n<p style=\"text-align: justify;\"><em>Como toda m\u00e3e de fam\u00edlia sei que o patrim\u00f4nio mais valioso na vida dos nossos filhos \u00e9 a educa\u00e7\u00e3o. Por isso, estamos fazendo um esfor\u00e7o redobrado nesta \u00e1rea. Al\u00e9m de garantirmos mais vagas e mais qualidade em todos os n\u00edveis de ensino, aumentamos o n\u00famero de creches e escolas em tempo integral, de universidades e escolas t\u00e9cnicas, e consolidamos programas decisivos para a forma\u00e7\u00e3o profissional e o emprego, como o Pronatec e o Ci\u00eancia Sem Fronteiras. O Pronatec j\u00e1 beneficiou mais de 5 milh\u00f5es de jovens e adultos com cursos t\u00e9cnicos e de qualifica\u00e7\u00e3o profissional, enquanto o Ci\u00eancia Sem Fronteiras ofereceu 60 mil bolsas a estudantes brasileiros em algumas das melhores universidades do mundo.<\/em><\/p>\n<p style=\"text-align: justify;\"><em>Continuamos nosso esfor\u00e7o gigantesco para oferecer moradia para os pobres e para a classe m\u00e9dia. E o Minha Casa, Minha Vida transformou-se no mais exitoso programa desse g\u00eanero no mundo.<\/em><\/p>\n<p style=\"text-align: justify;\"><em>Refor\u00e7amos o programa Brasil Sem Mis\u00e9ria e estamos a um passo de acabara com a pobreza absoluta em todo o territ\u00f3rio nacional. Ampliamos nosso di\u00e1logo com todos os setores da sociedade e escutamos seus reclamos, implantando pactos para acelerar o cumprimento de nossos compromissos.<\/em><\/p>\n<p style=\"text-align: justify;\"><em>Defendemos uma reforma pol\u00edtica que amplie os canais de participa\u00e7\u00e3o popular e d\u00e1 maior legitimidade \u00e0 representa\u00e7\u00e3o pol\u00edtica.<\/em><br \/>\n<em>N\u00e3o abrimos m\u00e3o, em nenhum momento, de apoiar o combate \u00e0 corrup\u00e7\u00e3o em todos os n\u00edveis. Exatamente por isso, nunca no Brasil se investigou e se puniu tanto o malfeito. O Brasil tamb\u00e9m tem buscado apoiar fortemente suas popula\u00e7\u00f5es tradicionais, em especial os grupos ind\u00edgenas e os quilombolas. E eu tenho um imenso orgulho do programa Viver Sem Limites, que leva oportunidades e cidadania para as pessoas com defici\u00eancia.<\/em><\/p>\n<p style=\"text-align: justify;\"><em>Em suma, n\u00e3o deixamos em nenhum momento de lutar em favor de todos os brasileiros, em especial dos que mais precisam. Com o olhar muito especial para os jovens, para as mulheres e para os negros. Mas sabemos que h\u00e1 muito, muito mesmo ainda por fazer e muito, muito mesmo por melhorar.<\/em><br \/>\n<em>Minhas amigas e meus amigos,<\/em><\/p>\n<p style=\"text-align: justify;\"><em>O Brasil melhorou, a nossa vida melhorou, mas o melhor \u00e9 que temos tudo para melhorar ainda mais. O Brasil ser\u00e1 do tamanho que quisermos, do tamanho que o imaginemos. Se imaginarmos um pa\u00eds justo e grande e lutarmos por isso, assim o teremos. Se mergulharmos em pessimismo e ficarmos presos a disputas e interesses mesquinhos, teremos um pa\u00eds menor.<\/em><\/p>\n<p style=\"text-align: justify;\"><em>O mesmo racioc\u00ednio se aplica \u00e0 nossa economia. Assim como n\u00e3o existe um sistema econ\u00f4mico perfeito, dificilmente vai existir em qualquer \u00e9poca um pa\u00eds com economia perfeita. A economia \u00e9 um conjunto de vasos comunicantes em busca de permanente equil\u00edbrio. Em toda economia, sempre haver\u00e1 algo por fazer, algo a retocar, algo a corrigir, para conciliar o justo interesse da popula\u00e7\u00e3o e das classes trabalhadoras e os interesses dos setores produtivos.<\/em><\/p>\n<p style=\"text-align: justify;\"><em>Por isso, temos que agir sempre de forma produtiva e positiva, tentando buscar solu\u00e7\u00f5es e n\u00e3o ampliar os problemas. Se alguns setores, seja por que motivo for, instilarem desconfian\u00e7a, especialmente desconfian\u00e7a injustificada, isso \u00e9 muito ruim. A guerra psicol\u00f3gica pode inibir investimentos e retardar iniciativas.<\/em><\/p>\n<p style=\"text-align: justify;\"><em>Digo aos trabalhadores e empres\u00e1rios que continuo disposta a ouvi-los em tudo que for importante para o Brasil. Digo aos trabalhadores e aos empres\u00e1rios que apostar no Brasil \u00e9 o caminho mais r\u00e1pido para todos sa\u00edrem ganhando. O governo est\u00e1 atento e firme em seu compromisso de lutar contra a infla\u00e7\u00e3o e de manter o equil\u00edbrio das contas p\u00fablicas. Sabemos o que \u00e9 preciso para isso e nada nos far\u00e1 sair desse rumo, como tamb\u00e9m nada far\u00e1 mudar nosso rumo na luta em favor de mais distribui\u00e7\u00e3o de renda, diminui\u00e7\u00e3o da desigualdade pelo fim da mis\u00e9ria e em defesa das minorias.<\/em><\/p>\n<p style=\"text-align: justify;\"><em>N\u00e3o perderemos jamais nossa disposi\u00e7\u00e3o de lutar para que o povo brasileiro tenha uma sa\u00fade e educa\u00e7\u00e3o de mais qualidade hoje e no futuro. Por isso, no or\u00e7amento do pr\u00f3ximo ano os setores que mais tiveram aumento foram justamente a sa\u00fade, a educa\u00e7\u00e3o e o combate \u00e0 pobreza.<\/em><\/p>\n<p style=\"text-align: justify;\"><em>No m\u00e9dio e longo prazo, fizemos do pr\u00e9-sal nosso passaporte para o futuro, destinando seus recursos majoritariamente para a educa\u00e7\u00e3o.<\/em><\/p>\n<p style=\"text-align: justify;\"><em>Minhas amigas e meus amigos,<\/em><br \/>\n<em>O Brasil tem passado, tem presente e tem muito futuro. Existem poucos lugares no mundo onde o povo tenha melhores condi\u00e7\u00f5es de crescer, melhorar de vida e ser mais feliz. \u00c9 isso que sinto Brasil afora, \u00e9 isso que sinto cora\u00e7\u00e3o adentro.<\/em><\/p>\n<p style=\"text-align: justify;\"><em>Um ano novo cheio de felicidade e de prosperidade para voc\u00eas e de muito progresso e justi\u00e7a social para o Brasil.<\/em><br \/>\n<em>Obrigada e boa noite.&#8221;<\/em><\/p>\n<p style=\"text-align: center;\">[<a href=\"javascript:history.go(-1)\">Voltar<\/a>]<\/p>\n","protected":false},"excerpt":{"rendered":"<p>A presidente Dilma Rousseff foi na noite deste domingo (29) ao r\u00e1dio e \u00e0 televis\u00e3o fazer seu \u00faltimo pronunciamento do ano. Na imagem \u00e0 direita do discurso, v\u00ea-se a pesquisa de opini\u00e3o feita pelo portal UOL, mostrando que a maioria absoluta dos votantes acreditam que o Brasil piorou neste ano.<\/p>\n","protected":false},"author":1,"featured_media":0,"comment_status":"open","ping_status":"open","sticky":false,"template":"","format":"standard","meta":{"footnotes":""},"categories":[27],"tags":[],"class_list":["post-20531","post","type-post","status-publish","format-standard","hentry","category-noticias"],"_links":{"self":[{"href":"https:\/\/antonini.psc.br\/index.php?rest_route=\/wp\/v2\/posts\/20531","targetHints":{"allow":["GET"]}}],"collection":[{"href":"https:\/\/antonini.psc.br\/index.php?rest_route=\/wp\/v2\/posts"}],"about":[{"href":"https:\/\/antonini.psc.br\/index.php?rest_route=\/wp\/v2\/types\/post"}],"author":[{"embeddable":true,"href":"https:\/\/antonini.psc.br\/index.php?rest_route=\/wp\/v2\/users\/1"}],"replies":[{"embeddable":true,"href":"https:\/\/antonini.psc.br\/index.php?rest_route=%2Fwp%2Fv2%2Fcomments&post=20531"}],"version-history":[{"count":1,"href":"https:\/\/antonini.psc.br\/index.php?rest_route=\/wp\/v2\/posts\/20531\/revisions"}],"predecessor-version":[{"id":24330,"href":"https:\/\/antonini.psc.br\/index.php?rest_route=\/wp\/v2\/posts\/20531\/revisions\/24330"}],"wp:attachment":[{"href":"https:\/\/antonini.psc.br\/index.php?rest_route=%2Fwp%2Fv2%2Fmedia&parent=20531"}],"wp:term":[{"taxonomy":"category","embeddable":true,"href":"https:\/\/antonini.psc.br\/index.php?rest_route=%2Fwp%2Fv2%2Fcategories&post=20531"},{"taxonomy":"post_tag","embeddable":true,"href":"https:\/\/antonini.psc.br\/index.php?rest_route=%2Fwp%2Fv2%2Ftags&post=20531"}],"curies":[{"name":"wp","href":"https:\/\/api.w.org\/{rel}","templated":true}]}}