{"id":20565,"date":"2013-12-15T04:10:46","date_gmt":"2013-12-15T04:10:46","guid":{"rendered":"http:\/\/antonini.med.br\/blog\/?p=20565"},"modified":"2022-02-15T02:39:47","modified_gmt":"2022-02-15T02:39:47","slug":"assessor-da-casa-civil-tem-prisao-preventiva-decretada","status":"publish","type":"post","link":"https:\/\/antonini.psc.br\/?p=20565","title":{"rendered":"Assessor da Casa Civil tem pris\u00e3o preventiva decretada"},"content":{"rendered":"<p style=\"text-align: justify;\">O assessor especial da Casa Civil da Presid\u00eancia da Rep\u00fablica Eduardo Andr\u00e9 Gaievski teve pris\u00e3o preventiva decretada na noite desta sexta-feira. A decis\u00e3o foi da Justi\u00e7a de Realeza, no Paran\u00e1, cidade da qual ele foi prefeito por dois mandatos, entre 2005 e 2012.<!--more--><\/p>\n<p style=\"text-align: justify;\">Segundo a revista Veja, ele \u00e9 investigado por estupro de vulner\u00e1veis em um inqu\u00e9rito que tramita em segredo no f\u00f3rum da cidade e que conseguiu reunir depoimentos de supostas v\u00edtimas.<\/p>\n<p style=\"text-align: justify;\">O assessor da Casa Civil nega todas as acusa\u00e7\u00f5es e afirma que as den\u00fancias foram armadas por advers\u00e1rios pol\u00edticos no intuito de prejudicar a ministra Gleisi Hoffmann. Foi a ministra quem convidou Gaievski para o cargo, que Gaievski assumiu em janeiro.<\/p>\n<p style=\"text-align: center;\">[<a href=\"javascript:history.go(-1)\">Voltar<\/a>]<\/p>\n","protected":false},"excerpt":{"rendered":"<p>O assessor especial da Casa Civil da Presid\u00eancia da Rep\u00fablica Eduardo Andr\u00e9 Gaievski teve pris\u00e3o preventiva decretada na noite desta sexta-feira. A decis\u00e3o foi da Justi\u00e7a de Realeza, no Paran\u00e1, cidade da qual ele foi prefeito por dois mandatos, entre 2005 e 2012.<\/p>\n","protected":false},"author":1,"featured_media":0,"comment_status":"open","ping_status":"open","sticky":false,"template":"","format":"standard","meta":{"footnotes":""},"categories":[27],"tags":[],"class_list":["post-20565","post","type-post","status-publish","format-standard","hentry","category-noticias"],"_links":{"self":[{"href":"https:\/\/antonini.psc.br\/index.php?rest_route=\/wp\/v2\/posts\/20565","targetHints":{"allow":["GET"]}}],"collection":[{"href":"https:\/\/antonini.psc.br\/index.php?rest_route=\/wp\/v2\/posts"}],"about":[{"href":"https:\/\/antonini.psc.br\/index.php?rest_route=\/wp\/v2\/types\/post"}],"author":[{"embeddable":true,"href":"https:\/\/antonini.psc.br\/index.php?rest_route=\/wp\/v2\/users\/1"}],"replies":[{"embeddable":true,"href":"https:\/\/antonini.psc.br\/index.php?rest_route=%2Fwp%2Fv2%2Fcomments&post=20565"}],"version-history":[{"count":1,"href":"https:\/\/antonini.psc.br\/index.php?rest_route=\/wp\/v2\/posts\/20565\/revisions"}],"predecessor-version":[{"id":30115,"href":"https:\/\/antonini.psc.br\/index.php?rest_route=\/wp\/v2\/posts\/20565\/revisions\/30115"}],"wp:attachment":[{"href":"https:\/\/antonini.psc.br\/index.php?rest_route=%2Fwp%2Fv2%2Fmedia&parent=20565"}],"wp:term":[{"taxonomy":"category","embeddable":true,"href":"https:\/\/antonini.psc.br\/index.php?rest_route=%2Fwp%2Fv2%2Fcategories&post=20565"},{"taxonomy":"post_tag","embeddable":true,"href":"https:\/\/antonini.psc.br\/index.php?rest_route=%2Fwp%2Fv2%2Ftags&post=20565"}],"curies":[{"name":"wp","href":"https:\/\/api.w.org\/{rel}","templated":true}]}}