{"id":20623,"date":"2014-01-14T14:25:52","date_gmt":"2014-01-14T14:25:52","guid":{"rendered":"http:\/\/antonini.med.br\/home\/?p=20623"},"modified":"2022-02-15T02:39:46","modified_gmt":"2022-02-15T02:39:46","slug":"dois-cafezinhos-ajudam-a-melhorar-a-sua-memoria-de-longo-prazo","status":"publish","type":"post","link":"https:\/\/antonini.psc.br\/?p=20623","title":{"rendered":"Dois cafezinhos ajudam a melhorar a sua mem\u00f3ria de longo prazo"},"content":{"rendered":"<p style=\"text-align: justify;\">In\u00fameros estudos, al\u00e9m desste, j\u00e1 apontaram os benef\u00edcios da cafe\u00edna (tri-metil-xantina), o principal componente psicoativo do caf\u00e9, sobre a mem\u00f3ria, mas de acordo com o estudo da <a href=\"http:\/\/lattes.cnpq.br\/7042441991286175\" target=\"_blank\" rel=\"noopener noreferrer\">Prof\u00aa Dr\u00aa M\u00edriam Elizabeth Mendes Angelucci<\/a>, com camundongos, a cafe\u00edna, se ingerida na fase de aquisi\u00e7\u00e3o &#8211; quando o indiv\u00edduo est\u00e1 lendo ou tentando aprender algo &#8211; bloqueia a memoriza\u00e7\u00e3o.<!--more--><\/p>\n<p style=\"text-align: justify;\">Na fase de consolida\u00e7\u00e3o, quando o c\u00e9rebro est\u00e1 &#8220;guardando&#8221; as informa\u00e7\u00f5es recebidas, a cafe\u00edna facilita a memoriza\u00e7\u00e3o em qualquer quantidade, enquanto na evoca\u00e7\u00e3o, quando \u00e9 necess\u00e1rio lembrar e executar os conte\u00fados aprendidos ou memorizados, \u00a0a cafe\u00edna tamb\u00e9m \u00e9 ben\u00e9fica, mas em doses m\u00e1ximas de 100mg, ou seja, \u00a0um copo de cafezinho de 50ml ou uma x\u00edcara pequena. Acima disso h\u00e1 um bloqueio na evoca\u00e7\u00e3o e um decr\u00e9scimo na qualidade do rendimento.<\/p>\n<p style=\"text-align: justify;\">O\u00a0\u00a0<a href=\"http:\/\/www.nature.com\/neuro\/journal\/vaop\/ncurrent\/full\/nn.3623.html\" target=\"_blank\" rel=\"noopener noreferrer\">estudo<\/a>\u00a0liderado por\u00a0<a href=\"http:\/\/yassalab.org\/\" target=\"_blank\" rel=\"noopener noreferrer\">Michael Yassa<\/a>, contradiz o estudo de\u00a0M\u00edriam Angelucci ao atestar que a cafe\u00edna \u00e9 ben\u00e9fica na fase de aquisi\u00e7\u00e3o. At\u00e9 pode ser, pois os resultados obtidos por M\u00edriam Angelucci foram em estudos com camundongos Swiss (camundongo branco de laborat\u00f3rio), enquanto os resultados de Michael Yassa foram obtidos em experimentos com humanos.\u00a0<a href=\"http:\/\/gizmodo.uol.com.br\/dois-cafezinhos-memoria-longo-prazo\/\" target=\"_blank\" rel=\"noopener noreferrer\">Leia mais&#8230;<\/a><\/p>\n<p style=\"text-align: center;\">[<a href=\"javascript:history.go(-1)\">Voltar<\/a>]<\/p>\n","protected":false},"excerpt":{"rendered":"<p>In\u00fameros estudos, al\u00e9m desste, j\u00e1 apontaram os benef\u00edcios da cafe\u00edna (tri-metil-xantina), o principal componente psicoativo do caf\u00e9, sobre a mem\u00f3ria, mas de acordo com o estudo da Prof\u00aa Dr\u00aa M\u00edriam Elizabeth Mendes Angelucci, com camundongos, a cafe\u00edna, se ingerida na fase de aquisi\u00e7\u00e3o &#8211; quando o indiv\u00edduo est\u00e1 lendo ou tentando aprender algo &#8211; bloqueia [&hellip;]<\/p>\n","protected":false},"author":1,"featured_media":0,"comment_status":"open","ping_status":"open","sticky":false,"template":"","format":"standard","meta":{"footnotes":""},"categories":[27],"tags":[],"class_list":["post-20623","post","type-post","status-publish","format-standard","hentry","category-noticias"],"_links":{"self":[{"href":"https:\/\/antonini.psc.br\/index.php?rest_route=\/wp\/v2\/posts\/20623","targetHints":{"allow":["GET"]}}],"collection":[{"href":"https:\/\/antonini.psc.br\/index.php?rest_route=\/wp\/v2\/posts"}],"about":[{"href":"https:\/\/antonini.psc.br\/index.php?rest_route=\/wp\/v2\/types\/post"}],"author":[{"embeddable":true,"href":"https:\/\/antonini.psc.br\/index.php?rest_route=\/wp\/v2\/users\/1"}],"replies":[{"embeddable":true,"href":"https:\/\/antonini.psc.br\/index.php?rest_route=%2Fwp%2Fv2%2Fcomments&post=20623"}],"version-history":[{"count":2,"href":"https:\/\/antonini.psc.br\/index.php?rest_route=\/wp\/v2\/posts\/20623\/revisions"}],"predecessor-version":[{"id":27537,"href":"https:\/\/antonini.psc.br\/index.php?rest_route=\/wp\/v2\/posts\/20623\/revisions\/27537"}],"wp:attachment":[{"href":"https:\/\/antonini.psc.br\/index.php?rest_route=%2Fwp%2Fv2%2Fmedia&parent=20623"}],"wp:term":[{"taxonomy":"category","embeddable":true,"href":"https:\/\/antonini.psc.br\/index.php?rest_route=%2Fwp%2Fv2%2Fcategories&post=20623"},{"taxonomy":"post_tag","embeddable":true,"href":"https:\/\/antonini.psc.br\/index.php?rest_route=%2Fwp%2Fv2%2Ftags&post=20623"}],"curies":[{"name":"wp","href":"https:\/\/api.w.org\/{rel}","templated":true}]}}