{"id":20825,"date":"2014-02-24T00:56:28","date_gmt":"2014-02-24T00:56:28","guid":{"rendered":"http:\/\/antonini.med.br\/blog\/?p=20825"},"modified":"2022-02-15T02:39:46","modified_gmt":"2022-02-15T02:39:46","slug":"glaci-teresinha-zancan","status":"publish","type":"post","link":"https:\/\/antonini.psc.br\/?p=20825","title":{"rendered":"Glaci Teresinha Zancan"},"content":{"rendered":"<div id=\"aui_3_2_0_1113\">\n<p id=\"aui_3_2_0_1113\"><a href=\"http:\/\/www.cnpq.br\/web\/guest\/pioneiras-view\/-\/journal_content\/56_INSTANCE_a6MO\/10157\/1690534\" target=\"_blank\" rel=\"noopener\">Glaci Teresinha Zancan (1934- 2007)<\/a> Bioqu\u00edmica<!--more--><\/p>\n<p style=\"text-align: justify;\"><img decoding=\"async\" class=\"aligncenter size-full wp-image-20830\" style=\"margin: 0px 5px 5px 0px; float: left; cursor: pointer;\" onclick=\"window.open('http:\/\/antonini.med.br\/blog\/wp-content\/uploads\/2014\/02\/glaci_zancan.jpg', 'pop', 'toolbar=0, location=0, directories=0, status=0, menubar=0, scrollbars=1, copyhistory=0, resizable=1, width=741, height=923, left=0, top=0'); if((navigator.appName=='Microsoft Internet Explorer' &amp;&amp; navigator.appVersion.substring(0,3)=='4.0')==false) pop.focus();\" alt=\"glaci_zancan\" src=\"http:\/\/antonini.med.br\/blog\/wp-content\/uploads\/2014\/02\/glaci_zancan.jpg\" width=\"300\" \/>Nasceu na cidade de S\u00e3o Borja, Rio Grande do Sul, em 16 de agosto de 1934, filha de Fernando e Maria Zancan, filhos de imigrantes italianos. Cursou o prim\u00e1rio na Escola Normal Sagrado Cora\u00e7\u00e3o de Jesus (1941 a 1946) em S\u00e3o Borja e o secund\u00e1rio no Col\u00e9gio Americano em Porto Alegre (1947-50). Formou-se em Farm\u00e1cia-Qu\u00edmica em 1956 pela Faculdade de Farm\u00e1cia da Universidade Federal do Rio Grande do Sul. Doutorou-se em Qu\u00edmica Biol\u00f3gica pela UFRGS com a tese \u201cPermeabilidade de <em>Candida albicans<\/em> aos \u00e1cidos org\u00e2nicos do ciclo de Krebs\u201d, orientada por Metry Bacila (1959). Realizou est\u00e1gios p\u00f3s-doutorais no Instituto de Investigaciones Bioqu\u00edmicas, Fundaci\u00f3n Campomar, Buenos Aires, Argentina, (1962\/63 e 1964), sob a supervis\u00e3o de Lu\u00eds Federico Leloir, Pr\u00eamio Nobel de Qu\u00edmica (1970) e no Laboratoire de Chimie Physiologique, Universidade Cat\u00f3lica de Louvain, B\u00e9lgica com Henri-Gery Hers\u00a0 (1964 a 1965). Foi professora titular do Departamento de Bioqu\u00edmica e Biologia Molecular da Universidade Federal do Paran\u00e1. Recebeu o t\u00edtulo de Professora Em\u00e9rita Universidade Federal do Paran\u00e1 em 31 de maio de 2006.<\/p>\n<p style=\"text-align: justify;\"><img decoding=\"async\" class=\"aligncenter size-full wp-image-20831\" style=\"margin: 0px 0px 5px 5px; float: right; cursor: pointer;\" onclick=\"window.open('http:\/\/antonini.med.br\/blog\/wp-content\/uploads\/2014\/02\/glaci_zancan-2.jpg', 'pop', 'toolbar=0, location=0, directories=0, status=0, menubar=0, scrollbars=0, copyhistory=0, resizable=1, width=449, height=675, left=0, top=0'); if((navigator.appName=='Microsoft Internet Explorer' &amp;&amp; navigator.appVersion.substring(0,3)=='4.0')==false) pop.focus();\" alt=\"glaci_zancan-2\" src=\"http:\/\/antonini.med.br\/blog\/wp-content\/uploads\/2014\/02\/glaci_zancan-2.jpg\" width=\"300\" \/>Dedicou sua vida ao ensino, pesquisa e pol\u00edtica cient\u00edfica. Lecionou Bioqu\u00edmica para mais de 10.000 alunos do Curso de Farm\u00e1cia e Bioqu\u00edmica da UFPR. Publicou 42 trabalhos originais de pesquisa na \u00e1rea de Bioqu\u00edmica de Microrganismos, especialmente de fungos, em peri\u00f3dicos nacionais e internacionais. Dedicou-se ao estudo da estrutura e fun\u00e7\u00e3o da galactose oxidase e caracteriza\u00e7\u00e3o taxon\u00f4mica do fungo produtor desta enzima<em>Cladobotryum dendroides.<\/em> Orientou 25 mestres e doutores. Coordenou o Programa de P\u00f3s-gradua\u00e7\u00e3o em Bioqu\u00edmica da UFPR por 11 anos. Foi Bolsista\u00a0 de Produtividade Cient\u00edfica 1A do CNPq.<\/p>\n<p style=\"text-align: justify;\">Atuou intensamente na pol\u00edtica cient\u00edfica nacional pela melhoria da capacita\u00e7\u00e3o de recursos humanos, valoriza\u00e7\u00e3o do m\u00e9rito como fundamental para o desenvolvimento cient\u00edfico, tecnol\u00f3gico e social do pa\u00eds, por uma pol\u00edtica cient\u00edfica nacional planejada, cont\u00ednua, de longo prazo e alcance. Publicou 74 artigos sobre Ci\u00eancia e Tecnologia em jornais como Folha de S\u00e3o Paulo e Jornal da Ci\u00eancia e 24 sobre Pol\u00edticas P\u00fablicas em Livros e peri\u00f3dicos especializados. Proferiu 136 palestras em Congressos, Simp\u00f3sios e Reuni\u00f5es Nacionais e Internacionais. Foi conselheira por tr\u00eas d\u00e9cadas (1971-2003)\u00a0 e presidente da Sociedade Brasileira de Bioqu\u00edmica e Biologia Molecular (SBBq 1975\/76 e 1985\/86). Foi secret\u00e1ria, conselheira, vice-presidente e\u00a0 duas vezes presidente eleita (1999 a 2003) da Sociedade Brasileira para o Progresso da Ci\u00eancia\u00a0 (SBPC).Participou de in\u00fameros comit\u00eas no CNPq, CAPES, MCTI, SETI-PR e foi Diretora do Centro Brasileiro-Argentino de Biotecnologia .<\/p>\n<p id=\"aui_3_2_0_1111\" style=\"text-align: justify;\">Recebeu a Gr\u00e3-Cruz da Ordem do M\u00e9rito Cient\u00edfico do Governo Federal, a Medalha do M\u00e9rito Educativo do Conselho Federal de Farm\u00e1cia e a Ordem do M\u00e9rito Educativo como Oficial do Governo Federal. Glaci faleceu em 29 de junho de 2007 em Florian\u00f3polis, v\u00edtima de esclerose lateral amiotr\u00f3fica.<\/p>\n<p style=\"text-align: justify;\"><img decoding=\"async\" class=\"aligncenter size-full wp-image-20832\" style=\"margin: 5px auto; display: block; text-align: center; cursor: pointer;\" onclick=\"window.open('http:\/\/antonini.med.br\/blog\/wp-content\/uploads\/2014\/02\/glaci_zancan-3.jpg', 'pop', 'toolbar=0, location=0, directories=0, status=0, menubar=0, scrollbars=0, copyhistory=0, resizable=1, width=670, height=518, left=0, top=0'); if((navigator.appName=='Microsoft Internet Explorer' &amp;&amp; navigator.appVersion.substring(0,3)=='4.0')==false) pop.focus();\" alt=\"glaci_zancan-3\" src=\"http:\/\/antonini.med.br\/blog\/wp-content\/uploads\/2014\/02\/glaci_zancan-3.jpg\" width=\"300\" \/><\/p>\n<p style=\"text-align: justify;\"><strong>Autoria<\/strong>: F\u00e1bio de Oliveira Pedrosa<\/p>\n<p style=\"text-align: justify;\">Professor Titular S\u00eanior do Departamento de Bioqu\u00edmica e Biologia Molecular da Universidade Federal do Paran\u00e1.<\/p>\n<p style=\"text-align: justify;\">Para informa\u00e7\u00f5es adicionais veja Lima, Myrian Del Vecchio\u00a0. Mem\u00f3ria da Bioqu\u00edmica no Paran\u00e1: a cria\u00e7\u00e3o de uma escola de pesquisa. 1. ed. Curitiba: Editora da UFPR, 2012. v. 500. 351p .<\/p>\n<p style=\"text-align: center;\">[<a href=\"javascript:history.go(-1)\">Voltar<\/a>]<\/p>\n<\/div>\n","protected":false},"excerpt":{"rendered":"<p>Glaci Teresinha Zancan (1934- 2007) Bioqu\u00edmica<\/p>\n","protected":false},"author":1,"featured_media":0,"comment_status":"open","ping_status":"open","sticky":false,"template":"","format":"standard","meta":{"footnotes":""},"categories":[27],"tags":[],"class_list":["post-20825","post","type-post","status-publish","format-standard","hentry","category-noticias"],"_links":{"self":[{"href":"https:\/\/antonini.psc.br\/index.php?rest_route=\/wp\/v2\/posts\/20825","targetHints":{"allow":["GET"]}}],"collection":[{"href":"https:\/\/antonini.psc.br\/index.php?rest_route=\/wp\/v2\/posts"}],"about":[{"href":"https:\/\/antonini.psc.br\/index.php?rest_route=\/wp\/v2\/types\/post"}],"author":[{"embeddable":true,"href":"https:\/\/antonini.psc.br\/index.php?rest_route=\/wp\/v2\/users\/1"}],"replies":[{"embeddable":true,"href":"https:\/\/antonini.psc.br\/index.php?rest_route=%2Fwp%2Fv2%2Fcomments&post=20825"}],"version-history":[{"count":1,"href":"https:\/\/antonini.psc.br\/index.php?rest_route=\/wp\/v2\/posts\/20825\/revisions"}],"predecessor-version":[{"id":30231,"href":"https:\/\/antonini.psc.br\/index.php?rest_route=\/wp\/v2\/posts\/20825\/revisions\/30231"}],"wp:attachment":[{"href":"https:\/\/antonini.psc.br\/index.php?rest_route=%2Fwp%2Fv2%2Fmedia&parent=20825"}],"wp:term":[{"taxonomy":"category","embeddable":true,"href":"https:\/\/antonini.psc.br\/index.php?rest_route=%2Fwp%2Fv2%2Fcategories&post=20825"},{"taxonomy":"post_tag","embeddable":true,"href":"https:\/\/antonini.psc.br\/index.php?rest_route=%2Fwp%2Fv2%2Ftags&post=20825"}],"curies":[{"name":"wp","href":"https:\/\/api.w.org\/{rel}","templated":true}]}}