{"id":21067,"date":"2014-03-24T04:24:25","date_gmt":"2014-03-24T04:24:25","guid":{"rendered":"http:\/\/antonini.med.br\/blog\/?p=21067"},"modified":"2022-02-15T02:39:30","modified_gmt":"2022-02-15T02:39:30","slug":"hc-transformando-crise-em-oportunidade","status":"publish","type":"post","link":"https:\/\/antonini.psc.br\/?p=21067","title":{"rendered":"HC, transformando crise em oportunidade"},"content":{"rendered":"<p style=\"text-align: justify;\">O Hospital de Cl\u00ednicas da Universidade Federal do Paran\u00e1 (HC-UFPR) vem sofrendo com um d\u00e9ficit cr\u00f4nico de profissionais de sa\u00fade que agravou-se na \u00faltima d\u00e9cada. Tal d\u00e9ficit \u00e9 respons\u00e1vel pela redu\u00e7\u00e3o no n\u00famero de leitos e pela sobrecarga de trabalho do seu corpo funcional.<!--more--><\/p>\n<p style=\"text-align: justify;\">Desde 2009, nossa gest\u00e3o tem trabalhado arduamente para garantir a estabilidade do quadro fundacional e para assegurar o funcionamento com qualidade do HC. Temos feito continuamente a interlocu\u00e7\u00e3o e articula\u00e7\u00e3o com o governo federal e com o Minist\u00e9rio P\u00fablico do Trabalho, e buscamos incansavelmente uma solu\u00e7\u00e3o para esta situa\u00e7\u00e3o. Por diversas vezes conseguimos protelar a demiss\u00e3o de todos os funcion\u00e1rios contratados pela Funpar, demonstrando que seria imposs\u00edvel manter o funcionamento do hospital sem eles, e que seria desumano jogar no desemprego um grupo de funcion\u00e1rios que se doou ao hospital por mais de 20 anos.<\/p>\n<p style=\"text-align: justify;\">No \u00faltimo dia 17 de mar\u00e7o, a Reitoria da UFPR e o HC foram novamente notificados pelo Ju\u00edzo do Trabalho, que determinou o cumprimento em 90 dias da obriga\u00e7\u00e3o de demiss\u00e3o imediata dos trabalhadores contratados por interm\u00e9dio da Funpar, substituindo-os por servidores devidamente concursados. Dos nossos aproximadamente 2,9 mil funcion\u00e1rios (entre m\u00e9dicos, profissionais de enfermagem e demais \u00e1reas), 912 pertencem ao quadro Funpar e representam uma importante for\u00e7a de trabalho.<\/p>\n<p style=\"text-align: justify;\">Neste momento, o esfor\u00e7o realizado pela Reitoria da UFPR, em conjunto com a dire\u00e7\u00e3o do Hospital de Cl\u00ednicas, \u00e9 para a constru\u00e7\u00e3o, perante o MEC, de uma solu\u00e7\u00e3o definitiva por meio de uma proposta de modelo de gest\u00e3o que assegure a condi\u00e7\u00e3o de hospital universit\u00e1rio (fortalecendo as atividades de ensino, pesquisa e extens\u00e3o), totalmente p\u00fablico, preservando os direitos de nossos servidores da Funpar.<\/p>\n<p style=\"text-align: justify;\">O HC n\u00e3o \u00e9 apenas o maior hospital p\u00fablico do Paran\u00e1, com 61 mil pacientes atendidos mensalmente, cerca de 1,2 mil interna\u00e7\u00f5es e 630 cirurgias; tamb\u00e9m acumula mais de cinco d\u00e9cadas de hist\u00f3ria, servindo como hospital-escola para os cursos da \u00e1rea de Sa\u00fade da UFPR. A p\u00f3s-gradua\u00e7\u00e3o desenvolvida nas suas instala\u00e7\u00f5es permite pesquisas cient\u00edficas na \u00e1rea da sa\u00fade de reconhecido padr\u00e3o internacional.<\/p>\n<p style=\"text-align: justify;\">Nossa hist\u00f3ria \u00e9 marcada pelo pioneirismo: na Am\u00e9rica Latina, o HC foi o primeiro hospital a realizar transplante de medula \u00f3ssea, e depois foi tamb\u00e9m o primeiro a fazer um transplante de medula \u00f3ssea com c\u00e9lulas do cord\u00e3o umbilical, al\u00e9m de ter sido o primeiro hospital a ter um ambulat\u00f3rio de atendimento exclusivo \u00e0 s\u00edndrome de Down. Fomos o primeiro hospital do Brasil a possuir um banco de ossos e tecidos m\u00fasculo-esquel\u00e9ticos cadastrado pelo Minist\u00e9rio da Sa\u00fade, e somos o \u00fanico hospital universit\u00e1rio p\u00fablico do pa\u00eds a possuir a certifica\u00e7\u00e3o de Hospital Acreditado N\u00edvel 1. O HC foi o primeiro centro de refer\u00eancia credenciado pelo Minist\u00e9rio da Sa\u00fade para tratamento do hipotireoidismo cong\u00eanito e fenilceton\u00faria de crian\u00e7as. Ainda temos a distin\u00e7\u00e3o de ser o segundo hospital no Brasil a realizar um transplante duplo intervivos de f\u00edgado e rim \u2013 um dos cinco \u00fanicos casos citados na literatura mundial. Ainda hoje o HC \u00e9 uma refer\u00eancia mundial em transplantes.<\/p>\n<p style=\"text-align: justify;\">O cidad\u00e3o paranaense pode ter certeza de que estamos lutando para garantir a reposi\u00e7\u00e3o de pessoal que permita o funcionamento pleno do Hospital de Cl\u00ednicas, que \u00e9 patrim\u00f4nio nacional e orgulho de todos os paranaenses.<\/p>\n<p style=\"text-align: justify;\">Zaki Akel Sobrinho \u00e9 reitor da UFPR e Flavio Saavedra Tomasich \u00e9 diretor-geral do Hospital de Cl\u00ednicas da UFPR.<\/p>\n<p style=\"text-align: justify;\"><tt>Publicado em 23\/03\/2014 | <em itemprop=\"author\">Zaki Akel Sobrinho e Flavio Saavedra Tomasich<\/em><\/tt><\/p>\n<p style=\"text-align: center;\">[<a href=\"javascript:history.go(-1)\">Voltar<\/a>]<\/p>\n","protected":false},"excerpt":{"rendered":"<p>O Hospital de Cl\u00ednicas da Universidade Federal do Paran\u00e1 (HC-UFPR) vem sofrendo com um d\u00e9ficit cr\u00f4nico de profissionais de sa\u00fade que agravou-se na \u00faltima d\u00e9cada. Tal d\u00e9ficit \u00e9 respons\u00e1vel pela redu\u00e7\u00e3o no n\u00famero de leitos e pela sobrecarga de trabalho do seu corpo funcional.<\/p>\n","protected":false},"author":1,"featured_media":0,"comment_status":"open","ping_status":"open","sticky":false,"template":"","format":"standard","meta":{"footnotes":""},"categories":[27],"tags":[],"class_list":["post-21067","post","type-post","status-publish","format-standard","hentry","category-noticias"],"_links":{"self":[{"href":"https:\/\/antonini.psc.br\/index.php?rest_route=\/wp\/v2\/posts\/21067","targetHints":{"allow":["GET"]}}],"collection":[{"href":"https:\/\/antonini.psc.br\/index.php?rest_route=\/wp\/v2\/posts"}],"about":[{"href":"https:\/\/antonini.psc.br\/index.php?rest_route=\/wp\/v2\/types\/post"}],"author":[{"embeddable":true,"href":"https:\/\/antonini.psc.br\/index.php?rest_route=\/wp\/v2\/users\/1"}],"replies":[{"embeddable":true,"href":"https:\/\/antonini.psc.br\/index.php?rest_route=%2Fwp%2Fv2%2Fcomments&post=21067"}],"version-history":[{"count":1,"href":"https:\/\/antonini.psc.br\/index.php?rest_route=\/wp\/v2\/posts\/21067\/revisions"}],"predecessor-version":[{"id":30217,"href":"https:\/\/antonini.psc.br\/index.php?rest_route=\/wp\/v2\/posts\/21067\/revisions\/30217"}],"wp:attachment":[{"href":"https:\/\/antonini.psc.br\/index.php?rest_route=%2Fwp%2Fv2%2Fmedia&parent=21067"}],"wp:term":[{"taxonomy":"category","embeddable":true,"href":"https:\/\/antonini.psc.br\/index.php?rest_route=%2Fwp%2Fv2%2Fcategories&post=21067"},{"taxonomy":"post_tag","embeddable":true,"href":"https:\/\/antonini.psc.br\/index.php?rest_route=%2Fwp%2Fv2%2Ftags&post=21067"}],"curies":[{"name":"wp","href":"https:\/\/api.w.org\/{rel}","templated":true}]}}