{"id":21080,"date":"2014-03-24T11:56:25","date_gmt":"2014-03-24T11:56:25","guid":{"rendered":"http:\/\/antonini.med.br\/blog\/?p=21080"},"modified":"2022-02-15T02:39:30","modified_gmt":"2022-02-15T02:39:30","slug":"militares-sairam-de-fininho-para-evitar-humilhacao-da-queda-diz-gabeira","status":"publish","type":"post","link":"https:\/\/antonini.psc.br\/?p=21080","title":{"rendered":"Militares &#8220;sa\u00edram de fininho&#8221; para evitar humilha\u00e7\u00e3o da queda, diz Gabeira"},"content":{"rendered":"<p style=\"text-align: justify;\">Para o jornalista e ex-deputado federal Fernando Gabeira, a ditadura militar foi obrigada a &#8220;sair de fininho&#8221; durante a d\u00e9cada de 80, uma vez que a situa\u00e7\u00e3o econ\u00f4mica do pa\u00eds &#8211;impulsionada pelo &#8220;milagre&#8221; que ocorrera durante o governo M\u00e9dici&#8211; j\u00e1 n\u00e3o apresentava mais sinais de crescimento.<!--more--><\/p>\n<p style=\"text-align: justify;\">&#8220;A perda da legitimidade, o distanciamento da popula\u00e7\u00e3o, a dificuldade em manter a situa\u00e7\u00e3o econ\u00f4mica da forma que eles queriam, enfim, tudo os obrigou, de uma certa maneira, a buscar uma retirada. O golpe militar n\u00e3o caiu propriamente como se cai no bojo de grandes manifesta\u00e7\u00f5es. Ele saiu de fininho para n\u00e3o ter que lidar com a humilha\u00e7\u00e3o de cair de quatro&#8221;, disse.<\/p>\n<p style=\"text-align: justify;\">Gabeira afirmou que o principal erro do regime militar foi n\u00e3o ter &#8220;revisto o grande f\u00f4lego&#8221; obtido com o progresso econ\u00f4mico desencadeado ap\u00f3s 1968, quando o PIB (Produto Interno Bruto) come\u00e7ou a crescer.<\/p>\n<p style=\"text-align: justify;\">&#8220;Em um primeiro momento, teve uma dificuldade para se instalar do ponto de vista econ\u00f4mico. Mas conseguiu avan\u00e7os econ\u00f4micos interessantes, aprofundando a integra\u00e7\u00e3o do Brasil na economia internacional. Essa integra\u00e7\u00e3o e algumas medidas econ\u00f4micas adotadas acabaram dando a eles um f\u00f4lego grande, mas era um f\u00f4lego que teria que ser revisto mais tarde&#8221;, disse.<\/p>\n<p style=\"text-align: justify;\">A trajet\u00f3ria de Gabeira, que chegou a participar da luta armada no decorrer da ditadura, \u00e9 marcada por um ponto de inflex\u00e3o, conforme ele pr\u00f3prio define o golpe de Estado de 1964.<\/p>\n<p style=\"text-align: justify;\">Natural de Juiz de Fora &#8211;de onde sa\u00edram as tropas que marcharam rumo ao Rio de Janeiro com o objetivo de derrubar o governo Jo\u00e3o Goulart&#8211;, Gabeira instalou-se em um apartamento em Copacabana, na zona sul da cidade, onde vivia com outros quatro colegas de profiss\u00e3o e tamb\u00e9m militantes de esquerda.<\/p>\n<p style=\"text-align: justify;\">Em 1964, trabalhava como redator no &#8220;Jornal do Brasil&#8221;, com sede na avenida Rio Branco &#8211;palco das grandes manifesta\u00e7\u00f5es na ent\u00e3o capital da Guanabara. No dia 31 de mar\u00e7o daquele ano, relembrou Gabeira, havia um clima de incredulidade entre os que se opunham ao golpe.<\/p>\n<p style=\"text-align: justify;\">Anos antes, mesmo com a resist\u00eancia dos ministros militares, Jango havia sido empossado depois de uma mobiliza\u00e7\u00e3o que ficou conhecida como &#8220;cadeia da legalidade&#8221;.<\/p>\n<p style=\"text-align: justify;\">&#8220;Pensava que aquele momento poderia ser uma reprodu\u00e7\u00e3o do momento anterior, e que ter\u00edamos uma nova cadeia da legalidade, que a r\u00e1dio Mayrink Veiga continuaria no ar, que n\u00f3s ir\u00edamos resistir e que o golpe fracassaria&#8221;, disse.<\/p>\n<p style=\"text-align: justify;\">Gabeira afirmou ainda ter sido acometido por uma &#8220;sensa\u00e7\u00e3o de tristeza profunda&#8221; ao constatar que as tropas que avan\u00e7avam em dire\u00e7\u00e3o ao Rio n\u00e3o seriam contidas.<\/p>\n<p style=\"text-align: justify;\">No fim da d\u00e9cada de 60, Gabeira entrou para a resist\u00eancia armada contra o regime militar, cujo objetivo era fazer uma revolu\u00e7\u00e3o socialista e instituir a ditadura do proletariado. Um dos epis\u00f3dios mais famosos narrados pelo jornalista \u00e9 o do embaixador americano Charles Elbrick, em 1969.<\/p>\n<p style=\"text-align: justify;\">&#8220;De certa maneira, o movimento armado no Brasil tensionou muito a ditadura militar. A ditadura prendia e o sequestro [de autoridades que eram posteriormente &#8220;trocadas&#8221; por presos pol\u00edticos] soltava&#8221;, afirmou ele.<\/p>\n<p style=\"text-align: justify;\">Acabou sendo preso na mesma \u00e9poca e passou por v\u00e1rios pa\u00edses em dez anos de ex\u00edlio. Nesse per\u00edodo, testemunhou no Chile, em 1973, o golpe militar que derrubou o presidente Salvador Allende. Posteriormente, refugiou-se na Su\u00e9cia, onde passou a maior parte do ex\u00edlio.<\/p>\n<p style=\"text-align: justify;\">&#8220;Voc\u00ea diz que vai resistir, voc\u00ea parte para resistir, mas o que voc\u00ea vai fazer, de verdade, \u00e9 fugir&#8221;, escreveu em seu livro &#8220;O que \u00e9 isso, companheiro?&#8221;, que relata hist\u00f3rias relacionadas ao regime militar a partir das experi\u00eancias do jornalista.<\/p>\n<p style=\"text-align: justify;\">Artigo original <a href=\"http:\/\/noticias.uol.com.br\/politica\/ultimas-noticias\/2014\/03\/23\/militares-sairam-de-fininho-para-evitar-humilhacao-da-queda-diz-gabeira.htm\" target=\"_blank\" rel=\"noopener\">aqui<\/a><\/p>\n<p style=\"text-align: center;\">[<a href=\"javascript:history.go(-1)\">Voltar<\/a>]<\/p>\n","protected":false},"excerpt":{"rendered":"<p>Para o jornalista e ex-deputado federal Fernando Gabeira, a ditadura militar foi obrigada a &#8220;sair de fininho&#8221; durante a d\u00e9cada de 80, uma vez que a situa\u00e7\u00e3o econ\u00f4mica do pa\u00eds &#8211;impulsionada pelo &#8220;milagre&#8221; que ocorrera durante o governo M\u00e9dici&#8211; j\u00e1 n\u00e3o apresentava mais sinais de crescimento.<\/p>\n","protected":false},"author":1,"featured_media":0,"comment_status":"open","ping_status":"open","sticky":false,"template":"","format":"standard","meta":{"footnotes":""},"categories":[27],"tags":[],"class_list":["post-21080","post","type-post","status-publish","format-standard","hentry","category-noticias"],"_links":{"self":[{"href":"https:\/\/antonini.psc.br\/index.php?rest_route=\/wp\/v2\/posts\/21080","targetHints":{"allow":["GET"]}}],"collection":[{"href":"https:\/\/antonini.psc.br\/index.php?rest_route=\/wp\/v2\/posts"}],"about":[{"href":"https:\/\/antonini.psc.br\/index.php?rest_route=\/wp\/v2\/types\/post"}],"author":[{"embeddable":true,"href":"https:\/\/antonini.psc.br\/index.php?rest_route=\/wp\/v2\/users\/1"}],"replies":[{"embeddable":true,"href":"https:\/\/antonini.psc.br\/index.php?rest_route=%2Fwp%2Fv2%2Fcomments&post=21080"}],"version-history":[{"count":1,"href":"https:\/\/antonini.psc.br\/index.php?rest_route=\/wp\/v2\/posts\/21080\/revisions"}],"predecessor-version":[{"id":30215,"href":"https:\/\/antonini.psc.br\/index.php?rest_route=\/wp\/v2\/posts\/21080\/revisions\/30215"}],"wp:attachment":[{"href":"https:\/\/antonini.psc.br\/index.php?rest_route=%2Fwp%2Fv2%2Fmedia&parent=21080"}],"wp:term":[{"taxonomy":"category","embeddable":true,"href":"https:\/\/antonini.psc.br\/index.php?rest_route=%2Fwp%2Fv2%2Fcategories&post=21080"},{"taxonomy":"post_tag","embeddable":true,"href":"https:\/\/antonini.psc.br\/index.php?rest_route=%2Fwp%2Fv2%2Ftags&post=21080"}],"curies":[{"name":"wp","href":"https:\/\/api.w.org\/{rel}","templated":true}]}}