{"id":21099,"date":"2014-03-29T17:06:05","date_gmt":"2014-03-29T17:06:05","guid":{"rendered":"http:\/\/antonini.med.br\/blog\/?p=21099"},"modified":"2022-02-15T02:39:30","modified_gmt":"2022-02-15T02:39:30","slug":"menina-de-4-anos-foi-espancada-pela-mae-antes-de-morrer","status":"publish","type":"post","link":"https:\/\/antonini.psc.br\/?p=21099","title":{"rendered":"Menina de 4 anos foi espancada pela m\u00e3e antes de morrer"},"content":{"rendered":"<p style=\"text-align: justify;\">Al\u00e9m das agress\u00f5es, a crian\u00e7a teria sido abusada sexualmente por um tio. Os dois adultos confessaram os maus-tratos e est\u00e3o presos. Exames comprovar\u00e3o se irm\u00e3os da menina tamb\u00e9m sofriam com agress\u00f5es e abusos.<!--more--><\/p>\n<p style=\"text-align: justify;\">Uma surra com direito a socos, pontap\u00e9s e tapas fez com que uma menina de 4 anos chegasse desacordada na manh\u00e3 desta quinta-feira (27) no Hospital Angelina Caron, em Campina Grande do Sul, falecendo logo em seguida. Al\u00e9m das les\u00f5es e hematomas, a crian\u00e7a apresentava sinais de abuso sexual e sua m\u00e3e foi chamada para depor. Depois de apresentar uma vers\u00e3o inconsistente para explicar o desmaio da menina, Karen Rodrigues de Lima, de 26 anos, acabou confessando que ela havia agredido a filha porque a crian\u00e7a defecou e urinou na cama. Ela afirmou que n\u00e3o sabia que a menina era violentada, mas suspeitava das atitudes do cunhado.<\/p>\n<p style=\"text-align: justify;\">Os golpes que levaram a crian\u00e7a ao hospital aconteceram na casa da fam\u00edlia, na Vila Zumbi, em Colombo e se concentraram principalmente na barriga e cabe\u00e7a. Quando a menina desmaiou, a m\u00e3e pediu para um vizinho lev\u00e1-la ao hospital sem contar o que havia acontecido. Quando come\u00e7ou a ser examinada, a equipe m\u00e9dica constatou as les\u00f5es e acionou a delegacia de Campina Grande do Sul. Durante a confiss\u00e3o, Karen afirmou que n\u00e3o era a primeira vez que agredia a garota e que tamb\u00e9m batia na outra filha, g\u00eamea da que morreu. Al\u00e9m das duas meninas, a mulher possui um filho de 3 anos de idade.<\/p>\n<p style=\"text-align: justify;\">\u201cEla alegou que se sentia pressionada e acabava descarregando nas filhas\u201d, conta o delegado Osmar Feij\u00f3, que abriu o inqu\u00e9rito em que Karen ser\u00e1 indiciada por les\u00e3o corporal seguida de \u00f3bito. A mulher foi presa na hora e encaminhada para uma cela com prote\u00e7\u00e3o especial, j\u00e1 que corre risco de morte pelo tipo de crime que cometeu.<\/p>\n<p style=\"text-align: justify;\">Sobre o abuso sexual, a mulher contou que uma vez notara um machucado nas partes \u00edntimas da menina, mas que n\u00e3o deu import\u00e2ncia e tratou com uma pomada. Quando perguntada quem poderia estar cometendo os atos disse que um dos tios da menina apresentava um comportamento estranho. O marido de Karen e os irm\u00e3os dele foram chamados a depor e Claudecir do Nascimento Duarte, de 30 anos, confessou que acariciava as partes \u00edntimas da garota. \u201cFizemos a coleta de material de DNA e o laudo ir\u00e1 comprovar se houve penetra\u00e7\u00e3o ou n\u00e3o, como ele alega. Embora n\u00e3o tenha existido a conjun\u00e7\u00e3o carnal j\u00e1 \u00e9 considerado estupro pela idade da menina\u201d, explica o delegado.<\/p>\n<p style=\"text-align: justify;\">Duarte morava na casa ao lado \u00e0 da fam\u00edlia de Karen e contou que s\u00f3 abusava da crian\u00e7a que morreu. Foi feito o pedido de pris\u00e3o tempor\u00e1ria dele, que foi transferido para a delegacia de Alto Maracan\u00e3, que assume as investiga\u00e7\u00f5es do caso.<\/p>\n<p style=\"text-align: justify;\">Segundo Feij\u00f3, nem Karen e nem Claudecir eram usu\u00e1rios de drogas ou \u00e1lcool e que aparentemente os dois podem ter dist\u00farbios mentais. \u201cDepois de passar uma noite presa a mulher continua impass\u00edvel. Neste tempo j\u00e1 era para ela ter ca\u00eddo em si sobre tudo o que aconteceu. J\u00e1 o tio n\u00e3o demonstra remorso e s\u00f3 se arrepende do que fez porque est\u00e1 preso e n\u00e3o pode trabalhar.\u201d<\/p>\n<p style=\"text-align: justify;\"><strong>Conselho tutelar<\/strong><\/p>\n<p style=\"text-align: justify;\">O conselho tutelar de Colombo foi acionado no in\u00edcio da tarde desta quinta-feira e esteve na casa da fam\u00edlia para verificar as condi\u00e7\u00f5es em que moravam as crian\u00e7as. Ap\u00f3s constatar o risco social em que viviam, o conselho recolheu os dois e desde ontem eles est\u00e3o sob cust\u00f3dia do Estado, acolhidos em uma institui\u00e7\u00e3o de acordo com a faixa et\u00e1ria espec\u00edfica. O caso j\u00e1 foi comunicado ao Minist\u00e9rio P\u00fablico.<\/p>\n<p style=\"text-align: justify;\">O conselheiro Jeremias Jos\u00e9 Fontoura contou que aparentemente a g\u00eamea que sobreviveu e o menino de 3 anos n\u00e3o tinham sinais pelo corpo, mas que foram encaminhados para o Instituto M\u00e9dico Legal onde fizeram exames para detectar se houve viol\u00eancia, ato libidinoso e conjun\u00e7\u00e3o carnal. O n\u00famero do protocolo dos exames foi anexado ao inqu\u00e9rito policial e o laudo deve sair entre 30 e 45 dias. \u201cEmbora inconscientes do que est\u00e1 acontecendo, as crian\u00e7as s\u00e3o bem comunicativas e nos deram muitas informa\u00e7\u00f5es importantes que ser\u00e3o inclu\u00eddas no processo. A menina disse, por exemplo, que mancava porque levou um soco da m\u00e3e. S\u00f3 isso j\u00e1 \u00e9 suficiente para serem afastadas do conv\u00edvio com a mulher e para darmos continuidade ao processo.\u201d<\/p>\n<p style=\"text-align: justify;\">Segundo Fontoura, uma pessoa da fam\u00edlia pediu ao conselho tutelar para ficar com a guarda das crian\u00e7as e a mesma ser\u00e1 investigada e avaliada antes das crian\u00e7as deixarem a institui\u00e7\u00e3o social onde est\u00e3o.<\/p>\n<p style=\"text-align: justify;\">O conselheiro faz um apelo para que qualquer pessoa que desconfie de que uma crian\u00e7a seja violentada, f\u00edsica ou sexualmente, fa\u00e7a a den\u00fancia no conselho tutelar para evitar que fins dr\u00e1sticos como esse aconte\u00e7am. \u201cA comunidade tem o dever de denunciar. Urinar na cama at\u00e9 uma idade avan\u00e7ada \u00e9 um dos sinais de alerta. Ou indica que est\u00e1 existindo abuso sexual ou que h\u00e1 uma doen\u00e7a que n\u00e3o est\u00e1 sendo cuidada pela fam\u00edlia\u201d, afirma.<\/p>\n<p style=\"text-align: justify;\">Ele ressalta que todas as den\u00fancias que chegam at\u00e9 o conselho tutelar s\u00e3o tidas como verdadeiras e investigadas at\u00e9 que o autor da viol\u00eancia ou do descaso prove o contr\u00e1rio.<\/p>\n<p style=\"text-align: center;\">[<a href=\"javascript:history.go(-1)\">Voltar<\/a>]<\/p>\n","protected":false},"excerpt":{"rendered":"<p>Al\u00e9m das agress\u00f5es, a crian\u00e7a teria sido abusada sexualmente por um tio. Os dois adultos confessaram os maus-tratos e est\u00e3o presos. Exames comprovar\u00e3o se irm\u00e3os da menina tamb\u00e9m sofriam com agress\u00f5es e abusos.<\/p>\n","protected":false},"author":1,"featured_media":0,"comment_status":"open","ping_status":"open","sticky":false,"template":"","format":"standard","meta":{"footnotes":""},"categories":[27],"tags":[],"class_list":["post-21099","post","type-post","status-publish","format-standard","hentry","category-noticias"],"_links":{"self":[{"href":"https:\/\/antonini.psc.br\/index.php?rest_route=\/wp\/v2\/posts\/21099","targetHints":{"allow":["GET"]}}],"collection":[{"href":"https:\/\/antonini.psc.br\/index.php?rest_route=\/wp\/v2\/posts"}],"about":[{"href":"https:\/\/antonini.psc.br\/index.php?rest_route=\/wp\/v2\/types\/post"}],"author":[{"embeddable":true,"href":"https:\/\/antonini.psc.br\/index.php?rest_route=\/wp\/v2\/users\/1"}],"replies":[{"embeddable":true,"href":"https:\/\/antonini.psc.br\/index.php?rest_route=%2Fwp%2Fv2%2Fcomments&post=21099"}],"version-history":[{"count":1,"href":"https:\/\/antonini.psc.br\/index.php?rest_route=\/wp\/v2\/posts\/21099\/revisions"}],"predecessor-version":[{"id":30213,"href":"https:\/\/antonini.psc.br\/index.php?rest_route=\/wp\/v2\/posts\/21099\/revisions\/30213"}],"wp:attachment":[{"href":"https:\/\/antonini.psc.br\/index.php?rest_route=%2Fwp%2Fv2%2Fmedia&parent=21099"}],"wp:term":[{"taxonomy":"category","embeddable":true,"href":"https:\/\/antonini.psc.br\/index.php?rest_route=%2Fwp%2Fv2%2Fcategories&post=21099"},{"taxonomy":"post_tag","embeddable":true,"href":"https:\/\/antonini.psc.br\/index.php?rest_route=%2Fwp%2Fv2%2Ftags&post=21099"}],"curies":[{"name":"wp","href":"https:\/\/api.w.org\/{rel}","templated":true}]}}