{"id":2110,"date":"2009-03-14T21:33:14","date_gmt":"2009-03-14T23:33:14","guid":{"rendered":"http:\/\/antonini.med.br\/blog\/?p=2110"},"modified":"2022-02-15T03:29:22","modified_gmt":"2022-02-15T03:29:22","slug":"ataque-repentino-de-bom-senso-ou-medo-de-perder-fieis","status":"publish","type":"post","link":"https:\/\/antonini.psc.br\/?p=2110","title":{"rendered":"Ataque repentino de bom senso ou medo de perder fi\u00e9is?"},"content":{"rendered":"<p style=\"text-align: justify;\">Em artigo, Vaticano critica excomunh\u00e3o de envolvidos em aborto em menina brasileira.<\/p>\n<p style=\"text-align: justify;\"><!--more-->O Vaticano afirmou que antes de pensar na excomunh\u00e3o dos envolvidos no aborto feito na garota brasileira de 9 anos que ficou gr\u00e1vida de g\u00eameos ap\u00f3s ser violentada pelo padrasto, &#8220;seria necess\u00e1rio e urgente salvaguardar sua vida inocente&#8221;.<\/p>\n<p style=\"text-align: justify;\">&#8220;Antes de pensar em excomunh\u00f5es seria necess\u00e1rio e urgente salvaguardar sua vida inocente, devolvendo a ela um n\u00edvel de humanidade&#8221;, disse o presidente da Pontif\u00edcia Academia para a Vida, monsenhor Salvatore Rino Fisichella, em artigo publicado pelo jornal vaticano L&#8217;Osservatore Romano com data de domingo, 15\/3.<\/p>\n<p style=\"text-align: justify;\">As declara\u00e7\u00f5es de Fisichella contrastam com a decis\u00e3o do arcebispo de Olinda e Recife, Dom Jos\u00e9 Cardoso Sobrinho, que dias ap\u00f3s o aborto da menina anunciou a excomunh\u00e3o de sua m\u00e3e, dos m\u00e9dicos e dos integrantes de ONG&#8217;s envolvidos no caso.<\/p>\n<p style=\"text-align: justify;\">&#8220;A terr\u00edvel historia da viol\u00eancia cotidiana&#8221; da qual a menina foi vitima, sofrendo abusos frequentes por parte de seu padrasto, &#8220;teria passado despercebida com a interven\u00e7\u00e3o do bispo&#8221;, observa o presidente da Pontif\u00edcia Academia para a Vida.<\/p>\n<p style=\"text-align: justify;\">Para o representante do Vaticano, a menina brasileira &#8220;deveria ter sido defendida antes de tudo&#8221;, mas &#8220;n\u00e3o foi feito isto, lamentavelmente, prejudicando a credibilidade de nossas instru\u00e7\u00f5es que, para muitos, parecem marcadas por insensibilidade, incompreens\u00e3o e falta de miseric\u00f3rdia&#8221;.<\/p>\n<p style=\"text-align: justify;\">A crian\u00e7a, admite o prelado no artigo, &#8220;levava dentro de si outras vidas, t\u00e3o inocentes quanto a sua, embora frutos da viol\u00eancia, e que foram suprimidas, mas isso n\u00e3o era suficiente para fazer um julgamento que pesa como um machado&#8221;.<\/p>\n<p style=\"text-align: justify;\">O caso da menina ganhou destaque na m\u00eddia internacional, em meio a protestos contra a decis\u00e3o de Dom Jos\u00e9. A repercuss\u00e3o se tornou ainda maior pela postura da Igreja Cat\u00f3lica em um Estado laico, interferindo nas decis\u00f5es judiciais, e porque o padrasto, acusado de violentar a menina de 9 anos e sua irm\u00e3, de 14, n\u00e3o foi excomungado.<\/p>\n<p style=\"text-align: justify;\">No fim de semana passado, comunidades eclesiais de base italianas afirmaram que a decis\u00e3o do arcebispo brasileiro demonstram, &#8220;mais uma vez, o sentido de distanciamento radical entre a &#8216;Igreja do Poder&#8217; e os dramas humanos&#8221;.<\/p>\n<p style=\"text-align: justify;\">Em uma nota emitida na ocasi\u00e3o, as comunidades tamb\u00e9m criticaram o Vaticano por sua postura, afirmando que a Santa S\u00e9 teria apoiado a postura de Dom Jos\u00e9.<\/p>\n<p style=\"text-align: justify;\">Leia a not\u00edcia original <a href=\"http:\/\/noticias.uol.com.br\/ultnot\/ansa\/2009\/03\/14\/ult6817u2001.jhtm\" target=\"_blank\" rel=\"noopener\">aqui<\/a><\/p>\n<p style=\"text-align: center;\">[<a href=\"javascript:history.go(-1)\">Voltar<\/a>]<\/p>\n","protected":false},"excerpt":{"rendered":"<p>Em artigo, Vaticano critica excomunh\u00e3o de envolvidos em aborto em menina brasileira.<\/p>\n","protected":false},"author":1,"featured_media":0,"comment_status":"open","ping_status":"open","sticky":false,"template":"","format":"standard","meta":{"footnotes":""},"categories":[82,27],"tags":[],"class_list":["post-2110","post","type-post","status-publish","format-standard","hentry","category-heinz","category-noticias"],"_links":{"self":[{"href":"https:\/\/antonini.psc.br\/index.php?rest_route=\/wp\/v2\/posts\/2110","targetHints":{"allow":["GET"]}}],"collection":[{"href":"https:\/\/antonini.psc.br\/index.php?rest_route=\/wp\/v2\/posts"}],"about":[{"href":"https:\/\/antonini.psc.br\/index.php?rest_route=\/wp\/v2\/types\/post"}],"author":[{"embeddable":true,"href":"https:\/\/antonini.psc.br\/index.php?rest_route=\/wp\/v2\/users\/1"}],"replies":[{"embeddable":true,"href":"https:\/\/antonini.psc.br\/index.php?rest_route=%2Fwp%2Fv2%2Fcomments&post=2110"}],"version-history":[{"count":1,"href":"https:\/\/antonini.psc.br\/index.php?rest_route=\/wp\/v2\/posts\/2110\/revisions"}],"predecessor-version":[{"id":29740,"href":"https:\/\/antonini.psc.br\/index.php?rest_route=\/wp\/v2\/posts\/2110\/revisions\/29740"}],"wp:attachment":[{"href":"https:\/\/antonini.psc.br\/index.php?rest_route=%2Fwp%2Fv2%2Fmedia&parent=2110"}],"wp:term":[{"taxonomy":"category","embeddable":true,"href":"https:\/\/antonini.psc.br\/index.php?rest_route=%2Fwp%2Fv2%2Fcategories&post=2110"},{"taxonomy":"post_tag","embeddable":true,"href":"https:\/\/antonini.psc.br\/index.php?rest_route=%2Fwp%2Fv2%2Ftags&post=2110"}],"curies":[{"name":"wp","href":"https:\/\/api.w.org\/{rel}","templated":true}]}}