{"id":21159,"date":"2014-04-12T18:14:55","date_gmt":"2014-04-12T18:14:55","guid":{"rendered":"http:\/\/antonini.med.br\/blog\/?p=21159"},"modified":"2022-02-15T02:39:30","modified_gmt":"2022-02-15T02:39:30","slug":"dormir-pouco-mata-neuronios-2","status":"publish","type":"post","link":"https:\/\/antonini.psc.br\/?p=21159","title":{"rendered":"Dormir pouco mata neur\u00f4nios"},"content":{"rendered":"<p>Estudo traz primeiras evid\u00eancias de que dormir pouco e de dia, mata neur\u00f4nios.<\/p>\n<p style=\"text-align: justify;\">Em outro estudo, publicado pelo &#8220;Journal of Neuroscience&#8221;, os cientistas identificaram que a priva\u00e7\u00e3o de sono cr\u00f4nica pode ter efeitos ainda mais graves para a sa\u00fade.<\/p>\n<p style=\"text-align: justify;\">A investiga\u00e7\u00e3o utilizou experimentos em camundongos e simulou um padr\u00e3o de sono considerado ruim, mas que \u00e9 comum em pessoas que trabalham em turnos noturnos e conseguem dormir apenas quatro ou cinco horas durante o dia.<\/p>\n<p style=\"text-align: justify;\">Analisando os resultados obtidos, os pesquisadores identificaram que as cobaias chegaram a perder at\u00e9 25% dos neur\u00f4nios de uma parte do c\u00e9rebro chamada de tronco cerebral. O estudo \u00e9 a primeira evid\u00eancia de que noites mal dormidas podem levar \u00e0 morte de c\u00e9lulas cerebrais. Mais experimentos devem ser realizados para investigar quais seriam as extens\u00f5es desses danos em humanos.<\/p>\n<p style=\"text-align: justify;\"><a href=\"http:\/\/click.uol.com.br\/?rf=home2011-sub-vertical-E1&amp;u=http:\/\/noticias.uol.com.br\/ciencia\/album\/2014\/04\/03\/nos-ultimos-anos-ciencia-vem-buscando-os-efeitos-de-uma-boa-noite-de-sono.htm?abrefoto=9\" target=\"_blank\" rel=\"noopener\">Leia mais&#8230;<\/a><\/p>\n<p style=\"text-align: center;\">[<a href=\"javascript:history.go(-1)\">Voltar<\/a>]<\/p>\n","protected":false},"excerpt":{"rendered":"<p>Estudo traz primeiras evid\u00eancias de que dormir pouco e de dia, mata neur\u00f4nios. Em outro estudo, publicado pelo &#8220;Journal of Neuroscience&#8221;, os cientistas identificaram que a priva\u00e7\u00e3o de sono cr\u00f4nica pode ter efeitos ainda mais graves para a sa\u00fade. A investiga\u00e7\u00e3o utilizou experimentos em camundongos e simulou um padr\u00e3o de sono considerado ruim, mas que [&hellip;]<\/p>\n","protected":false},"author":1,"featured_media":0,"comment_status":"open","ping_status":"open","sticky":false,"template":"","format":"standard","meta":{"footnotes":""},"categories":[27],"tags":[],"class_list":["post-21159","post","type-post","status-publish","format-standard","hentry","category-noticias"],"_links":{"self":[{"href":"https:\/\/antonini.psc.br\/index.php?rest_route=\/wp\/v2\/posts\/21159","targetHints":{"allow":["GET"]}}],"collection":[{"href":"https:\/\/antonini.psc.br\/index.php?rest_route=\/wp\/v2\/posts"}],"about":[{"href":"https:\/\/antonini.psc.br\/index.php?rest_route=\/wp\/v2\/types\/post"}],"author":[{"embeddable":true,"href":"https:\/\/antonini.psc.br\/index.php?rest_route=\/wp\/v2\/users\/1"}],"replies":[{"embeddable":true,"href":"https:\/\/antonini.psc.br\/index.php?rest_route=%2Fwp%2Fv2%2Fcomments&post=21159"}],"version-history":[{"count":1,"href":"https:\/\/antonini.psc.br\/index.php?rest_route=\/wp\/v2\/posts\/21159\/revisions"}],"predecessor-version":[{"id":30893,"href":"https:\/\/antonini.psc.br\/index.php?rest_route=\/wp\/v2\/posts\/21159\/revisions\/30893"}],"wp:attachment":[{"href":"https:\/\/antonini.psc.br\/index.php?rest_route=%2Fwp%2Fv2%2Fmedia&parent=21159"}],"wp:term":[{"taxonomy":"category","embeddable":true,"href":"https:\/\/antonini.psc.br\/index.php?rest_route=%2Fwp%2Fv2%2Fcategories&post=21159"},{"taxonomy":"post_tag","embeddable":true,"href":"https:\/\/antonini.psc.br\/index.php?rest_route=%2Fwp%2Fv2%2Ftags&post=21159"}],"curies":[{"name":"wp","href":"https:\/\/api.w.org\/{rel}","templated":true}]}}