{"id":21251,"date":"2014-04-19T06:38:30","date_gmt":"2014-04-19T06:38:30","guid":{"rendered":"http:\/\/antonini.med.br\/blog\/?p=21251"},"modified":"2022-02-15T02:39:29","modified_gmt":"2022-02-15T02:39:29","slug":"justica-do-amazonas-condena-religioso-a-9-anos-de-prisao-por-abuso-sexual","status":"publish","type":"post","link":"https:\/\/antonini.psc.br\/?p=21251","title":{"rendered":"Justi\u00e7a do Amazonas condena religioso a 9 anos de pris\u00e3o por abuso sexual"},"content":{"rendered":"<p style=\"text-align: justify;\">A den\u00fancia foi dentro do prazo, por isso ele foi processado e condenado. Ser\u00e1 que a &#8220;mo\u00e7oira&#8221; n\u00e3o foi conivente, n\u00e3o gozou at\u00e9 n\u00e3o querer mais, foi descoberta pelos pais e para se safar, n\u00e3o acusou o padre de descaba\u00e7\u00e1-la \u00e0 for\u00e7a?<!--more--><\/p>\n<p style=\"text-align: justify;\">Ser\u00e1 que a garota n\u00e3o o entregou para se vingar dele? Talvez ele tenha brochado, talvez ela j\u00e1 estava laceada demais ou com a &#8220;perseguida&#8221; muito feia e o padre n\u00e3o quis mais e ela o denunciou? Ou ser\u00e1 que n\u00e3o foi gravidez?<\/p>\n<p style=\"text-align: justify;\">Durante tr\u00eas anos ela transou com o padre e ficou em sil\u00eancio. Ser\u00e1 que a m\u00e3e n\u00e3o percebeu as mudan\u00e7as no corpo da filha? N\u00e3o percebeu a calcinha manchada e cheirando a s\u00eamen? Meninas de nove anos n\u00e3o costumam lavar suas calcinhas espontaneamente. N\u00e3o se apercebem do risco de serem descobertas e por isso sequer pensam em ocultar provas, ou seja a sujeira do padre na calcinha.<\/p>\n<p style=\"text-align: justify;\">&#8212;&#8212;&#8212;&#8212;&#8212;&#8212;&#8212;&#8212;&#8212;&#8212;&#8212;&#8212;&#8212;&#8212;&#8212;&#8212;&#8212;&#8212;&#8212;&#8212;&#8212;&#8212;-<br \/>\nEnquanto o Vaticano debate o envolvimento de sacerdotes em esc\u00e2ndalos de abuso sexual, a Justi\u00e7a do Amazonas condenou um padre su\u00ed\u00e7o naturalizado italiano a nove anos de pris\u00e3o, em regime fechado, por crime de pedofilia.<\/p>\n<p style=\"text-align: justify;\">A senten\u00e7a contra Piergiorgio Albertini, 72, \u00e9 de 26 de fevereiro passado &#8211;20 anos ap\u00f3s a sequ\u00eancia de abusos sexuais contra uma menina que tem hoje 29 anos. Ele nega.<\/p>\n<p style=\"text-align: justify;\">Segundo as investiga\u00e7\u00f5es, a menina foi v\u00edtima de &#8220;conjun\u00e7\u00e3o carnal&#8221; e &#8220;ato libidinoso&#8221; dos 9 aos 12 anos.<\/p>\n<p style=\"text-align: justify;\">Ela estudava na institui\u00e7\u00e3o para crian\u00e7as carentes Lar Cristo-Rei, coordenada por Albertini, que \u00e9 p\u00e1roco na prelazia de Borba (a 150 km de Manaus) desde 1990.<\/p>\n<p style=\"text-align: justify;\">Autor da senten\u00e7a, o juiz da Comarca de Borba, Eliezer Fernandes J\u00fanior, decidiu que ele poder\u00e1 recorrer em liberdade. O passaporte est\u00e1 apreendido desde 2010, e ele \u00e9 alvo de outro processo sob a acusa\u00e7\u00e3o de abuso sexual.<\/p>\n<p style=\"text-align: justify;\">A Justi\u00e7a demorou nove dias para encontr\u00e1-lo, anteontem, para notificar a senten\u00e7a.<\/p>\n<p style=\"text-align: justify;\">Su\u00ed\u00e7o, Piergiorgio Albertini chegou ao Brasil em 1979, em S\u00e3o Paulo.<\/p>\n<p style=\"text-align: justify;\">Os casos de pedofilia foram denunciados no fim dos anos 1990 por fam\u00edlias de tr\u00eas meninas ao Conselho Tutelar.<\/p>\n<p style=\"text-align: justify;\">Em 2002, as garotas depuseram \u00e0 Pol\u00edcia Federal, em Manaus. No depoimento, ao qual a Folha teve acesso, uma delas contou que o padre acariciava suas partes \u00edntimas. &#8220;Quando tudo acabava, ele me dava alguma coisa para eu ficar calada&#8221;.<\/p>\n<p style=\"text-align: justify;\">No inqu\u00e9rito da PF, a menina disse que Albertini teria oferecido uma moto para ela negar o depoimento. Ela foi submetida ao exame de corpo de delito, que atestou a conjun\u00e7\u00e3o carnal.<\/p>\n<p style=\"text-align: justify;\">Em 2004, o inqu\u00e9rito da PF foi enviado \u00e0 Justi\u00e7a do Amazonas, que abriu a\u00e7\u00e3o penal contra o p\u00e1roco. O julgamento ocorreu nove anos ap\u00f3s a abertura do processo.<\/p>\n<p style=\"text-align: justify;\">Em depoimento \u00e0 PF, em 2002, o padre afirmou ser v\u00edtima de cal\u00fania. &#8220;Jamais levei uma menor para dormir na minha casa&#8221;, disse. &#8220;Ele afirma que n\u00e3o cometeu esses crimes. Vamos provar isso&#8221;, disse seu advogado, Alysson Karrer.<\/p>\n<p style=\"text-align: center;\">[<a href=\"javascript:history.go(-1)\">Voltar<\/a>]<\/p>\n","protected":false},"excerpt":{"rendered":"<p>A den\u00fancia foi dentro do prazo, por isso ele foi processado e condenado. Ser\u00e1 que a &#8220;mo\u00e7oira&#8221; n\u00e3o foi conivente, n\u00e3o gozou at\u00e9 n\u00e3o querer mais, foi descoberta pelos pais e para se safar, n\u00e3o acusou o padre de descaba\u00e7\u00e1-la \u00e0 for\u00e7a?<\/p>\n","protected":false},"author":1,"featured_media":0,"comment_status":"open","ping_status":"open","sticky":false,"template":"","format":"standard","meta":{"footnotes":""},"categories":[27],"tags":[],"class_list":["post-21251","post","type-post","status-publish","format-standard","hentry","category-noticias"],"_links":{"self":[{"href":"https:\/\/antonini.psc.br\/index.php?rest_route=\/wp\/v2\/posts\/21251","targetHints":{"allow":["GET"]}}],"collection":[{"href":"https:\/\/antonini.psc.br\/index.php?rest_route=\/wp\/v2\/posts"}],"about":[{"href":"https:\/\/antonini.psc.br\/index.php?rest_route=\/wp\/v2\/types\/post"}],"author":[{"embeddable":true,"href":"https:\/\/antonini.psc.br\/index.php?rest_route=\/wp\/v2\/users\/1"}],"replies":[{"embeddable":true,"href":"https:\/\/antonini.psc.br\/index.php?rest_route=%2Fwp%2Fv2%2Fcomments&post=21251"}],"version-history":[{"count":1,"href":"https:\/\/antonini.psc.br\/index.php?rest_route=\/wp\/v2\/posts\/21251\/revisions"}],"predecessor-version":[{"id":30209,"href":"https:\/\/antonini.psc.br\/index.php?rest_route=\/wp\/v2\/posts\/21251\/revisions\/30209"}],"wp:attachment":[{"href":"https:\/\/antonini.psc.br\/index.php?rest_route=%2Fwp%2Fv2%2Fmedia&parent=21251"}],"wp:term":[{"taxonomy":"category","embeddable":true,"href":"https:\/\/antonini.psc.br\/index.php?rest_route=%2Fwp%2Fv2%2Fcategories&post=21251"},{"taxonomy":"post_tag","embeddable":true,"href":"https:\/\/antonini.psc.br\/index.php?rest_route=%2Fwp%2Fv2%2Ftags&post=21251"}],"curies":[{"name":"wp","href":"https:\/\/api.w.org\/{rel}","templated":true}]}}