{"id":21290,"date":"2014-04-19T11:20:29","date_gmt":"2014-04-19T11:20:29","guid":{"rendered":"http:\/\/antonini.med.br\/blog\/?p=21290"},"modified":"2022-02-15T02:39:29","modified_gmt":"2022-02-15T02:39:29","slug":"menina-de-nove-anos-da-a-luz-no-oeste-do-mexico","status":"publish","type":"post","link":"https:\/\/antonini.psc.br\/?p=21290","title":{"rendered":"Menina de nove anos d\u00e1 \u00e0 luz no oeste do M\u00e9xico"},"content":{"rendered":"<p style=\"text-align: justify;\">Crian\u00e7a? Que criancinha mais safada esta garotinha de nove anos, heim? Abriu as perninhas, engravidou e ainda \u00e9 considerada v\u00edtima.<!--more--><\/p>\n<p style=\"text-align: justify;\">Uma crian\u00e7a de nove anos deu \u00e0 luz a um beb\u00ea de quase tr\u00eas quilos no oeste do M\u00e9xico, informaram na ter\u00e7a-feira seus familiares e autoridades do estado de Jalisco, onde nasceu o beb\u00ea.<\/p>\n<p style=\"text-align: justify;\">&#8220;A menina tinha oito anos quando ficou gr\u00e1vida. O pai \u00e9 um jovem de 17 anos, mas n\u00e3o o encontramos porque fugiu&#8221;, comentou a m\u00e3e da menor, que informou que as autoridades j\u00e1 foram notificadas e iniciaram uma investiga\u00e7\u00e3o para localizar o respons\u00e1vel pelo ato.<\/p>\n<p style=\"text-align: justify;\">&#8220;Queremos localizar o jovem que foi respons\u00e1vel para saber sua vers\u00e3o, porque ela n\u00e3o reconhece a transcend\u00eancia de seus atos. Estamos com um pressuposto de estupro ou de abuso sexual infantil&#8221;, explicou Jorge Villase\u00f1or, agente do Minist\u00e9rio P\u00fablico da promotoria local.<\/p>\n<p style=\"text-align: justify;\">O nascimento ocorreu no dia 27 de janeiro no hospital de Zoquipan da capital de Jalisco, Guadalajara. Dafne, como foi identificada a jovem m\u00e3e, deu \u00e0 luz a uma menina de 2,7 kg e 50 cm.<\/p>\n<p style=\"text-align: justify;\">Ambas receberam alta no fim de semana, aparentemente em boas condi\u00e7\u00f5es de sa\u00fade, mas o hospital informou que acompanhar\u00e1 de perto o desenvolvimento do beb\u00ea devido a pouca idade de sua m\u00e3e.\u00a0 <a href=\"http:\/\/noticias.uol.com.br\/ultimas-noticias\/afp\/2013\/02\/06\/menina-de-nove-anos-da-a-luz-no-oeste-do-mexico.htm\" target=\"_blank\" rel=\"noopener\">Leia mais&#8230;<\/a><\/p>\n<p style=\"text-align: justify;\"><strong>M\u00e9dicos implantam contraceptivo na garota<\/strong><\/p>\n<p style=\"text-align: justify;\">&#8220;Foi colocado um implante subd\u00e9rmico no antebra\u00e7o. \u00c9 um m\u00e9todo que protege e n\u00e3o tem contra-indica\u00e7\u00f5es \u00e0 amamenta\u00e7\u00e3o materna&#8221;, disseram fontes m\u00e9dicas, destacando que a decis\u00e3o foi tomada para proteger a sa\u00fade da menina. Os pais da jovem aprovaram o implante.<\/p>\n<p style=\"text-align: center;\">[<a href=\"javascript:history.go(-1)\">Voltar<\/a>]<\/p>\n","protected":false},"excerpt":{"rendered":"<p>Crian\u00e7a? Que criancinha mais safada esta garotinha de nove anos, heim? Abriu as perninhas, engravidou e ainda \u00e9 considerada v\u00edtima.<\/p>\n","protected":false},"author":1,"featured_media":0,"comment_status":"open","ping_status":"open","sticky":false,"template":"","format":"standard","meta":{"footnotes":""},"categories":[27],"tags":[],"class_list":["post-21290","post","type-post","status-publish","format-standard","hentry","category-noticias"],"_links":{"self":[{"href":"https:\/\/antonini.psc.br\/index.php?rest_route=\/wp\/v2\/posts\/21290","targetHints":{"allow":["GET"]}}],"collection":[{"href":"https:\/\/antonini.psc.br\/index.php?rest_route=\/wp\/v2\/posts"}],"about":[{"href":"https:\/\/antonini.psc.br\/index.php?rest_route=\/wp\/v2\/types\/post"}],"author":[{"embeddable":true,"href":"https:\/\/antonini.psc.br\/index.php?rest_route=\/wp\/v2\/users\/1"}],"replies":[{"embeddable":true,"href":"https:\/\/antonini.psc.br\/index.php?rest_route=%2Fwp%2Fv2%2Fcomments&post=21290"}],"version-history":[{"count":1,"href":"https:\/\/antonini.psc.br\/index.php?rest_route=\/wp\/v2\/posts\/21290\/revisions"}],"predecessor-version":[{"id":30204,"href":"https:\/\/antonini.psc.br\/index.php?rest_route=\/wp\/v2\/posts\/21290\/revisions\/30204"}],"wp:attachment":[{"href":"https:\/\/antonini.psc.br\/index.php?rest_route=%2Fwp%2Fv2%2Fmedia&parent=21290"}],"wp:term":[{"taxonomy":"category","embeddable":true,"href":"https:\/\/antonini.psc.br\/index.php?rest_route=%2Fwp%2Fv2%2Fcategories&post=21290"},{"taxonomy":"post_tag","embeddable":true,"href":"https:\/\/antonini.psc.br\/index.php?rest_route=%2Fwp%2Fv2%2Ftags&post=21290"}],"curies":[{"name":"wp","href":"https:\/\/api.w.org\/{rel}","templated":true}]}}