{"id":21424,"date":"2014-05-02T06:09:53","date_gmt":"2014-05-02T06:09:53","guid":{"rendered":"http:\/\/antonini.med.br\/blog\/?p=21424"},"modified":"2022-02-15T02:39:29","modified_gmt":"2022-02-15T02:39:29","slug":"ex-procurador-de-rr-e-condenado-a-247-anos-de-prisao-por-pedofilia","status":"publish","type":"post","link":"https:\/\/antonini.psc.br\/?p=21424","title":{"rendered":"Ex-procurador de RR \u00e9 condenado a 247 anos de pris\u00e3o por pedofilia"},"content":{"rendered":"<p style=\"text-align: justify;\"><strong>Luciano Queiroz<\/strong> (foto), ex-procurador-geral do Estado de Roraima (RR), foi condenado na quinta (25) a 247 anos de pris\u00e3o pela pr\u00e1tica de pedofilia. A informa\u00e7\u00e3o \u00e9 da imprensa da regi\u00e3o.<!--more--><\/p>\n<p style=\"text-align: justify;\"><img loading=\"lazy\" decoding=\"async\" class=\"ngg-singlepic ngg-left alignleft\" src=\"http:\/\/antonini.med.br\/blog\/wp-content\/gallery\/puber_precoce\/0002.jpg\" alt=\"0002\" width=\"274\" height=\"184\" \/>Queiroz est\u00e1 preso desde junho do ano passado, quando ele, dois empres\u00e1rios e um policial foram pegos pela Opera\u00e7\u00e3o Arcanjo da Pol\u00edcia Federal.<\/p>\n<p style=\"text-align: justify;\">Na \u00e9poca, uma menina de 13 anos disse estar gr\u00e1vida do procurador.<\/p>\n<p style=\"text-align: justify;\">Lidiane do Nascimento Foo, acusada de cafetina, confirmou a senadores da CPI da Pedofilia que, conforme as investiga\u00e7\u00f5es j\u00e1 tinham apurado, ela levava meninas de 5 a 17 anos para Queiroz, incluindo a sua pr\u00f3pria filha. \u201cEle [Queiroz] \u00e0s vezes tinha relacionamento sexual com crian\u00e7as v\u00e1rias vezes por dia.\u201d<\/p>\n<p style=\"text-align: justify;\">Condenado por estupro, atentado violento ao pudor e explora\u00e7\u00e3o de crian\u00e7as, Queiroz ficar\u00e1 30 anos atr\u00e1s das grades porque \u00a0a lei estabelece esse limite m\u00e1ximo de pris\u00e3o.<\/p>\n<p style=\"text-align: justify;\">Entre as provas colhidas pela PF, h\u00e1 uma grava\u00e7\u00e3o de v\u00eddeo mostrando Queiroz saindo de motel com duas meninas, uma de seis e outra de sete anos. A informa\u00e7\u00e3o \u00e9 da Folha Online.<\/p>\n<p style=\"text-align: justify;\">Lidiane foi condenada a 331 anos de pris\u00e3o por manter o esquema de aliciamento de crian\u00e7as.<\/p>\n<p style=\"text-align: justify;\">Outras seis pessoas tamb\u00e9m foram condenadas, entre elas os empres\u00e1rios Jos\u00e9 Queiroz da Silva e Valdivino Queiroz da Silva (ele s\u00e3o irm\u00e3os) e o major da Pol\u00edcia Militar Raimundo Ferreira Gomes, que \u00e9 cunhado de Lidiane.<\/p>\n<p style=\"text-align: justify;\">Os condenados ainda podem recorrer da senten\u00e7a.<\/p>\n<p style=\"text-align: justify;\">Quando foi preso, Queiroz negou as acusa\u00e7\u00f5es e disse que estava sendo v\u00edtima de arma\u00e7\u00e3o montada por pessoas que tiveram interesses contrariados pela atua\u00e7\u00e3o dele como procurador.<\/p>\n<p style=\"text-align: justify;\">O juiz Jarbas Lacerda de Miranda, da Justi\u00e7a Estadual de Roraima, determinou \u00a0que os ped\u00f3filos v\u00e3o ter de indenizar as fam\u00edlias das crian\u00e7as abusadas em R$ 1,1 milh\u00e3o.<\/p>\n<p style=\"text-align: justify;\">\u201c[A condena\u00e7\u00e3o] \u00e9 uma resposta que o Poder Judici\u00e1rio d\u00e1 n\u00e3o s\u00f3 para Roraima, mas tamb\u00e9m para a sociedade brasileira\u201d, disse.<\/p>\n","protected":false},"excerpt":{"rendered":"<p>Luciano Queiroz (foto), ex-procurador-geral do Estado de Roraima (RR), foi condenado na quinta (25) a 247 anos de pris\u00e3o pela pr\u00e1tica de pedofilia. A informa\u00e7\u00e3o \u00e9 da imprensa da regi\u00e3o.<\/p>\n","protected":false},"author":1,"featured_media":0,"comment_status":"open","ping_status":"open","sticky":false,"template":"","format":"standard","meta":{"footnotes":""},"categories":[27],"tags":[],"class_list":["post-21424","post","type-post","status-publish","format-standard","hentry","category-noticias"],"_links":{"self":[{"href":"https:\/\/antonini.psc.br\/index.php?rest_route=\/wp\/v2\/posts\/21424","targetHints":{"allow":["GET"]}}],"collection":[{"href":"https:\/\/antonini.psc.br\/index.php?rest_route=\/wp\/v2\/posts"}],"about":[{"href":"https:\/\/antonini.psc.br\/index.php?rest_route=\/wp\/v2\/types\/post"}],"author":[{"embeddable":true,"href":"https:\/\/antonini.psc.br\/index.php?rest_route=\/wp\/v2\/users\/1"}],"replies":[{"embeddable":true,"href":"https:\/\/antonini.psc.br\/index.php?rest_route=%2Fwp%2Fv2%2Fcomments&post=21424"}],"version-history":[{"count":1,"href":"https:\/\/antonini.psc.br\/index.php?rest_route=\/wp\/v2\/posts\/21424\/revisions"}],"predecessor-version":[{"id":30201,"href":"https:\/\/antonini.psc.br\/index.php?rest_route=\/wp\/v2\/posts\/21424\/revisions\/30201"}],"wp:attachment":[{"href":"https:\/\/antonini.psc.br\/index.php?rest_route=%2Fwp%2Fv2%2Fmedia&parent=21424"}],"wp:term":[{"taxonomy":"category","embeddable":true,"href":"https:\/\/antonini.psc.br\/index.php?rest_route=%2Fwp%2Fv2%2Fcategories&post=21424"},{"taxonomy":"post_tag","embeddable":true,"href":"https:\/\/antonini.psc.br\/index.php?rest_route=%2Fwp%2Fv2%2Ftags&post=21424"}],"curies":[{"name":"wp","href":"https:\/\/api.w.org\/{rel}","templated":true}]}}