{"id":21574,"date":"2014-05-20T19:08:53","date_gmt":"2014-05-20T19:08:53","guid":{"rendered":"http:\/\/antonini.med.br\/blog\/?p=21574"},"modified":"2022-02-15T02:39:29","modified_gmt":"2022-02-15T02:39:29","slug":"obra-do-itaquerao-gerou-aumento-de-abuso-infantil-em-itaquera-conclui-cpi","status":"publish","type":"post","link":"https:\/\/antonini.psc.br\/?p=21574","title":{"rendered":"Obra do Itaquer\u00e3o gerou aumento de abuso infantil em Itaquera, conclui CPI"},"content":{"rendered":"<p style=\"text-align: justify;\">Estava na caria que isso aconteceria. Onde se coloca pe\u00f5es (milhares deles) a probabilidade desse tipo de coisa acontecer \u00e9 muito alta, sem falar que as condi\u00e7\u00f5es sociais, a mis\u00e9ria, a fome e outros problemas, podem empurrar as crian\u00e7as e as mulheres para a prostitui\u00e7\u00e3o. <!--more--><\/p>\n<p style=\"text-align: justify;\">Tamb\u00e9m estava na cara que muita putinha se aproveitaria dos tontos que tem o c\u00e9rebro na cabe\u00e7a de baixo para arrumarem um encosto que as sustente e sa\u00edrem de casa.<\/p>\n<p style=\"text-align: justify;\">Protesto contra explora\u00e7\u00e3o sexual infantil coincidiu com primeiro jogo oficial do Itaquer\u00e3o<\/p>\n<p style=\"text-align: justify;\"><em>Rog\u00e9rio Gomes<\/em><\/p>\n<p style=\"text-align: justify;\">O bairro de Itaquera, na zona leste da capital paulista, onde est\u00e1 instalado o rec\u00e9m-constru\u00eddo est\u00e1dio do Corinthians \u2013 palco da cerim\u00f4nia de abertura da Copa do Mundo &#8211;\u00a0\u00a0registrou aumento de casos de abusos sexuais contra crian\u00e7as e adolescentes no per\u00edodo de constru\u00e7\u00e3o da arena.<\/p>\n<p style=\"text-align: justify;\">A conclus\u00e3o \u00e9 da CPI (Comiss\u00e3o Parlamentar de Inqu\u00e9rito) que foi instalada no ano passado na C\u00e2mara dos Vereadores de S\u00e3o Paulo. O relat\u00f3rio final do trabalho dos parlamentares traz depoimentos de meninas moradoras de uma favela do bairro que tratam abertamente dos abusos ocorridos.<\/p>\n<p style=\"text-align: justify;\">Depoimentos de um grupo de meninas, prestados no in\u00edcio do m\u00eas de abril a um comit\u00ea de defesa dos direitos da crian\u00e7a atestam que o canteiro de obras do est\u00e1dio fez intensificar a explora\u00e7\u00e3o na regi\u00e3o.<\/p>\n<p style=\"text-align: justify;\">&#8220;A gente colheu depoimentos de meninas que foram vitimizadas durante o per\u00edodo [de constru\u00e7\u00e3o do est\u00e1dio, iniciado em 2011]. \u00c9 fato que existe e existiu a explora\u00e7\u00e3o sexual naquele momento e nas imedia\u00e7\u00f5es do Itaquer\u00e3o&#8221;, destaca a vereadora Patr\u00edcia Bezerra (PSDB), relatora da CPI que apurou a explora\u00e7\u00e3o infantil no munic\u00edpio.<\/p>\n<p style=\"text-align: justify;\">Em um dos depoimentos, a menina B., de 13 anos, conta que foi assediada e abusada sexualmente por um dos trabalhadores do canteiro de obras do Itaquer\u00e3o e que engravidou.<\/p>\n<p style=\"text-align: justify;\">&#8220;Um rapaz sempre dava em cima de mim na rua quando eu passava. Isso come\u00e7ou a me incomodar por ele ser bem mais velho. Meu pai sabia que ele dava em cima de mim e n\u00e3o fazia nada. Ele foi tentando se aproximar v\u00e1rias vezes. At\u00e9 que um dia sa\u00ed com ele e fui abusada. Engravidei. Depois de um tempo ele disse que me assumiria. Meu pai n\u00e3o se importou muito. At\u00e9 parece que para ele isso foi bom, porque era uma boca a menos para alimentar. Pode ter sido bom para ele, n\u00e3o para mim&#8221;, disse a menina, moradora de uma comunidade pr\u00f3xima ao Itaquer\u00e3o.<\/p>\n<p style=\"text-align: justify;\">A Prefeitura de S\u00e3o Paulo reconhece a regi\u00e3o do est\u00e1dio como um dos pontos vulner\u00e1veis a esse tipo de crime e acionou uma rede de prote\u00e7\u00e3o, que inclui assist\u00eancia social, conselhos tutelares e escolas, para que a pr\u00e1tica de abuso sexual infantil n\u00e3o seja repetida durante a Copa do Mundo, que come\u00e7a no pr\u00f3ximo dia 12, exatamente no Itaquer\u00e3o.<\/p>\n<p style=\"text-align: justify;\">A medida integra a Agenda de Converg\u00eancia, estrat\u00e9gia do governo federal, por meio da Secretaria de Direitos Humanos da Presid\u00eancia da Rep\u00fablica, no enfrentamento \u00e0 viola\u00e7\u00e3o dos direitos da crian\u00e7a e do adolescente durante grandes eventos.<\/p>\n<p style=\"text-align: justify;\">&#8220;Essa a\u00e7\u00e3o mobiliza os atores sociais das redes locais e foi implantada na capital paulista. N\u00e3o s\u00f3 l\u00e1 na regi\u00e3o de Itaquera, mas em outros pontos de concentra\u00e7\u00e3o onde as pessoas v\u00e3o assistir aos jogos&#8221;, informou F\u00e1bio Silvestre, coordenador de pol\u00edticas para crian\u00e7as e adolescentes da Secretaria Municipal de Direitos Humanos.<\/p>\n<p style=\"text-align: justify;\">De acordo com Silvestre, a prefeitura refor\u00e7ou tamb\u00e9m a campanha de divulga\u00e7\u00e3o do Disque Direitos Humanos &#8211; Disque 100, que recebe esse tipo de den\u00fancia.<\/p>\n<p style=\"text-align: justify;\"><strong>Avisos em aeroportos<\/strong><\/p>\n<p style=\"text-align: justify;\">A Secretaria Nacional de Direitos Humanos (SDH) ir\u00e1 pregar nos principais portos, aeroportos e terminais rodovi\u00e1rios das 12 cidades-sede da Copa do Mundo do Brasil cartazes em ingl\u00eas e espanhol convidando os turistas estrangeiros a denunciar casos de abuso ou explora\u00e7\u00e3o sexual infantil de que tenham conhecimento durante sua estada no pa\u00eds.<\/p>\n<p style=\"text-align: justify;\">Al\u00e9m dos cartazes, ser\u00e3o distribu\u00eddos adesivos e folders aos turistas nos principais pontos de aglomera\u00e7\u00e3o de pessoas durante o Mundial de futebol, como entorno dos est\u00e1dios, locais onde ser\u00e3o realizados eventos relacionados \u00e0 Copa e centros hoteleiros.<\/p>\n<p style=\"text-align: justify;\">A a\u00e7\u00e3o faz parte da campanha &#8220;Entre em Campo pelo Direito das Crian\u00e7as&#8221;, executada pela SDH em parceria com conselhos municipais dos direitos da crian\u00e7a e do adolescente e entidades da sociedade civil. Quem banca o projeto \u00e9 a Funda\u00e7\u00e3o Ita\u00fa Social.<\/p>\n<p style=\"text-align: justify;\">De acordo com a secret\u00e1ria Nacional de Direitos Humanos, Angelica Goulart, al\u00e9m da divulga\u00e7\u00e3o e distribui\u00e7\u00e3o dos cartazes e adesivos, a a\u00e7\u00e3o inclui a cria\u00e7\u00e3o, em cada cidade-sede da Copa, de espa\u00e7os tempor\u00e1rios de abrigo para crian\u00e7as em situa\u00e7\u00e3o de vulnerabilidade ou que tenham sofrido qualquer tipo de viol\u00eancia.<\/p>\n","protected":false},"excerpt":{"rendered":"<p>Estava na caria que isso aconteceria. Onde se coloca pe\u00f5es (milhares deles) a probabilidade desse tipo de coisa acontecer \u00e9 muito alta, sem falar que as condi\u00e7\u00f5es sociais, a mis\u00e9ria, a fome e outros problemas, podem empurrar as crian\u00e7as e as mulheres para a prostitui\u00e7\u00e3o.<\/p>\n","protected":false},"author":1,"featured_media":0,"comment_status":"open","ping_status":"open","sticky":false,"template":"","format":"standard","meta":{"footnotes":""},"categories":[27],"tags":[],"class_list":["post-21574","post","type-post","status-publish","format-standard","hentry","category-noticias"],"_links":{"self":[{"href":"https:\/\/antonini.psc.br\/index.php?rest_route=\/wp\/v2\/posts\/21574","targetHints":{"allow":["GET"]}}],"collection":[{"href":"https:\/\/antonini.psc.br\/index.php?rest_route=\/wp\/v2\/posts"}],"about":[{"href":"https:\/\/antonini.psc.br\/index.php?rest_route=\/wp\/v2\/types\/post"}],"author":[{"embeddable":true,"href":"https:\/\/antonini.psc.br\/index.php?rest_route=\/wp\/v2\/users\/1"}],"replies":[{"embeddable":true,"href":"https:\/\/antonini.psc.br\/index.php?rest_route=%2Fwp%2Fv2%2Fcomments&post=21574"}],"version-history":[{"count":1,"href":"https:\/\/antonini.psc.br\/index.php?rest_route=\/wp\/v2\/posts\/21574\/revisions"}],"predecessor-version":[{"id":30196,"href":"https:\/\/antonini.psc.br\/index.php?rest_route=\/wp\/v2\/posts\/21574\/revisions\/30196"}],"wp:attachment":[{"href":"https:\/\/antonini.psc.br\/index.php?rest_route=%2Fwp%2Fv2%2Fmedia&parent=21574"}],"wp:term":[{"taxonomy":"category","embeddable":true,"href":"https:\/\/antonini.psc.br\/index.php?rest_route=%2Fwp%2Fv2%2Fcategories&post=21574"},{"taxonomy":"post_tag","embeddable":true,"href":"https:\/\/antonini.psc.br\/index.php?rest_route=%2Fwp%2Fv2%2Ftags&post=21574"}],"curies":[{"name":"wp","href":"https:\/\/api.w.org\/{rel}","templated":true}]}}