{"id":21698,"date":"2014-03-02T00:30:46","date_gmt":"2014-03-02T00:30:46","guid":{"rendered":"http:\/\/antonini.med.br\/home\/?p=21698"},"modified":"2022-02-15T02:39:45","modified_gmt":"2022-02-15T02:39:45","slug":"pec-altera-criterios-de-idade-minima-para-aposentadoria-voluntaria-de-servidor","status":"publish","type":"post","link":"https:\/\/antonini.psc.br\/?p=21698","title":{"rendered":"PEC altera crit\u00e9rios de idade m\u00ednima para aposentadoria volunt\u00e1ria de servidor"},"content":{"rendered":"<p style=\"text-align: justify;\">Proposta beneficia quem ingressou no servi\u00e7o p\u00fablico ap\u00f3s a Emenda Constitucional 20, de 1998.<!--more--><\/p>\n<p style=\"text-align: justify;\"><img decoding=\"async\" class=\"aligncenter size-full wp-image-21703\" style=\"margin: 0px 0px 5px 5px; float: right;\" alt=\"proposta_pec_aposentadoria\" src=\"\/wp-content\/uploads\/2014\/03\/proposta_pec_aposentadoria.jpg\" width=\"247\" \/>A C\u00e2mara dos Deputados analisa a Proposta de Emenda \u00e0 Constitui\u00e7\u00e3o (PEC) 360\/13, da deputada Andreia Zito (PSDB-RJ), que garante a ado\u00e7\u00e3o da \u201cf\u00f3rmula 95\/85\u201d para o c\u00e1lculo da idade m\u00ednima para a aposentadoria volunt\u00e1ria com proventos integrais daqueles que ingressaram no servi\u00e7o p\u00fablico ap\u00f3s a <a href=\"http:\/\/www.planalto.gov.br\/ccivil_03\/constituicao\/Emendas\/Emc\/emc20.htm\" target=\"_blank\" rel=\"noopener noreferrer\">Emenda Constitucional 20<\/a>, de 1998.<\/p>\n<p style=\"text-align: justify;\">Pelo texto, se o homem tiver mais de 35 anos de contribui\u00e7\u00e3o; e a mulher, mais de 30, esse tempo pode ser somado \u00e0 idade. O servidor ter\u00e1 direito a aposentadoria quando a soma der 95 para o homem ou 85 para a mulher.<\/p>\n<p style=\"text-align: center;\"><img decoding=\"async\" class=\"aligncenter size-full wp-image-21705\" style=\"margin: 5px auto; display: block; text-align: center;\" alt=\"tabela_pec_aposentadoria\" src=\"\/wp-content\/uploads\/2014\/03\/tabela_pec_aposentadoria.jpg\" width=\"429\" srcset=\"https:\/\/antonini.psc.br\/wp-content\/uploads\/2014\/03\/tabela_pec_aposentadoria.jpg 429w, https:\/\/antonini.psc.br\/wp-content\/uploads\/2014\/03\/tabela_pec_aposentadoria-300x172.jpg 300w\" sizes=\"(max-width: 429px) 100vw, 429px\" \/><\/p>\n<p style=\"text-align: justify;\">Segundo a regra atual, o servidor tem direito \u00e0 aposentadoria volunt\u00e1ria se tiver 60 anos de idade e 35 anos de contribui\u00e7\u00e3o. J\u00e1 para a servidora, \u00e9 necess\u00e1rio ter 55 anos de idade e 30 anos de contribui\u00e7\u00e3o.<\/p>\n<p style=\"text-align: justify;\"><img decoding=\"async\" class=\"aligncenter size-full wp-image-21709\" style=\"margin: 0px 0px 5px 5px; float: right;\" alt=\"enquete_pec_aposentadoria\" src=\"\/wp-content\/uploads\/2014\/03\/enquete_pec_aposentadoria.jpg\" width=\"266\" \/>Para a deputada Andreia Zito, a proposta garante direitos e tratamentos ison\u00f4micos para os servidores p\u00fablicos que ingressaram ap\u00f3s a Emenda Constitucional 20.<\/p>\n<p style=\"text-align: justify;\"><strong>Tramita\u00e7\u00e3o<\/strong><br \/>\nInicialmente, a proposta ser\u00e1 analisada pela Comiss\u00e3o de Constitui\u00e7\u00e3o e Justi\u00e7a e de Cidadania (CCJ) quanto \u00e0 sua admissibilidade. Se aprovada, ainda ter\u00e1 de ser examinada por uma comiss\u00e3o especial criada especialmente para esse fim, antes de seguir para vota\u00e7\u00e3o, em dois turnos, no Plen\u00e1rio.<\/p>\n<p style=\"text-align: justify;\"><a href=\"http:\/\/www2.camara.leg.br\/camaranoticias\/noticias\/POLITICA\/145335-SAIBA-MAIS-SOBRE-A-TRAMITACAO-DE-PECS.html\" target=\"_blank\" rel=\"noopener noreferrer\">Saiba mais sobre a tramita\u00e7\u00e3o de PECs.<\/a><\/p>\n<div id=\"proposicao\" style=\"text-align: justify;\">\n<h4>\u00cdntegra da proposta:<\/h4>\n<ul>\n<li><a href=\"http:\/\/www.camara.gov.br\/internet\/sileg\/Prop_Detalhe.asp?id=602979\" target=\"_blank\" rel=\"noopener noreferrer\">PEC-360\/2013<\/a><\/li>\n<\/ul>\n<\/div>\n<p style=\"text-align: justify;\">Reportagem \u2013 Luiz Gustavo Xavier<br \/>\nEdi\u00e7\u00e3o \u2013 Pierre Triboli<br \/>\nA reprodu\u00e7\u00e3o das not\u00edcias \u00e9 autorizada desde que contenha a assinatura &#8216;<a title=\"Ag\u00eancia C\u00e2mara de Not\u00edticas\" href=\"http:\/\/www2.camara.leg.br\/camaranoticias\" target=\"_blank\" rel=\"noopener noreferrer\">Ag\u00eancia C\u00e2mara Not\u00edcias<\/a>&#8216;<\/p>\n<p style=\"text-align: center;\">[<a href=\"javascript:history.go(-1)\">Voltar<\/a>]<\/p>\n","protected":false},"excerpt":{"rendered":"<p>Proposta beneficia quem ingressou no servi\u00e7o p\u00fablico ap\u00f3s a Emenda Constitucional 20, de 1998.<\/p>\n","protected":false},"author":1,"featured_media":0,"comment_status":"open","ping_status":"open","sticky":false,"template":"","format":"standard","meta":{"footnotes":""},"categories":[27],"tags":[],"class_list":["post-21698","post","type-post","status-publish","format-standard","hentry","category-noticias"],"_links":{"self":[{"href":"https:\/\/antonini.psc.br\/index.php?rest_route=\/wp\/v2\/posts\/21698","targetHints":{"allow":["GET"]}}],"collection":[{"href":"https:\/\/antonini.psc.br\/index.php?rest_route=\/wp\/v2\/posts"}],"about":[{"href":"https:\/\/antonini.psc.br\/index.php?rest_route=\/wp\/v2\/types\/post"}],"author":[{"embeddable":true,"href":"https:\/\/antonini.psc.br\/index.php?rest_route=\/wp\/v2\/users\/1"}],"replies":[{"embeddable":true,"href":"https:\/\/antonini.psc.br\/index.php?rest_route=%2Fwp%2Fv2%2Fcomments&post=21698"}],"version-history":[{"count":3,"href":"https:\/\/antonini.psc.br\/index.php?rest_route=\/wp\/v2\/posts\/21698\/revisions"}],"predecessor-version":[{"id":27521,"href":"https:\/\/antonini.psc.br\/index.php?rest_route=\/wp\/v2\/posts\/21698\/revisions\/27521"}],"wp:attachment":[{"href":"https:\/\/antonini.psc.br\/index.php?rest_route=%2Fwp%2Fv2%2Fmedia&parent=21698"}],"wp:term":[{"taxonomy":"category","embeddable":true,"href":"https:\/\/antonini.psc.br\/index.php?rest_route=%2Fwp%2Fv2%2Fcategories&post=21698"},{"taxonomy":"post_tag","embeddable":true,"href":"https:\/\/antonini.psc.br\/index.php?rest_route=%2Fwp%2Fv2%2Ftags&post=21698"}],"curies":[{"name":"wp","href":"https:\/\/api.w.org\/{rel}","templated":true}]}}