{"id":22051,"date":"2014-05-27T03:37:16","date_gmt":"2014-05-27T03:37:16","guid":{"rendered":"http:\/\/antonini.med.br\/blog\/?p=22051"},"modified":"2022-02-15T02:39:29","modified_gmt":"2022-02-15T02:39:29","slug":"leao-lobo-manda-recado-para-edir-macedo-o-que-ele-faz-nao-e-religioso","status":"publish","type":"post","link":"https:\/\/antonini.psc.br\/?p=22051","title":{"rendered":"Le\u00e3o Lobo manda recado para Edir Macedo: &#8220;o que ele faz n\u00e3o \u00e9 religioso&#8221;"},"content":{"rendered":"<p style=\"text-align: justify;\">Em entrevista exclusiva, apresentador fala sobre venda de hor\u00e1rios da CNT para a Igreja Universal: &#8220;Lastim\u00e1vel&#8221;<!--more--><\/p>\n<p style=\"text-align: justify;\">[singlepic id=1992 w=150 h=100 float=left]No in\u00edcio deste m\u00eas de maio, uma not\u00edcia caiu como uma bomba na imprensa brasileira e nas redes sociais: A Rede CNT vendeu 22 horas de sua programa\u00e7\u00e3o para a Igreja Universal do Reino de Deus, de propriedade de Edir Macedo, por R$ 5 milh\u00f5es.<\/p>\n<p style=\"text-align: justify;\">Diante disso, muitos programas da emissora foram cancelados e sair\u00e3o do ar no in\u00edcio de junho. Um deles \u00e9 o &#8220;Not\u00edcias &amp; Mais&#8221;, que Le\u00e3o Lobo comandava ao lado de Adriana de Castro desde 2009.<\/p>\n<p style=\"text-align: justify;\">Em entrevista exclusiva concedida ao NaTelinha por telefone, Le\u00e3o Lobo desabafou. O apresentador disse que est\u00e1 muito triste com a situa\u00e7\u00e3o e comentou: &#8220;N\u00e3o \u00e9 a primeira vez que essa igreja entra no meu caminho&#8221;.<\/p>\n<p style=\"text-align: justify;\">Le\u00e3o reclamou das compras de espa\u00e7o na TV por Igrejas e falou que pretende agir: &#8220;Eu estou gritando, gostaria de falar com o Ministro das Comunica\u00e7\u00f5es, com a presidenta&#8230; N\u00e3o d\u00e1 mais. Voc\u00ea est\u00e1 trabalhando, de repente vem uma avalanche dessa e destr\u00f3i tudo. Muito chato&#8221;.<\/p>\n<p style=\"text-align: justify;\">O jornalista tamb\u00e9m mandou um recado para Edir Macedo: &#8220;Eu n\u00e3o entendi essa hist\u00f3ria dele dizer que a igreja dele quer ser a Globo das igrejas. \u00c9 uma frase completamente absurda. N\u00e3o d\u00e1 para comparar uma igreja. O que entendo por igreja n\u00e3o tem nada a ver com poder&#8221;.<\/p>\n<p style=\"text-align: justify;\">Le\u00e3o Lobo ainda relembrou seus momentos no SBT, falou de Silvio Santos, Ratinho, e afirmou que &#8220;voltaria correndo&#8221; caso recebesse convites de SBT e TV Gazeta.<\/p>\n<p style=\"text-align: justify;\"><strong>Confira a entrevista na \u00edntegra:<\/strong><\/p>\n<p style=\"text-align: justify;\">NaTelinha &#8211; Como voc\u00ea recebeu a not\u00edcia de que a Igreja Universal comprou 22 horas da CNT?<br \/>\nLe\u00e3o Lobo &#8211; Com muita tristeza. N\u00e3o s\u00f3 por mim, mas por todo mundo. S\u00e3o mais de 100 funcion\u00e1rios. \u00c9 uma coisa lastim\u00e1vel. N\u00e3o \u00e9 a primeira vez que essa igreja entra no meu caminho. A primera vez foi na Rede Mulher, onde eles comparam a Rede Mulher e demitiram todo mundo.<\/p>\n<p style=\"text-align: justify;\">Depois eu estava na r\u00e1dio deles, e a r\u00e1dio acabou, a Record. A r\u00e1dio tinha acabado de completar 80 anos e foi um choque pra todo mundo.<\/p>\n<p style=\"text-align: justify;\">Eu adorava trabalhar na CNT. Tinha prazer. De repente, eles compraram os hor\u00e1rios. Evidente que n\u00e3o \u00e9 culpa deles, nem da Igreja, nem dos donos&#8230; Mas, na verdade, \u00e9 um neg\u00f3cio. O problema \u00e9 n\u00f3s n\u00e3o termos uma lei que nos proteja, esse \u00e9 o problema. At\u00e9 existe, mas acontece que ningu\u00e9m segue. S\u00f3 existe no papel. E a\u00ed sobra para todos n\u00f3s profissionais.<\/p>\n<p style=\"text-align: justify;\">Eu estou gritando, gostaria de falar com o Ministro das Comunica\u00e7\u00f5es, com a presidenta&#8230; N\u00e3o d\u00e1 mais. Voc\u00ea est\u00e1 trabalhando, de repente vem uma avalanche dessa e destr\u00f3i tudo. Muito chato. E quando trabalho num lugar, visto a camisa.<\/p>\n<p style=\"text-align: justify;\">NaTelinha &#8211; Houve alguma tentativa de manter o programa na grade?<br \/>\nLe\u00e3o Lobo &#8211; Houve. \u00c9 que meu programa tem custos. S\u00f3 poderia ficar aquilo que n\u00e3o tivesse custo. Chato, n\u00e9? \u00c9 assim mesmo. Faz parte. J\u00e1 que a lei n\u00e3o \u00e9 cumprida, n\u00e3o h\u00e1 muito o que fazer.<\/p>\n<p style=\"text-align: justify;\">NaTelinha &#8211; Qual o sentimento da equipe?<br \/>\nLe\u00e3o Lobo &#8211; De sofrimento, de tristeza. Para todos. T\u00e1 todo mundo desolado&#8230; Temos a esperan\u00e7a, somos profissionais e sabemos que em algum lugar vamos trabalhar. Mas \u00e9 complicado, parece que est\u00e1 sempre recome\u00e7ando. \u00c9 uma coisa que meio que est\u00e1 fechando portas. E isso d\u00f3i. \u00c9 muito triste.<\/p>\n<p style=\"text-align: justify;\">NaTelinha &#8211; E agora, pretende entrar em algum outro canal; tem alguma negocia\u00e7\u00e3o acontecendo?<br \/>\nLe\u00e3o Lobo &#8211; Acabei de receber um convite, h\u00e1 outras negocia\u00e7\u00f5es, mas nada ainda que eu possa falar.<\/p>\n<p style=\"text-align: justify;\">NaTelinha &#8211; Se voc\u00ea pudesse falar com Edir Macedo, propriet\u00e1rio da Igreja Universal que praticamente comprou a CNT, o que diria?<br \/>\nLe\u00e3o Lobo &#8211; Eu n\u00e3o entendi essa hist\u00f3ria dele dizer que a igreja dele quer ser a Globo das igrejas. \u00c9 uma frase completamente absurda. N\u00e3o d\u00e1 para comparar uma igreja. O que entendo por igreja n\u00e3o tem nada a ver com poder. Uma frase completamente infeliz. Gostaria que ele pensasse no sentido religioso, e o que ele faz n\u00e3o \u00e9 religioso, n\u00e3o \u00e9 crist\u00e3o.<\/p>\n<p style=\"text-align: justify;\">NaTelinha &#8211; E para os donos da CNT, que venderam quase toda a grade?<br \/>\nLe\u00e3o Lobo &#8211; S\u00f3 agradecer. Eles foram maravilhosos, me deram total liberdade de trabalho. Foram super respeitosos. \u00c9 uma pena que esteja se fechando esse espa\u00e7o, porque \u00e9 uma casa que eu amei trabalhar. Como fui muito feliz na Rede Mulher, enfim. H\u00e1 algumas casas que voc\u00ea voltaria, se voc\u00ea pudesse.<\/p>\n<p style=\"text-align: justify;\">NaTelinha &#8211; Voc\u00ea participou por muitos anos do &#8220;Show de Calouros&#8221;, de Silvio Santos. Como \u00e9 voltar a este tipo de formato como jurado, s\u00f3 que desta vez com Ratinho?<br \/>\nLe\u00e3o Lobo &#8211; O que muda na verdade \u00e9 o Ratinho. Ele tem uma pegada diferente. \u00c9 sempre divertido. Eu adorava o &#8220;Show de Calouros&#8221;. Na \u00e9poca d\u00e1vamos 40 pontos no Ibope. Hoje, de novo \u00e9 assim. O Ratinho tem uma audi\u00eancia incr\u00edvel. Ficamos toda segunda-feira na vice-lideran\u00e7a e encostando na l\u00edder. \u00c9 muito legal, a gente se sente recompensado, tudo que a gente fala, repercute. \u00c9 um lado diferente, o da repercuss\u00e3o imediata. Eu adoro trabalhar com o Ratinho, \u00e9 a terceira ou quarta vez, somos amigos desde a \u00e9poca da CNT. O Ratinho \u00e9 um querido, \u00e9 uma pessoa que eu amo.<\/p>\n<p style=\"text-align: justify;\">NaTelinha &#8211; O que voc\u00ea acha das cr\u00edticas de Elke Maravilha em rela\u00e7\u00e3o ao Silvio Santos? Recentemente, ela disse n\u00e3o ter a menor saudade dele e comentou que o dono do SBT \u00e9 pobre de esp\u00edrito. Voc\u00ea concorda?<br \/>\nLe\u00e3o Lobo &#8211; Olha, a rela\u00e7\u00e3o que ela teve com o Silvio \u00e9 muito diferente da rela\u00e7\u00e3o que eu tenho com o Silvio. N\u00e3o gostaria de comentar, porque eu amo a Elke e gosto muito do Silvio.<\/p>\n<p style=\"text-align: justify;\">NaTelinha &#8211; Ao longo de sua carreira, voc\u00ea colecionou diversos programas em diferentes emissoras. H\u00e1 algum que voc\u00ea tenha mais gostado de fazer, ou o mais prazeroso?<br \/>\nLe\u00e3o Lobo &#8211; Foi na Band, por incr\u00edvel que pare\u00e7a, com um projeto meu, que o nome era meu&#8230; Era um programa que dava muito certo, foi o &#8220;De Olho nas Estrelas&#8221;. Foi meu momento mais feliz na Band e um dos momentos mais felizes da minha carreira. Gostei muito de fazer o &#8220;Mulheres&#8221;, na TV Gazeta, o &#8220;Show de Calouros&#8221; que era muito legal. Tive alguns momentos maravilhosos. E agora estou muito feliz com o Ratinho tamb\u00e9m.<\/p>\n<p style=\"text-align: justify;\">NaTelinha &#8211; Sonha um dia retornar ao SBT com um programa fixo?<br \/>\nLe\u00e3o Lobo &#8211; N\u00e3o sei&#8230; A televis\u00e3o \u00e9 mutante, n\u00e9? Est\u00e1 sempre passando por reviravoltas. \u00c9 uma casa que eu adoraria voltar a ser funcion\u00e1rio. A TV Gazeta tamb\u00e9m. S\u00e3o duas casas que fui muito feliz. Nas outras nem tanto, mas principalmente a Gazeta e o SBT foram duas casas que adorei trabalhar. Voltaria correndo.<\/p>\n<p style=\"text-align: justify;\">\n<p style=\"text-align: justify;\"><a href=\"http:\/\/natelinha.ne10.uol.com.br\/noticias\/2014\/05\/26\/leao-lobo-manda-recado-para-edir-macedo-o-que-ele-faz-nao-e-religioso-75438.php\" target=\"_blank\" rel=\"noopener\">Aqui<\/a><\/p>\n","protected":false},"excerpt":{"rendered":"<p>Em entrevista exclusiva, apresentador fala sobre venda de hor\u00e1rios da CNT para a Igreja Universal: &#8220;Lastim\u00e1vel&#8221;<\/p>\n","protected":false},"author":1,"featured_media":0,"comment_status":"open","ping_status":"open","sticky":false,"template":"","format":"standard","meta":{"footnotes":""},"categories":[27],"tags":[],"class_list":["post-22051","post","type-post","status-publish","format-standard","hentry","category-noticias"],"_links":{"self":[{"href":"https:\/\/antonini.psc.br\/index.php?rest_route=\/wp\/v2\/posts\/22051","targetHints":{"allow":["GET"]}}],"collection":[{"href":"https:\/\/antonini.psc.br\/index.php?rest_route=\/wp\/v2\/posts"}],"about":[{"href":"https:\/\/antonini.psc.br\/index.php?rest_route=\/wp\/v2\/types\/post"}],"author":[{"embeddable":true,"href":"https:\/\/antonini.psc.br\/index.php?rest_route=\/wp\/v2\/users\/1"}],"replies":[{"embeddable":true,"href":"https:\/\/antonini.psc.br\/index.php?rest_route=%2Fwp%2Fv2%2Fcomments&post=22051"}],"version-history":[{"count":1,"href":"https:\/\/antonini.psc.br\/index.php?rest_route=\/wp\/v2\/posts\/22051\/revisions"}],"predecessor-version":[{"id":30192,"href":"https:\/\/antonini.psc.br\/index.php?rest_route=\/wp\/v2\/posts\/22051\/revisions\/30192"}],"wp:attachment":[{"href":"https:\/\/antonini.psc.br\/index.php?rest_route=%2Fwp%2Fv2%2Fmedia&parent=22051"}],"wp:term":[{"taxonomy":"category","embeddable":true,"href":"https:\/\/antonini.psc.br\/index.php?rest_route=%2Fwp%2Fv2%2Fcategories&post=22051"},{"taxonomy":"post_tag","embeddable":true,"href":"https:\/\/antonini.psc.br\/index.php?rest_route=%2Fwp%2Fv2%2Ftags&post=22051"}],"curies":[{"name":"wp","href":"https:\/\/api.w.org\/{rel}","templated":true}]}}