{"id":22123,"date":"2014-05-31T16:48:53","date_gmt":"2014-05-31T16:48:53","guid":{"rendered":"http:\/\/antonini.med.br\/blog\/?p=22123"},"modified":"2022-02-15T02:39:28","modified_gmt":"2022-02-15T02:39:28","slug":"gerundismo-evite-esse-vicio-de-linguagem","status":"publish","type":"post","link":"https:\/\/antonini.psc.br\/?p=22123","title":{"rendered":"Gerundismo: evite esse v\u00edcio de linguagem"},"content":{"rendered":"<div id=\"texto\">\n<p style=\"text-align: justify;\">Tanto se tem falado a respeito de <strong>gerundismo<\/strong>, que j\u00e1 h\u00e1 quem tenha d\u00favida sobre o uso do ger\u00fandio. H\u00e1 at\u00e9 quem pergunte se o ger\u00fandio n\u00e3o \u00e9 mais usado ou se \u00e9 errado o seu emprego. Ent\u00e3o, antes que se comece a tomar o certo pelo duvidoso e o errado pelo certo, vamos nos lembrar de algumas regras gramaticais.<\/p>\n<p style=\"text-align: justify;\">Comecemos pelo significado da palavra \u201c<strong>ger\u00fandio<\/strong>\u201d. Se procurarmos as defini\u00e7\u00f5es nas gram\u00e1ticas em uso encontraremos, geralmente, a seguinte explica\u00e7\u00e3o: \u201cGer\u00fandio \u00e9 uma das formas nominais do verbo que apresenta o processo verbal em curso e que desempenha a fun\u00e7\u00e3o de adjetivo ou adv\u00e9rbio\u201d.<\/p>\n<p style=\"text-align: justify;\">Ele apresenta-se de duas formas. A simples (Ex.: <em>Chegando<\/em> a hora da largada, a luz verde acendeu.) e a composta (Ex.: <em>Tendo chegado<\/em> ao fim da corrida, o carro foi recolhido ao boxe.)<\/p>\n<p style=\"text-align: justify;\">O ger\u00fandio expressa uma a\u00e7\u00e3o que est\u00e1 em curso ou que ocorre simultaneamente ou, ainda, que remete a uma ideia de progress\u00e3o. Sua forma nominal \u00e9 derivada do <em>radical do verbo<\/em> acrescida da <em>vogal tem\u00e1tica<\/em> e da desin\u00eancia <em>-ndo<\/em>. \u00a0Exemplos: come<em>ndo<\/em>; parti<em>ndo<\/em>.<\/p>\n<p style=\"text-align: justify;\">Veja, a seguir, o uso do ger\u00fandio na pr\u00e1tica:<\/p>\n<p style=\"margin-left: 1cm; text-align: justify;\">E a lama desceu pelo morro, <em>destruindo<\/em> tudo que encontrava pela frente.<\/p>\n<p style=\"margin-left: 1cm; text-align: justify;\">Depois de v\u00e1rios dias chuvosos o sol despontou, <em>alegrando<\/em> o cora\u00e7\u00e3o de todos.<\/p>\n<p style=\"margin-left: 1cm; text-align: justify;\"><em>Rindo<\/em>, ele se lembrava com saudades dos dias felizes que tivera.<\/p>\n<p style=\"margin-left: 1cm; text-align: justify;\"><em>Abrindo<\/em> o laptop, come\u00e7ou a escrever.<\/p>\n<p style=\"margin-left: 1cm; text-align: justify;\">Com tanta malha\u00e7\u00e3o, Jos\u00e9 est\u00e1 <em>mudando<\/em> o seu corpo.<\/p>\n<p style=\"margin-left: 1cm; text-align: justify;\">Os jornais andam <em>falando<\/em> que aquele pol\u00edtico n\u00e3o presta.<\/p>\n<p style=\"margin-left: 1cm; text-align: justify;\">\u201c<em>Caminhando<\/em> sozinho aquela noite pela praia deserta, fiz algumas reflex\u00f5es sobre a morte.\u201d (Erico Verissimo, Solo de Clarineta, p. 12.)<\/p>\n<p style=\"text-align: justify;\">Como vimos nos exemplos, o ger\u00fandio pode ser empregado de diferentes maneiras em nossa l\u00edngua sem que tenhamos praticado nem uma heresia.<\/p>\n<p style=\"text-align: justify;\">J\u00e1 com o gerundismo \u00e9 outra hist\u00f3ria. Nesse caso, trata-se do uso inadequado do ger\u00fandio. Um v\u00edcio de linguagem que se alastrou de modo t\u00e3o corriqueiro e insistente que at\u00e9 j\u00e1 virou piada.<\/p>\n<p style=\"text-align: justify;\">Ent\u00e3o, se voc\u00ea usa express\u00f5es como: \u201cVou estar pesquisando seu caso.\u201d \u201cVou estar completando sua liga\u00e7\u00e3o\u201d.<\/p>\n<p style=\"text-align: justify;\">Mude imediatamente sua fala para: \u201cVou pesquisar seu caso.\u201d \u201cVou completar sua liga\u00e7\u00e3o.\u201d Note que, nos dois casos, voc\u00ea passa a usar somente duas formas verbais (\u201cvou\u201d + \u201cpesquisar\u201d ou \u201cvou\u201d + \u201ccompletar\u201d) no lugar de tr\u00eas. Al\u00e9m disso, a ideia temporal a ser transmitida \u00e9 a de futuro e n\u00e3o de presente em curso.<\/p>\n<p style=\"text-align: justify;\">O gerundismo, portanto, \u00e9 uma mania que peca pelo excesso, pela inadequa\u00e7\u00e3o do verbo, que ocorre ao transformarmos, desnecessariamente, um verbo conjugado em um ger\u00fandio. Vamos explicar melhor retornando ao exemplo j\u00e1 citado:<\/p>\n<p style=\"text-align: justify;\">\u201c<strong>Vou completar<\/strong> sua liga\u00e7\u00e3o.\u201d (Constru\u00e7\u00e3o correta = mais sint\u00e9tica e indica futuro.)<\/p>\n<p style=\"text-align: justify;\">\u201c<strong>Vou estar completando<\/strong> sua liga\u00e7\u00e3o.\u201d (Constru\u00e7\u00e3o errada, ger\u00fandio desnecess\u00e1rio.)<\/p>\n<p style=\"text-align: justify;\">Mas fique atento! Em algumas constru\u00e7\u00f5es, quando a frase indica um processo com certa dura\u00e7\u00e3o que ainda vai acontecer, n\u00e3o \u00e9 errado dizer:<\/p>\n<p style=\"text-align: justify;\">\u201cAmanh\u00e3, enquanto voc\u00ea passeia, eu <em>vou estar estudando<\/em> o que \u00e9 gerundismo. E, se deus quiser, aprenderei alguma coisa.\u201d<\/p>\n<\/div>\n<p style=\"text-align: center;\">[<a href=\"javascript:history.go(-1)\">Voltar<\/a>]<\/p>\n","protected":false},"excerpt":{"rendered":"<p>Tanto se tem falado a respeito de gerundismo, que j\u00e1 h\u00e1 quem tenha d\u00favida sobre o uso do ger\u00fandio. H\u00e1 at\u00e9 quem pergunte se o ger\u00fandio n\u00e3o \u00e9 mais usado ou se \u00e9 errado o seu emprego. Ent\u00e3o, antes que se comece a tomar o certo pelo duvidoso e o errado pelo certo, vamos nos [&hellip;]<\/p>\n","protected":false},"author":1,"featured_media":0,"comment_status":"open","ping_status":"open","sticky":false,"template":"","format":"standard","meta":{"footnotes":""},"categories":[27],"tags":[],"class_list":["post-22123","post","type-post","status-publish","format-standard","hentry","category-noticias"],"_links":{"self":[{"href":"https:\/\/antonini.psc.br\/index.php?rest_route=\/wp\/v2\/posts\/22123","targetHints":{"allow":["GET"]}}],"collection":[{"href":"https:\/\/antonini.psc.br\/index.php?rest_route=\/wp\/v2\/posts"}],"about":[{"href":"https:\/\/antonini.psc.br\/index.php?rest_route=\/wp\/v2\/types\/post"}],"author":[{"embeddable":true,"href":"https:\/\/antonini.psc.br\/index.php?rest_route=\/wp\/v2\/users\/1"}],"replies":[{"embeddable":true,"href":"https:\/\/antonini.psc.br\/index.php?rest_route=%2Fwp%2Fv2%2Fcomments&post=22123"}],"version-history":[{"count":1,"href":"https:\/\/antonini.psc.br\/index.php?rest_route=\/wp\/v2\/posts\/22123\/revisions"}],"predecessor-version":[{"id":30191,"href":"https:\/\/antonini.psc.br\/index.php?rest_route=\/wp\/v2\/posts\/22123\/revisions\/30191"}],"wp:attachment":[{"href":"https:\/\/antonini.psc.br\/index.php?rest_route=%2Fwp%2Fv2%2Fmedia&parent=22123"}],"wp:term":[{"taxonomy":"category","embeddable":true,"href":"https:\/\/antonini.psc.br\/index.php?rest_route=%2Fwp%2Fv2%2Fcategories&post=22123"},{"taxonomy":"post_tag","embeddable":true,"href":"https:\/\/antonini.psc.br\/index.php?rest_route=%2Fwp%2Fv2%2Ftags&post=22123"}],"curies":[{"name":"wp","href":"https:\/\/api.w.org\/{rel}","templated":true}]}}