{"id":223,"date":"2008-10-31T09:35:34","date_gmt":"2008-10-31T12:35:34","guid":{"rendered":"http:\/\/www.antonini.med.br\/blog\/?p=223"},"modified":"2022-02-15T03:29:58","modified_gmt":"2022-02-15T03:29:58","slug":"o-farmaceutico-jose-do-patrocinio-patriarca-da-abolicao-da-escravatura","status":"publish","type":"post","link":"https:\/\/antonini.psc.br\/?p=223","title":{"rendered":"O Farmac\u00eautico Jos\u00e9 do Patroc\u00ednio, patriarca da aboli\u00e7\u00e3o da escravatura"},"content":{"rendered":"<div style=\"text-align: justify;\"><span class=\"content\"><strong>Farmac\u00eautico, <\/strong>Tribuno e Jornalista.<!--more--><\/span><\/div>\n<div style=\"text-align: justify;\">\n<p><img loading=\"lazy\" decoding=\"async\" class=\"alignleft size-full wp-image-17872\" alt=\"678\" src=\"http:\/\/antonini.med.br\/home\/wp-content\/uploads\/2008\/10\/678.jpg\" width=\"214\" height=\"226\" \/>Nasceu em Campos, Estado do Rio de Janeiro, em 9 de outubro de 1853, e morreu no Rio de Janeiro, em 29 de janeiro de 1905.<\/p>\n<p>Aos treze anos de idade transferiu-se para o Rio de Janeiro, onde conseguiu emprego na Santa Casa de Miseric\u00f3rdia.<\/p>\n<p>Matriculou-se na Faculdade de Medicina, fazendo a\u00ed o curso de Farm\u00e1cia.<\/p>\n<p>Em 1877, ingressou na &#8220;Gazeta de Not\u00edcias&#8221;. Em 1881, seu sogro, Capit\u00e3o Em\u00edlio Rosa de Sena, emprestou-lhe dinheiro, com o qual Jos\u00e9 do Patroc\u00ednio adquiriu o jornal &#8220;Gazeta da Tarde&#8221;, fundado por Ferreira de Menezes, iniciando nele a campanha abolicionista.<\/p>\n<p>Inflamado pelos ideais por que lutava, al\u00e9m de escrever no jornal, realizou diversas confer\u00eancias p\u00fablicas, propiciou a fuga de escravos e constituiu centros abolicionistas em v\u00e1rias localidades do Brasil. Colheu os frutos de sua dedica\u00e7\u00e3o e desprendimento no dia 13 de maio de 1888, ao ser sancionada a Lei \u00c1urea. Era o ep\u00edlogo de uma longa luta contra a escravatura no Brasil, luta esta da qual patroc\u00ednio fora um dos maiores combatentes.<\/p>\n<p>Veio a rep\u00fablica e Patroc\u00ednio prosseguiu suas atividades sociais. Nas colunas do jornal &#8220;A Cidade do Rio&#8221;, que havia fundado, lutou pela aplica\u00e7\u00e3o de um programa liberal.<\/p>\n<p>Acusado de um movimento contra o Marechal Floriano Peixoto, em 1892, viu-se deportado para Cacu\u00ed, no amazonas.<\/p>\n<p>J\u00e1 no fim da vida, passou a interessar-se por uma atividade bem diferente das anteriores: a navega\u00e7\u00e3o a\u00e9rea, chegando a construir um bal\u00e3o, o &#8220;Santa Cruz&#8221;. Tal empreendimento, contudo, n\u00e3o conseguiu vingar.<\/p>\n<p>Escreveu, ainda, tr\u00eas livros: Mota Coqueiro, Os Retirantes e Pedro Espanhol. O primeiro, contra a pena de morte; os outros dois referem-se a problemas sociais.<\/p>\n<p>Nome completo: <strong>Jos\u00e9 Carlos do Patroc\u00ednio.<\/strong><\/p>\n<\/div>\n<p style=\"text-align: right;\"><span class=\"content\"><br \/>\n<\/span><span class=\"content\"><br \/>\n<\/span><span class=\"content\">Copyright \u00a9 por Vladimir Antonini Todos os direitos reservados.<\/span><\/p>\n<p style=\"text-align: center;\">[<a href=\"javascript:history.go(-1)\">Voltar<\/a>]<\/p>\n","protected":false},"excerpt":{"rendered":"<p>Farmac\u00eautico, Tribuno e Jornalista.<\/p>\n","protected":false},"author":1,"featured_media":0,"comment_status":"open","ping_status":"open","sticky":false,"template":"","format":"standard","meta":{"footnotes":""},"categories":[21],"tags":[],"class_list":["post-223","post","type-post","status-publish","format-standard","hentry","category-h-p"],"_links":{"self":[{"href":"https:\/\/antonini.psc.br\/index.php?rest_route=\/wp\/v2\/posts\/223","targetHints":{"allow":["GET"]}}],"collection":[{"href":"https:\/\/antonini.psc.br\/index.php?rest_route=\/wp\/v2\/posts"}],"about":[{"href":"https:\/\/antonini.psc.br\/index.php?rest_route=\/wp\/v2\/types\/post"}],"author":[{"embeddable":true,"href":"https:\/\/antonini.psc.br\/index.php?rest_route=\/wp\/v2\/users\/1"}],"replies":[{"embeddable":true,"href":"https:\/\/antonini.psc.br\/index.php?rest_route=%2Fwp%2Fv2%2Fcomments&post=223"}],"version-history":[{"count":1,"href":"https:\/\/antonini.psc.br\/index.php?rest_route=\/wp\/v2\/posts\/223\/revisions"}],"predecessor-version":[{"id":28161,"href":"https:\/\/antonini.psc.br\/index.php?rest_route=\/wp\/v2\/posts\/223\/revisions\/28161"}],"wp:attachment":[{"href":"https:\/\/antonini.psc.br\/index.php?rest_route=%2Fwp%2Fv2%2Fmedia&parent=223"}],"wp:term":[{"taxonomy":"category","embeddable":true,"href":"https:\/\/antonini.psc.br\/index.php?rest_route=%2Fwp%2Fv2%2Fcategories&post=223"},{"taxonomy":"post_tag","embeddable":true,"href":"https:\/\/antonini.psc.br\/index.php?rest_route=%2Fwp%2Fv2%2Ftags&post=223"}],"curies":[{"name":"wp","href":"https:\/\/api.w.org\/{rel}","templated":true}]}}