{"id":23784,"date":"2014-09-07T21:07:46","date_gmt":"2014-09-07T21:07:46","guid":{"rendered":"http:\/\/antonini.med.br\/home\/?p=23784"},"modified":"2022-02-15T02:39:10","modified_gmt":"2022-02-15T02:39:10","slug":"reacao-vacinal","status":"publish","type":"post","link":"https:\/\/antonini.psc.br\/?p=23784","title":{"rendered":"Rea\u00e7\u00e3o vacinal"},"content":{"rendered":"<p style=\"text-align: justify;\">Meninas vacinadas contra HPV apresentam rea\u00e7\u00e3o vacinal como falta de sensibilidade nas pernas. Segundo a not\u00edcia, o fato ocorreu em Bertioga, no Estado de S\u00e3o Paulo e como se trata de um local isolado pode ser decorrente de problemas com o lote de vacina e n\u00e3o uma rea\u00e7\u00e3o \u00e0 vacina. <a href=\"http:\/\/www1.folha.uol.com.br\/cotidiano\/2014\/09\/1512223-adolescentes-perdem-sensibilidade-das-pernas-e-sao-internadas-apos-vacina-contra-hpv.shtml\" target=\"_blank\" rel=\"noopener noreferrer\">Leia mais&#8230;<\/a><\/p>\n","protected":false},"excerpt":{"rendered":"<p>Meninas vacinadas contra HPV apresentam rea\u00e7\u00e3o vacinal como falta de sensibilidade nas pernas. Segundo a not\u00edcia, o fato ocorreu em Bertioga, no Estado de S\u00e3o Paulo e como se trata de um local isolado pode ser decorrente de problemas com &hellip; <a href=\"https:\/\/antonini.psc.br\/?p=23784\">Continue lendo <span class=\"meta-nav\">&rarr;<\/span><\/a><\/p>\n","protected":false},"author":1,"featured_media":0,"comment_status":"open","ping_status":"open","sticky":false,"template":"","format":"standard","meta":{"footnotes":""},"categories":[27],"tags":[],"class_list":["post-23784","post","type-post","status-publish","format-standard","hentry","category-noticias"],"_links":{"self":[{"href":"https:\/\/antonini.psc.br\/index.php?rest_route=\/wp\/v2\/posts\/23784","targetHints":{"allow":["GET"]}}],"collection":[{"href":"https:\/\/antonini.psc.br\/index.php?rest_route=\/wp\/v2\/posts"}],"about":[{"href":"https:\/\/antonini.psc.br\/index.php?rest_route=\/wp\/v2\/types\/post"}],"author":[{"embeddable":true,"href":"https:\/\/antonini.psc.br\/index.php?rest_route=\/wp\/v2\/users\/1"}],"replies":[{"embeddable":true,"href":"https:\/\/antonini.psc.br\/index.php?rest_route=%2Fwp%2Fv2%2Fcomments&post=23784"}],"version-history":[{"count":2,"href":"https:\/\/antonini.psc.br\/index.php?rest_route=\/wp\/v2\/posts\/23784\/revisions"}],"predecessor-version":[{"id":27486,"href":"https:\/\/antonini.psc.br\/index.php?rest_route=\/wp\/v2\/posts\/23784\/revisions\/27486"}],"wp:attachment":[{"href":"https:\/\/antonini.psc.br\/index.php?rest_route=%2Fwp%2Fv2%2Fmedia&parent=23784"}],"wp:term":[{"taxonomy":"category","embeddable":true,"href":"https:\/\/antonini.psc.br\/index.php?rest_route=%2Fwp%2Fv2%2Fcategories&post=23784"},{"taxonomy":"post_tag","embeddable":true,"href":"https:\/\/antonini.psc.br\/index.php?rest_route=%2Fwp%2Fv2%2Ftags&post=23784"}],"curies":[{"name":"wp","href":"https:\/\/api.w.org\/{rel}","templated":true}]}}