{"id":23889,"date":"2014-09-15T08:57:00","date_gmt":"2014-09-15T08:57:00","guid":{"rendered":"http:\/\/antonini.med.br\/home\/?p=23889"},"modified":"2022-02-15T02:39:10","modified_gmt":"2022-02-15T02:39:10","slug":"projeto-amplia-atos-considerados-legitima-defesa","status":"publish","type":"post","link":"https:\/\/antonini.psc.br\/?p=23889","title":{"rendered":"Projeto amplia atos considerados leg\u00edtima defesa"},"content":{"rendered":"<p style=\"text-align: justify;\">Podem ter certeza que este projeto dificilmente ser\u00e1 aprovado, pois a bandidada organizada far\u00e1 press\u00e3o pelo seu arquivamento.<!--more--><\/p>\n<div class=\"tarjaPrograma\">\n<div class=\"navProgramas\" style=\"text-align: justify;\"><a href=\"http:\/\/www2.camara.leg.br\/camaranoticias\/hometematica\/8-SEGURANCA.html\">Seguran\u00e7a<\/a><\/div>\n<\/div>\n<div id=\"datas\" style=\"text-align: justify;\"><span class=\"datahoraNoticia\">12\/09\/2014 &#8211; 14h50<\/span><\/div>\n<div id=\"tituloNoticia\" style=\"text-align: justify;\">\n<h2>Projeto amplia atos considerados leg\u00edtima defesa<\/h2>\n<p><img loading=\"lazy\" decoding=\"async\" class=\"alignright size-full wp-image-23893\" src=\"http:\/\/antonini.med.br\/home\/wp-content\/uploads\/2014\/09\/bolsonaro.jpg\" alt=\"bolsonaro\" width=\"309\" height=\"264\" srcset=\"https:\/\/antonini.psc.br\/wp-content\/uploads\/2014\/09\/bolsonaro.jpg 309w, https:\/\/antonini.psc.br\/wp-content\/uploads\/2014\/09\/bolsonaro-300x256.jpg 300w\" sizes=\"auto, (max-width: 309px) 100vw, 309px\" \/>A C\u00e2mara analisa o Projeto de Lei 7105\/14, do deputado Jair Bolsonaro (PP-RJ), que modifica o C\u00f3digo Penal (<a href=\"http:\/\/www2.camara.leg.br\/legin\/fed\/declei\/1940-1949\/decreto-lei-2848-7-dezembro-1940-412868-norma-pe.html\" target=\"_blank\" rel=\"noopener noreferrer\">Decreto-Lei 2.848\/40<\/a>), para n\u00e3o caracterizar como crime quaisquer atos de leg\u00edtima defesa pr\u00f3pria e de terceiros.<\/p>\n<p>O c\u00f3digo atual considera \u201cleg\u00edtima defesa\u201d usar moderadamente dos meios necess\u00e1rios, para repelir injusta agress\u00e3o, atual ou iminente, a direito seu ou de outrem. O deputado quer retirar a express\u00e3o \u201cusando moderadamente dos meios necess\u00e1rios\u201d. Para Bolsonaro, a express\u00e3o constitui \u201cum mecanismo de prote\u00e7\u00e3o ao marginal\u201d.<\/p>\n<p>\u201cAquele que, corajosamente, defende sua pr\u00f3pria vida ou patrim\u00f4nio, ou mais, se arrisca para defender outra pessoa, deve ter o apoio da legisla\u00e7\u00e3o e n\u00e3o ser penalizado por ela em circunst\u00e2ncias nas quais se apresente risco, tendo que avaliar a forma e os meios a serem utilizados\u201d, disse.<\/p>\n<p><strong>Excesso <\/strong><br \/>\nAl\u00e9m disso, o c\u00f3digo estabelece que o agente do ato de leg\u00edtima defesa responder\u00e1 pelo excesso doloso (com inten\u00e7\u00e3o) ou culposo (sem inten\u00e7\u00e3o). Bolsonaro prop\u00f5e a retirada da express\u00e3o \u201cculposo\u201d.<\/p>\n<p>\u201cA finalidade \u00e9 deixar de punir o excesso culposo de quem age em leg\u00edtima defesa pr\u00f3pria ou de terceiros, pois entendo que, quem repele injusta agress\u00e3o ou sai em defesa de quem est\u00e1 submetido \u00e0 viol\u00eancia, n\u00e3o pode ser punido por eventual excesso, pois n\u00e3o \u00e9 cab\u00edvel exigir, de uma pessoa comum, prud\u00eancia, per\u00edcia ou habilidade espec\u00edfica no calor de um acontecimento adverso\u201d, afirmou o parlamentar.<\/p>\n<p><strong>Tramita\u00e7\u00e3o<\/strong><br \/>\nA proposta ser\u00e1 analisada pela Comiss\u00e3o de Constitui\u00e7\u00e3o e Justi\u00e7a e de Cidadania e pelo Plen\u00e1rio.<\/p>\n<div id=\"proposicao\">\n<h4>\u00cdntegra da proposta:<\/h4>\n<ul>\n<li><a href=\"http:\/\/www.camara.gov.br\/internet\/sileg\/Prop_Detalhe.asp?id=606010\">PL-7105\/2014<\/a><\/li>\n<\/ul>\n<\/div>\n<p>Reportagem \u2013 Lara Haje<br \/>\nEdi\u00e7\u00e3o \u2013 Natalia Doederlein<br \/>\n<span style=\"font-weight: normal !important;\">A reprodu\u00e7\u00e3o das not\u00edcias \u00e9 autorizada desde que contenha a assinatura &#8216;<a title=\"Ag\u00eancia C\u00e2mara de Not\u00edticas\" href=\"http:\/\/www2.camara.leg.br\/camaranoticias\">Ag\u00eancia C\u00e2mara Not\u00edcias<\/a>&#8216;<\/span><\/p>\n<\/div>\n<p style=\"text-align: justify;\">Acesse o original e cadastre-se para acompanhamento<a href=\"http:\/\/www2.camara.leg.br\/camaranoticias\/noticias\/SEGURANCA\/474227-PROJETO-AMPLIA-ATOS-CONSIDERADOS-LEGITIMA-DEFESA.html?utm_campaign=boletim&amp;utm_source=agencia&amp;utm_medium=email\" target=\"_blank\" rel=\"noopener noreferrer\"> aqui&#8230;<\/a><\/p>\n","protected":false},"excerpt":{"rendered":"<p>Podem ter certeza que este projeto dificilmente ser\u00e1 aprovado, pois a bandidada organizada far\u00e1 press\u00e3o pelo seu arquivamento.<\/p>\n","protected":false},"author":1,"featured_media":0,"comment_status":"open","ping_status":"open","sticky":false,"template":"","format":"standard","meta":{"footnotes":""},"categories":[27],"tags":[],"class_list":["post-23889","post","type-post","status-publish","format-standard","hentry","category-noticias"],"_links":{"self":[{"href":"https:\/\/antonini.psc.br\/index.php?rest_route=\/wp\/v2\/posts\/23889","targetHints":{"allow":["GET"]}}],"collection":[{"href":"https:\/\/antonini.psc.br\/index.php?rest_route=\/wp\/v2\/posts"}],"about":[{"href":"https:\/\/antonini.psc.br\/index.php?rest_route=\/wp\/v2\/types\/post"}],"author":[{"embeddable":true,"href":"https:\/\/antonini.psc.br\/index.php?rest_route=\/wp\/v2\/users\/1"}],"replies":[{"embeddable":true,"href":"https:\/\/antonini.psc.br\/index.php?rest_route=%2Fwp%2Fv2%2Fcomments&post=23889"}],"version-history":[{"count":2,"href":"https:\/\/antonini.psc.br\/index.php?rest_route=\/wp\/v2\/posts\/23889\/revisions"}],"predecessor-version":[{"id":27483,"href":"https:\/\/antonini.psc.br\/index.php?rest_route=\/wp\/v2\/posts\/23889\/revisions\/27483"}],"wp:attachment":[{"href":"https:\/\/antonini.psc.br\/index.php?rest_route=%2Fwp%2Fv2%2Fmedia&parent=23889"}],"wp:term":[{"taxonomy":"category","embeddable":true,"href":"https:\/\/antonini.psc.br\/index.php?rest_route=%2Fwp%2Fv2%2Fcategories&post=23889"},{"taxonomy":"post_tag","embeddable":true,"href":"https:\/\/antonini.psc.br\/index.php?rest_route=%2Fwp%2Fv2%2Ftags&post=23889"}],"curies":[{"name":"wp","href":"https:\/\/api.w.org\/{rel}","templated":true}]}}