{"id":23918,"date":"2014-10-01T00:24:37","date_gmt":"2014-10-01T00:24:37","guid":{"rendered":"http:\/\/antonini.med.br\/home\/?p=23918"},"modified":"2022-02-15T02:39:10","modified_gmt":"2022-02-15T02:39:10","slug":"criancas-que-tomam-antibiotico-antes-de-2-anos-tem-maior-risco-de-obesidade","status":"publish","type":"post","link":"https:\/\/antonini.psc.br\/?p=23918","title":{"rendered":"Crian\u00e7as que tomam antibi\u00f3tico antes de 2 anos tem maior risco de obesidade"},"content":{"rendered":"<p style=\"text-align: justify;\">Certo, mas qual o mecanismo de a\u00e7\u00e3o do antibi\u00f3tico na obesidade? Como o antibi\u00f3tico provoca a obesidade? Isso este estudo &#8220;bomb\u00e1stico&#8221; n\u00e3o mostrou. Sem mostrar claramente qual o mecanismo, n\u00e3o adianta publicar este tipo de estudo, pois ele ser\u00e1 mera especula\u00e7\u00e3o sem comprova\u00e7\u00e3o cient\u00edfica. \u00c9 muito f\u00e1cil fazer um estudo dentro de uma popula\u00e7\u00e3o que, estatisticamente, apresenta uma caracter\u00edstica espec\u00edfica e tentar relacion\u00e1-la com fatores que n\u00e3o tem nada a ver com a caracter\u00edstica em foco. Isso \u00e9 picaretagem, n\u00e3o \u00e9 ci\u00eancia. <a href=\"http:\/\/noticias.uol.com.br\/saude\/ultimas-noticias\/afp\/2014\/09\/29\/criancas-que-tomam-antibiotico-antes-de-2-anos-tem-maior-risco-de-obesidade.htm\" target=\"_blank\" rel=\"noopener noreferrer\">Leia mais&#8230;<\/a><\/p>\n","protected":false},"excerpt":{"rendered":"<p>Certo, mas qual o mecanismo de a\u00e7\u00e3o do antibi\u00f3tico na obesidade? Como o antibi\u00f3tico provoca a obesidade? Isso este estudo &#8220;bomb\u00e1stico&#8221; n\u00e3o mostrou. Sem mostrar claramente qual o mecanismo, n\u00e3o adianta publicar este tipo de estudo, pois ele ser\u00e1 mera especula\u00e7\u00e3o sem comprova\u00e7\u00e3o cient\u00edfica. \u00c9 muito f\u00e1cil fazer um estudo dentro de uma popula\u00e7\u00e3o que, [&hellip;]<\/p>\n","protected":false},"author":1,"featured_media":0,"comment_status":"open","ping_status":"open","sticky":false,"template":"","format":"standard","meta":{"footnotes":""},"categories":[27],"tags":[],"class_list":["post-23918","post","type-post","status-publish","format-standard","hentry","category-noticias"],"_links":{"self":[{"href":"https:\/\/antonini.psc.br\/index.php?rest_route=\/wp\/v2\/posts\/23918","targetHints":{"allow":["GET"]}}],"collection":[{"href":"https:\/\/antonini.psc.br\/index.php?rest_route=\/wp\/v2\/posts"}],"about":[{"href":"https:\/\/antonini.psc.br\/index.php?rest_route=\/wp\/v2\/types\/post"}],"author":[{"embeddable":true,"href":"https:\/\/antonini.psc.br\/index.php?rest_route=\/wp\/v2\/users\/1"}],"replies":[{"embeddable":true,"href":"https:\/\/antonini.psc.br\/index.php?rest_route=%2Fwp%2Fv2%2Fcomments&post=23918"}],"version-history":[{"count":2,"href":"https:\/\/antonini.psc.br\/index.php?rest_route=\/wp\/v2\/posts\/23918\/revisions"}],"predecessor-version":[{"id":27480,"href":"https:\/\/antonini.psc.br\/index.php?rest_route=\/wp\/v2\/posts\/23918\/revisions\/27480"}],"wp:attachment":[{"href":"https:\/\/antonini.psc.br\/index.php?rest_route=%2Fwp%2Fv2%2Fmedia&parent=23918"}],"wp:term":[{"taxonomy":"category","embeddable":true,"href":"https:\/\/antonini.psc.br\/index.php?rest_route=%2Fwp%2Fv2%2Fcategories&post=23918"},{"taxonomy":"post_tag","embeddable":true,"href":"https:\/\/antonini.psc.br\/index.php?rest_route=%2Fwp%2Fv2%2Ftags&post=23918"}],"curies":[{"name":"wp","href":"https:\/\/api.w.org\/{rel}","templated":true}]}}