{"id":23938,"date":"2014-10-20T16:29:31","date_gmt":"2014-10-20T16:29:31","guid":{"rendered":"http:\/\/antonini.med.br\/home\/?p=23938"},"modified":"2022-02-15T02:39:10","modified_gmt":"2022-02-15T02:39:10","slug":"operadoras-querem-cortar-internet-de-quem-atingir-a-franquia","status":"publish","type":"post","link":"https:\/\/antonini.psc.br\/?p=23938","title":{"rendered":"Operadoras querem cortar internet de quem atingir a franquia"},"content":{"rendered":"<p style=\"text-align: justify;\">Internet m\u00f3vel no Brasil j\u00e1 \u00e9 um lixo com o modelo atual e as operadoras ainda vem falar que cortar\u00e3o a velocidade reduzido quando do fim da franquia para que os &#8220;<em>clientes tenham uma experi\u00eancia mais fiel em rela\u00e7\u00e3o \u00e0 internet que contrataram&#8221;<\/em> isso \u00e9 uma piada, para n\u00e3o dizer palha\u00e7ada. Por onde anda a ANATEL que n\u00e3o defende os usu\u00e1rios e n\u00e3o obriga estes abutres a dar qualidade pelo pre\u00e7o que cobram ao inv\u00e9s de quererem cobrar mais por um servi\u00e7o que n\u00e3o vale nada. Se implantarem, de fato este modelo absurdo e criminoso, cancelarei todos os planos de internet m\u00f3vel e de voz p\u00f3s-pago que tenho e recolocarei meu velho e bom Palm Tungsten E2 para trabalhar, pois nele organizo todas as minhas agendas e contatos e n\u00e3o tenho que pagar nada por isso. <a href=\"http:\/\/olhardigital.uol.com.br\/pro\/noticia\/44748\/44748\" target=\"_blank\" rel=\"noopener noreferrer\">Leia mais&#8230;<\/a><\/p>\n<p style=\"text-align: justify;\">Os coment\u00e1rios abaixo, transcritos da mat\u00e9ria referenciada, ilustram bem o que os consumidores pensam e est\u00e3o bem na linha do que escrevi acima.:<\/p>\n<p style=\"text-align: justify;\">&#8212;&#8212;&#8212;&#8212;&#8212;&#8212;&#8212;&#8212;&#8212;&#8212;&#8212;&#8212;&#8212;&#8212;&#8212;<\/p>\n<div class=\"OD_cmt_cab\">\n<div class=\"OD_cmt_cab_t\"><a>Giovan <\/a>h\u00e1 1 hora<\/div>\n<\/div>\n<p style=\"text-align: justify;\">Isso \u00e9 coisa de PT, &#8220;modernizando&#8221; nosso pa\u00eds. Estamos rodeados de Fibra \u00d3tica, o que n\u00e3o dificulta levar internet de alta velocidade a qualquer lugar e a interliga\u00e7\u00e3o das torres, estamos no tempo da pedra ainda a n\u00edvel de melhorias. A anatel s\u00f3 serve pra nossa querida presidente ganhar mais dinheiro com leil\u00f5es de frequ\u00eancias! Porque na hora de exigir melhorias por parte das operadoras, essa n\u00e3o serve pra nada, pois quando voc\u00ea abre um chamado no site, vai direto pra operadora, voc\u00ea reitera 500 vezes e nem uma vez a Anatel entra em contato com voc\u00ea, nada muda, como tudo que a PTzada faz&#8230; nada muda! Tudo continua igual, s\u00f3 &#8220;melhora&#8221; os impostos, a roubalheira, etc.<\/p>\n<p style=\"text-align: justify;\">&#8212;&#8212;&#8212;&#8212;&#8212;&#8212;&#8212;&#8212;&#8212;&#8212;&#8212;&#8212;&#8212;&#8212;&#8212;<\/p>\n<div class=\"OD_cmt_cab\">\n<div class=\"OD_cmt_cab_t\"><a>Gabriel <\/a>h\u00e1 1 hora<\/div>\n<\/div>\n<p style=\"text-align: justify;\">O argumento que me deram na Vivo \u00e9 que essa medida foi uma decis\u00e3o da Anatel e que todas as operadores deveriam obedecer&#8230; O que acho complicado \u00e9 que ao assinarmos um pacote n\u00e3o existe nenhum garantia de que nada vai mudar no dia seguinte. Pre\u00e7os e condi\u00e7\u00f5es dos planos mudam sem nenhum aviso pr\u00e9vio.<\/p>\n<p style=\"text-align: justify;\">&#8212;&#8212;&#8212;&#8212;&#8212;&#8212;&#8212;&#8212;&#8212;&#8212;&#8212;&#8212;&#8212;&#8212;&#8212;<\/p>\n<div class=\"OD_cmt_cab\">\n<div class=\"OD_cmt_cab_t\"><a>Bruno <\/a>h\u00e1 1 hora<\/div>\n<\/div>\n<p style=\"text-align: justify;\">1 &#8211; A velocidade completa do plano j\u00e1 \u00e9 muito ruim.<br \/>\n2 &#8211; Retirando no texto da mat\u00e9ria: &#8220;as operadoras argumentam que precisam acabar com a velocidade reduzida para que os clientes tenham uma experi\u00eancia mais fiel em rela\u00e7\u00e3o \u00e0 internet que contrataram &#8211; j\u00e1 que muitos passam boa parte do tempo navegando por uma internet bem inferior.&#8221;<br \/>\nSe muitos passam boa parte do tempo navegando por uma internet bem inferior, o problema, na verdade, \u00e9 o tamanho do pacote de dados que \u00e9 muito reduzido. A\u00ed, ao inv\u00e9s de resolverem o problema aumentando o pacote de dados (que j\u00e1 n\u00e3o \u00e9 barato) v\u00e3o obrigar o carinha a compra mais transfer\u00eancia&#8230;<br \/>\nResumindo, ao inv\u00e9s de resolverem o problema, est\u00e3o trocando um problema por outro, no m\u00ednimo, de iguais propor\u00e7\u00f5es&#8230;.<\/p>\n<p style=\"text-align: justify;\">&#8212;&#8212;&#8212;&#8212;&#8212;&#8212;&#8212;&#8212;&#8212;&#8212;&#8212;&#8212;&#8212;&#8212;&#8212;<\/p>\n<div class=\"OD_cmt_fot\"><a><img loading=\"lazy\" decoding=\"async\" src=\"http:\/\/img1.olhardigital.uol.com.br\/area_logada\/imagem.php?id=4\" alt=\"\" width=\"30\" height=\"30\"\/><\/a><\/div>\n<div class=\"OD_cmt_cab\">\n<div class=\"OD_cmt_cab_t\"><a>Elemar <\/a>h\u00e1 1 hora<\/div>\n<div class=\"OD_cmt_cab_l\">Iju\u00ed\/RS<\/div>\n<div class=\"OD_cmt_cab_d\">membro desde 31\/03\/2014<\/div>\n<\/div>\n<p style=\"text-align: justify;\">antes de mais nada precisamos fazer valer os contratos que j\u00e1 temos, em segundo precisamos urgentemente uma normativa na \u00e1rea da telefonia m\u00f3vel que possa assegurar que o que esta sendo contratado seja entregue, do contrario o consumidor deve ser ressarcido, eu sugiro um projeto de lei que determine a obrigatoriedade para as operadoras oferecerem faixas de velocidade sem nenhuma mensagem de sistema, ou seja dados brutos, sem distin\u00e7\u00e3o; desta forma cada um poderia ter uma internet de acordo com a tecnologia e qualidade da rede que tem presente.<\/p>\n<p style=\"text-align: justify;\">&#8212;&#8212;&#8212;&#8212;&#8212;&#8212;&#8212;&#8212;&#8212;&#8212;&#8212;&#8212;&#8212;&#8212;&#8212;<\/p>\n<p style=\"text-align: justify;\">&nbsp;<\/p>\n<p style=\"text-align: center;\">[<a href=\"javascript:history.go(-1)\">Voltar<\/a>]<\/p>\n","protected":false},"excerpt":{"rendered":"<p>Internet m\u00f3vel no Brasil j\u00e1 \u00e9 um lixo com o modelo atual e as operadoras ainda vem falar que cortar\u00e3o a velocidade reduzido quando do fim da franquia para que os &#8220;clientes tenham uma experi\u00eancia mais fiel em rela\u00e7\u00e3o \u00e0 internet que contrataram&#8221; isso \u00e9 uma piada, para n\u00e3o dizer palha\u00e7ada. Por onde anda a [&hellip;]<\/p>\n","protected":false},"author":1,"featured_media":0,"comment_status":"open","ping_status":"open","sticky":false,"template":"","format":"standard","meta":{"footnotes":""},"categories":[27],"tags":[],"class_list":["post-23938","post","type-post","status-publish","format-standard","hentry","category-noticias"],"_links":{"self":[{"href":"https:\/\/antonini.psc.br\/index.php?rest_route=\/wp\/v2\/posts\/23938","targetHints":{"allow":["GET"]}}],"collection":[{"href":"https:\/\/antonini.psc.br\/index.php?rest_route=\/wp\/v2\/posts"}],"about":[{"href":"https:\/\/antonini.psc.br\/index.php?rest_route=\/wp\/v2\/types\/post"}],"author":[{"embeddable":true,"href":"https:\/\/antonini.psc.br\/index.php?rest_route=\/wp\/v2\/users\/1"}],"replies":[{"embeddable":true,"href":"https:\/\/antonini.psc.br\/index.php?rest_route=%2Fwp%2Fv2%2Fcomments&post=23938"}],"version-history":[{"count":3,"href":"https:\/\/antonini.psc.br\/index.php?rest_route=\/wp\/v2\/posts\/23938\/revisions"}],"predecessor-version":[{"id":27477,"href":"https:\/\/antonini.psc.br\/index.php?rest_route=\/wp\/v2\/posts\/23938\/revisions\/27477"}],"wp:attachment":[{"href":"https:\/\/antonini.psc.br\/index.php?rest_route=%2Fwp%2Fv2%2Fmedia&parent=23938"}],"wp:term":[{"taxonomy":"category","embeddable":true,"href":"https:\/\/antonini.psc.br\/index.php?rest_route=%2Fwp%2Fv2%2Fcategories&post=23938"},{"taxonomy":"post_tag","embeddable":true,"href":"https:\/\/antonini.psc.br\/index.php?rest_route=%2Fwp%2Fv2%2Ftags&post=23938"}],"curies":[{"name":"wp","href":"https:\/\/api.w.org\/{rel}","templated":true}]}}