{"id":24562,"date":"2015-05-29T17:12:29","date_gmt":"2015-05-29T17:12:29","guid":{"rendered":"http:\/\/antonini.med.br\/home\/?p=24562"},"modified":"2022-02-15T02:38:49","modified_gmt":"2022-02-15T02:38:49","slug":"medicos-alertam-para-uso-inapropriado-de-antibioticos","status":"publish","type":"post","link":"https:\/\/antonini.psc.br\/?p=24562","title":{"rendered":"M\u00e9dicos alertam para uso inapropriado de antibi\u00f3ticos"},"content":{"rendered":"<p style=\"text-align: justify;\">Quem primeiro chamou a aten\u00e7\u00e3o para o risco do uso indiscriminado de antibi\u00f3ticos foram os Farmac\u00eauticos e n\u00e3o os m\u00e9dicos que s\u00e3o os verdadeiros causadores do problema s\u00e9rio enfrentado hoje de aumento de resist\u00eancia bacteriana e surgimento de bact\u00e9rias multirresistentes, ou seja, microorganismos que n\u00e3o morrem com quase ou nenhum tipo droga, por mais poderosa e &#8220;venenosa&#8221; que ela seja.<\/p>\n<p style=\"text-align: justify;\">H\u00e1 mais de vinte anos os farmac\u00eauticos brasileiros vem alertando, atrav\u00e9s de seu Conselho Federal de Farm\u00e1cia, acerca do risco, levando a Ag\u00eancia Nacional de Vigil\u00e2ncia Sanit\u00e1ria a baixar a Resolu\u00e7\u00e3o da Dire\u00e7\u00e3o Colegiada (RDC) 20\/2011, que estabeleceu como premissa b\u00e1sica, a dispensa\u00e7\u00e3o (venda) de antibi\u00f3ticos apenas sob prescri\u00e7\u00e3o m\u00e9dica, empurrando para os m\u00e9dicos a responsabilidade por toda e qualquer nova cepa de bact\u00e9ria altamente virulenta que possa aparecer.<\/p>\n<p style=\"text-align: justify;\"><strong>Por que os m\u00e9dicos s\u00e3o os culpados da resist\u00eancia bacteriana?<\/strong><br \/>\nM\u00e9dico \u00e9 uma profiss\u00e3o mercen\u00e1ria que vive basicamente de agrados (para n\u00e3o dizer outra coisa) da ind\u00fastria farmac\u00eautica, que lhes paga altas comiss\u00f5es para prescrever cada nova droga que ela coloca no mercado, independente de s\u00ea-la necess\u00e1ria, efici\u00eante ou segura e a resist\u00eancia bacteriana surge com o uso de antibi\u00f3ticos de espectro cada vez mais largo, deixando de administrar um antibi\u00f3tico mais antigo, de menor espectro e que tem a\u00e7\u00e3o sobre uma bact\u00e9ria, fazendo com que elas criem mecanismos de resist\u00eancia, que podem ser expressos por enzimas degradadoras de antbi\u00f3ticos, modifica\u00e7\u00f5es me sua estrura celular, especialmente em sua parede celular, ou ainda em seu metabolismo, sendo estas as tr\u00eas frentes de ataque dos antibi\u00f3ticos.<\/p>\n<p style=\"text-align: justify;\">De nada adianta os m\u00e9dicos posarem de guardi\u00f5es ou redentores da sa\u00fade porque s\u00e3o justamente eles os culpados pela maioria esmagadora dos eventos adversos e resist\u00eancia bacteriana que surgem e esta mat\u00e9ria supostamente alertando os usu\u00e1rios tem como \u00fanico objetivo desviar a aten\u00e7\u00e3o do povo da verdadeira causa e dos verdadeiros culpados pelo n\u00famero cada vez maior de bact\u00e9rias multirresistentes que est\u00e1 assolando especialmente os hospitais.<\/p>\n","protected":false},"excerpt":{"rendered":"<p>Quem primeiro chamou a aten\u00e7\u00e3o para o risco do uso indiscriminado de antibi\u00f3ticos foram os Farmac\u00eauticos e n\u00e3o os m\u00e9dicos que s\u00e3o os verdadeiros causadores do problema s\u00e9rio enfrentado hoje de aumento de resist\u00eancia bacteriana e surgimento de bact\u00e9rias multirresistentes, ou seja, microorganismos que n\u00e3o morrem com quase ou nenhum tipo droga, por mais poderosa [&hellip;]<\/p>\n","protected":false},"author":1,"featured_media":0,"comment_status":"open","ping_status":"open","sticky":false,"template":"","format":"standard","meta":{"footnotes":""},"categories":[27],"tags":[],"class_list":["post-24562","post","type-post","status-publish","format-standard","hentry","category-noticias"],"_links":{"self":[{"href":"https:\/\/antonini.psc.br\/index.php?rest_route=\/wp\/v2\/posts\/24562","targetHints":{"allow":["GET"]}}],"collection":[{"href":"https:\/\/antonini.psc.br\/index.php?rest_route=\/wp\/v2\/posts"}],"about":[{"href":"https:\/\/antonini.psc.br\/index.php?rest_route=\/wp\/v2\/types\/post"}],"author":[{"embeddable":true,"href":"https:\/\/antonini.psc.br\/index.php?rest_route=\/wp\/v2\/users\/1"}],"replies":[{"embeddable":true,"href":"https:\/\/antonini.psc.br\/index.php?rest_route=%2Fwp%2Fv2%2Fcomments&post=24562"}],"version-history":[{"count":4,"href":"https:\/\/antonini.psc.br\/index.php?rest_route=\/wp\/v2\/posts\/24562\/revisions"}],"predecessor-version":[{"id":24566,"href":"https:\/\/antonini.psc.br\/index.php?rest_route=\/wp\/v2\/posts\/24562\/revisions\/24566"}],"wp:attachment":[{"href":"https:\/\/antonini.psc.br\/index.php?rest_route=%2Fwp%2Fv2%2Fmedia&parent=24562"}],"wp:term":[{"taxonomy":"category","embeddable":true,"href":"https:\/\/antonini.psc.br\/index.php?rest_route=%2Fwp%2Fv2%2Fcategories&post=24562"},{"taxonomy":"post_tag","embeddable":true,"href":"https:\/\/antonini.psc.br\/index.php?rest_route=%2Fwp%2Fv2%2Ftags&post=24562"}],"curies":[{"name":"wp","href":"https:\/\/api.w.org\/{rel}","templated":true}]}}