{"id":24613,"date":"2015-08-21T00:38:04","date_gmt":"2015-08-21T00:38:04","guid":{"rendered":"http:\/\/antonini.med.br\/home\/?p=24613"},"modified":"2022-02-15T02:38:49","modified_gmt":"2022-02-15T02:38:49","slug":"manifestacao-encaminhada-aos-ministros-do-stf","status":"publish","type":"post","link":"https:\/\/antonini.psc.br\/?p=24613","title":{"rendered":"Manifesto encaminhado aos Ministros do STF"},"content":{"rendered":"<p style=\"text-align: justify;\">Se portar drogas para uso pessoal pode ser liberada porque \u00e9 um direito de todo cidad\u00e3o dispor sobre sua vida e sua sa\u00fade, ent\u00e3o por que um doente mental, um epil\u00e9tico, um deprimido ou qualquer outro brasileiro que faz uso de drogas psicotr\u00f3picas para <strong>tratamento de sa\u00fade e n\u00e3o para drogadi\u00e7\u00e3o<\/strong>, precisa consultar um m\u00e9dico para comprar o f\u00e1rmaco psicoativo que lhe alivia o sofrimento?<\/p>\n<p style=\"text-align: justify;\">Se \u00e9 para descriminalizar o uso de drogas, ent\u00e3o revoguem as resolu\u00e7\u00f5es da ANVISA que submetem todos os f\u00e1rmacos psicoativos ou antibi\u00f3ticos ao controle e obriga\u00e7\u00e3o de venda sob prescri\u00e7\u00e3o m\u00e9dica, pois isso apenas enriquece os m\u00e9dicos, garantindo-lhes a reserva de mercado.<\/p>\n<p style=\"text-align: justify;\"><em><strong>O efeito de um f\u00e1rmaco, ou de qualquer tipo de droga, depende unicamente do seu mecanismo de a\u00e7\u00e3o e n\u00e3o da vontade de quem o presecreve<\/strong><\/em>. <strong><em>O farm\u00e1co prescrito por um pai-de-santo, por um m\u00e9dico, por um farmac\u00eautico ou por um benzedor far\u00e1, obrigatoriamente, o mesmo efeito, exceto se houver alguma caractar\u00edstica intr\u00ednseca inerente ao organismo do usu\u00e1rio.<\/em><\/strong><\/p>\n<p style=\"text-align: justify;\">Dizer que s\u00f3 o m\u00e9dico sabe qual o f\u00e1rmaco que faz bem ou mal para uma determinada pessoal \u00e9 uma fal\u00e1cia monumental. \u00c9 um crime contra o princ\u00edpio mais fundamental e elementar da farmacologia, grafada no par\u00e1grafo anterior, em negrito e it\u00e1lico<\/p>\n<p style=\"text-align: justify;\">Resumindo: <strong>drogadidos tem o direito de se drogarem e se matarem, enquanto o doente n\u00e3o tem autonomia sobre seu tratamento. Onde ficam, neste caso, os artigos do c\u00f3digo de \u00e9tica m\u00e9dica que protegem a autonomia do paciente? Se drogadidos tem o direito de se matarem, por que os doentes n\u00e3o tem o direito de se tratarem livremente, sem a intromiss\u00e3o de m\u00e9dicos?<\/strong><\/p>\n<p style=\"text-align: center;\">[<a href=\"javascript:history.go(-1)\">Voltar<\/a>]<\/p>\n","protected":false},"excerpt":{"rendered":"<p>Se portar drogas para uso pessoal pode ser liberada porque \u00e9 um direito de todo cidad\u00e3o dispor sobre sua vida e sua sa\u00fade, ent\u00e3o por que um doente mental, um epil\u00e9tico, um deprimido ou qualquer outro brasileiro que faz uso de drogas psicotr\u00f3picas para tratamento de sa\u00fade e n\u00e3o para drogadi\u00e7\u00e3o, precisa consultar um m\u00e9dico [&hellip;]<\/p>\n","protected":false},"author":1,"featured_media":0,"comment_status":"open","ping_status":"open","sticky":false,"template":"","format":"standard","meta":{"footnotes":""},"categories":[27],"tags":[],"class_list":["post-24613","post","type-post","status-publish","format-standard","hentry","category-noticias"],"_links":{"self":[{"href":"https:\/\/antonini.psc.br\/index.php?rest_route=\/wp\/v2\/posts\/24613","targetHints":{"allow":["GET"]}}],"collection":[{"href":"https:\/\/antonini.psc.br\/index.php?rest_route=\/wp\/v2\/posts"}],"about":[{"href":"https:\/\/antonini.psc.br\/index.php?rest_route=\/wp\/v2\/types\/post"}],"author":[{"embeddable":true,"href":"https:\/\/antonini.psc.br\/index.php?rest_route=\/wp\/v2\/users\/1"}],"replies":[{"embeddable":true,"href":"https:\/\/antonini.psc.br\/index.php?rest_route=%2Fwp%2Fv2%2Fcomments&post=24613"}],"version-history":[{"count":9,"href":"https:\/\/antonini.psc.br\/index.php?rest_route=\/wp\/v2\/posts\/24613\/revisions"}],"predecessor-version":[{"id":28189,"href":"https:\/\/antonini.psc.br\/index.php?rest_route=\/wp\/v2\/posts\/24613\/revisions\/28189"}],"wp:attachment":[{"href":"https:\/\/antonini.psc.br\/index.php?rest_route=%2Fwp%2Fv2%2Fmedia&parent=24613"}],"wp:term":[{"taxonomy":"category","embeddable":true,"href":"https:\/\/antonini.psc.br\/index.php?rest_route=%2Fwp%2Fv2%2Fcategories&post=24613"},{"taxonomy":"post_tag","embeddable":true,"href":"https:\/\/antonini.psc.br\/index.php?rest_route=%2Fwp%2Fv2%2Ftags&post=24613"}],"curies":[{"name":"wp","href":"https:\/\/api.w.org\/{rel}","templated":true}]}}