{"id":24825,"date":"2016-05-27T01:58:13","date_gmt":"2016-05-27T01:58:13","guid":{"rendered":"http:\/\/antonini.med.br\/home\/?p=24825"},"modified":"2022-02-15T02:38:48","modified_gmt":"2022-02-15T02:38:48","slug":"diferencas-morfologicas-entre-cerebros-humanos","status":"publish","type":"post","link":"https:\/\/antonini.psc.br\/?p=24825","title":{"rendered":"Diferen\u00e7as morfol\u00f3gicas entre c\u00e9rebros humanos"},"content":{"rendered":"<p style=\"text-align: justify;\">A maioria esmagadora dos neurologistas, dos psiquiatras e dos psic\u00f3logas atribuem causas ambientais, vivenciais e at\u00e9 moleculares e fisiol\u00f3gias para as doen\u00e7as mentais, mas analisando estas fotografias de c\u00e9rebros humanos, n\u00e3o ser\u00e1 poss\u00edvel pensar-se, tamb\u00e9m, em causas anat\u00f4micas?<!--more--><\/p>\n<p style=\"text-align: justify;\">As fotografias abaixo comp\u00f5em um conjunto de oito slides que tirei no Laborat\u00f3rio de Anatomia Humana do Departamento de Ci\u00eancias Morfol\u00f3gicas, do Setor de Ci\u00eancias Biol\u00f3gicas da Universidade Federal do Paran\u00e1 contando com a ajuda do T\u00e9cnico de Laborat\u00f3rio Sr. Palmiro, em 16 de maio de 1990.<\/p>\n<p style=\"text-align: justify;\"><img loading=\"lazy\" decoding=\"async\" class=\"aligncenter wp-image-24827\" src=\"\/home\/wp-content\/uploads\/2016\/05\/cerebro4.jpg\" alt=\"cerebro4\" width=\"560\" height=\"453\" srcset=\"https:\/\/antonini.psc.br\/wp-content\/uploads\/2016\/05\/cerebro4.jpg 1101w, https:\/\/antonini.psc.br\/wp-content\/uploads\/2016\/05\/cerebro4-300x243.jpg 300w, https:\/\/antonini.psc.br\/wp-content\/uploads\/2016\/05\/cerebro4-768x622.jpg 768w, https:\/\/antonini.psc.br\/wp-content\/uploads\/2016\/05\/cerebro4-1024x829.jpg 1024w\" sizes=\"auto, (max-width: 560px) 100vw, 560px\" \/><\/p>\n<p style=\"text-align: justify;\">Veja a diferen\u00e7a entre ambos os c\u00e9rebros. Repare na forma do corpo caloso de ambos (no meio do c\u00e9rebro).<\/p>\n<p style=\"text-align: justify;\"><img loading=\"lazy\" decoding=\"async\" class=\"aligncenter wp-image-24829\" src=\"\/home\/wp-content\/uploads\/2016\/05\/cerebro9.jpg\" alt=\"cerebro9\" width=\"560\" height=\"456\" srcset=\"https:\/\/antonini.psc.br\/wp-content\/uploads\/2016\/05\/cerebro9.jpg 1159w, https:\/\/antonini.psc.br\/wp-content\/uploads\/2016\/05\/cerebro9-300x244.jpg 300w, https:\/\/antonini.psc.br\/wp-content\/uploads\/2016\/05\/cerebro9-768x625.jpg 768w, https:\/\/antonini.psc.br\/wp-content\/uploads\/2016\/05\/cerebro9-1024x833.jpg 1024w\" sizes=\"auto, (max-width: 560px) 100vw, 560px\" \/><\/p>\n<p style=\"text-align: center;\">[<a href=\"javascript:history.go(-1)\">Voltar<\/a>]<\/p>\n","protected":false},"excerpt":{"rendered":"<p>A maioria esmagadora dos neurologistas, dos psiquiatras e dos psic\u00f3logas atribuem causas ambientais, vivenciais e at\u00e9 moleculares e fisiol\u00f3gias para as doen\u00e7as mentais, mas analisando estas fotografias de c\u00e9rebros humanos, n\u00e3o ser\u00e1 poss\u00edvel pensar-se, tamb\u00e9m, em causas anat\u00f4micas?<\/p>\n","protected":false},"author":1,"featured_media":0,"comment_status":"open","ping_status":"open","sticky":false,"template":"","format":"standard","meta":{"footnotes":""},"categories":[27],"tags":[],"class_list":["post-24825","post","type-post","status-publish","format-standard","hentry","category-noticias"],"_links":{"self":[{"href":"https:\/\/antonini.psc.br\/index.php?rest_route=\/wp\/v2\/posts\/24825","targetHints":{"allow":["GET"]}}],"collection":[{"href":"https:\/\/antonini.psc.br\/index.php?rest_route=\/wp\/v2\/posts"}],"about":[{"href":"https:\/\/antonini.psc.br\/index.php?rest_route=\/wp\/v2\/types\/post"}],"author":[{"embeddable":true,"href":"https:\/\/antonini.psc.br\/index.php?rest_route=\/wp\/v2\/users\/1"}],"replies":[{"embeddable":true,"href":"https:\/\/antonini.psc.br\/index.php?rest_route=%2Fwp%2Fv2%2Fcomments&post=24825"}],"version-history":[{"count":5,"href":"https:\/\/antonini.psc.br\/index.php?rest_route=\/wp\/v2\/posts\/24825\/revisions"}],"predecessor-version":[{"id":24832,"href":"https:\/\/antonini.psc.br\/index.php?rest_route=\/wp\/v2\/posts\/24825\/revisions\/24832"}],"wp:attachment":[{"href":"https:\/\/antonini.psc.br\/index.php?rest_route=%2Fwp%2Fv2%2Fmedia&parent=24825"}],"wp:term":[{"taxonomy":"category","embeddable":true,"href":"https:\/\/antonini.psc.br\/index.php?rest_route=%2Fwp%2Fv2%2Fcategories&post=24825"},{"taxonomy":"post_tag","embeddable":true,"href":"https:\/\/antonini.psc.br\/index.php?rest_route=%2Fwp%2Fv2%2Ftags&post=24825"}],"curies":[{"name":"wp","href":"https:\/\/api.w.org\/{rel}","templated":true}]}}