{"id":25243,"date":"2017-01-02T13:26:36","date_gmt":"2017-01-02T13:26:36","guid":{"rendered":"http:\/\/antonini.com.br\/home\/?p=25243"},"modified":"2022-02-15T02:38:47","modified_gmt":"2022-02-15T02:38:47","slug":"a-gvt-virou-vivo-e-morreu","status":"publish","type":"post","link":"https:\/\/antonini.psc.br\/?p=25243","title":{"rendered":"A GVT virou VIVO e MORREU"},"content":{"rendered":"<p style=\"text-align: justify;\">A empresa de telefonia fixa chamada Global Village Telecom, cuja sigla era GVT, foi comprada pela empresa espanhola Telef\u00f4nica, detentora da marca Vivo no Brasil e desde a sua fus\u00e3o com a Vivo, a GVT morreu, em todos os sentidos.<!--more--><\/p>\n<p style=\"text-align: justify;\">Os servi\u00e7os ficaram p\u00e9ssimos.<\/p>\n<p style=\"text-align: justify;\">Fica fora do ar o tempo todo:<\/p>\n<p>[nggallery id=34]<\/p>\n<p style=\"text-align: justify;\">Na galeria acima&nbsp;podem ser vistas imagens da sincroniza\u00e7\u00e3o com a rede. Foram&nbsp;usados dois modens diferentes: o recebido da pr\u00f3pria GVT (marca Technicolor, de cor branca, e um D-Link, modelo DSL-2500). Em ambos \u00e9 poss\u00edvel notar que o led de conex\u00e3o est\u00e1 vermelho ou apagado.<\/p>\n<p style=\"text-align: justify;\">A velocidade da conex\u00e3o \u00e9 uma piada. Pago um plano de 15MB de download com 1MB de upload, mas n\u00e3o passa de 0,3 MB de download e curiosamente o upload \u00e9 maior que o download, conforme pode ser visto na galeria abaixo, onde&nbsp;foi testada a velocidade atrav\u00e9s do site Internetspeed, usando um Samsung Chomebook 3 e um PC com Debian Linux 8:<\/p>\n<p>[nggallery id=35]<\/p>\n<p style=\"text-align: justify;\">A Vivo desrespeita as normas da ANATEL&nbsp;impondo&nbsp;franquia de dados na Internet fixa, mesmo sem autoriza\u00e7\u00e3o da Ag\u00eancia reguladora, conforme pode ser visto ampliando a imagem (clicando nela), que mostra, na \u00faltima linha da propaganda dos planos dispon\u00edveis, a franquia de dados de cada um.<\/p>\n<p style=\"text-align: justify;\">[singlepic id=262 w= h= float=center]<\/p>\n<p style=\"text-align: justify;\">N\u00e3o contratem a Vivo. Sua&nbsp;banda larga \u00e9 um verdadeiro lixo.&nbsp;Procurem outra operadora de telefonia fixa e internet a cabo.<\/p>\n<p style=\"text-align: center;\">[<a href=\"javascript:history.go(-1)\">Voltar<\/a>]<\/p>\n","protected":false},"excerpt":{"rendered":"<p>A empresa de telefonia fixa chamada Global Village Telecom, cuja sigla era GVT, foi comprada pela empresa espanhola Telef\u00f4nica, detentora da marca Vivo no Brasil e desde a sua fus\u00e3o com a Vivo, a GVT morreu, em todos os sentidos.<\/p>\n","protected":false},"author":1,"featured_media":0,"comment_status":"open","ping_status":"open","sticky":false,"template":"","format":"standard","meta":{"footnotes":""},"categories":[27],"tags":[],"class_list":["post-25243","post","type-post","status-publish","format-standard","hentry","category-noticias"],"_links":{"self":[{"href":"https:\/\/antonini.psc.br\/index.php?rest_route=\/wp\/v2\/posts\/25243","targetHints":{"allow":["GET"]}}],"collection":[{"href":"https:\/\/antonini.psc.br\/index.php?rest_route=\/wp\/v2\/posts"}],"about":[{"href":"https:\/\/antonini.psc.br\/index.php?rest_route=\/wp\/v2\/types\/post"}],"author":[{"embeddable":true,"href":"https:\/\/antonini.psc.br\/index.php?rest_route=\/wp\/v2\/users\/1"}],"replies":[{"embeddable":true,"href":"https:\/\/antonini.psc.br\/index.php?rest_route=%2Fwp%2Fv2%2Fcomments&post=25243"}],"version-history":[{"count":13,"href":"https:\/\/antonini.psc.br\/index.php?rest_route=\/wp\/v2\/posts\/25243\/revisions"}],"predecessor-version":[{"id":25309,"href":"https:\/\/antonini.psc.br\/index.php?rest_route=\/wp\/v2\/posts\/25243\/revisions\/25309"}],"wp:attachment":[{"href":"https:\/\/antonini.psc.br\/index.php?rest_route=%2Fwp%2Fv2%2Fmedia&parent=25243"}],"wp:term":[{"taxonomy":"category","embeddable":true,"href":"https:\/\/antonini.psc.br\/index.php?rest_route=%2Fwp%2Fv2%2Fcategories&post=25243"},{"taxonomy":"post_tag","embeddable":true,"href":"https:\/\/antonini.psc.br\/index.php?rest_route=%2Fwp%2Fv2%2Ftags&post=25243"}],"curies":[{"name":"wp","href":"https:\/\/api.w.org\/{rel}","templated":true}]}}