{"id":2558,"date":"2009-04-22T16:25:09","date_gmt":"2009-04-22T19:25:09","guid":{"rendered":"http:\/\/antonini.med.br\/blog\/?p=2558"},"modified":"2022-08-25T23:18:04","modified_gmt":"2022-08-25T23:18:04","slug":"caso-7-adenocarcinoma-de-endometrio","status":"publish","type":"post","link":"https:\/\/antonini.psc.br\/?p=2558","title":{"rendered":"Caso 7: Adenocarcinoma de endom\u00e9trio"},"content":{"rendered":"<p style=\"text-align: justify;\">Este \u00faltimo caso \u00e9 inclu\u00eddo como uma Lembran\u00e7a de que o adenocarcinoma do endom\u00e9trio pode tamb\u00e9m se apresentar com grupos densos de c\u00e9lulas hipercrom\u00e1ticas.<\/p>\n<p style=\"text-align: center;\"><img loading=\"lazy\" decoding=\"async\" class=\"aligncenter size-large\" src=\"\/img\/434_JPG.jpg?w=560\" height=\"366\" width=\"560\"\/><\/p>\n<p style=\"text-align: justify;\">434 <strong>C\u00e9lulas malignas indiferenciadas. <\/strong>Este grupo contrasta com um grupo de c\u00e9lulas malignas com uma placa de c\u00e9dulas parabasais no esfrega\u00e7o atr\u00f3fico. A paciente foi submetida a uma histerectomia anteriormente por adenocarcinoma do endom\u00e9trio. (x 80)<\/p>\n<p style=\"text-align: center;\"><img loading=\"lazy\" decoding=\"async\" class=\"aligncenter size-large\" src=\"\/img\/435_JPG.jpg?w=560\" height=\"366\" width=\"560\"\/><\/p>\n<p style=\"text-align: justify;\">435 <strong>C\u00e9lulas malignas indiferenciadas. <\/strong>Outro campo mostrando uma l\u00e2mina de c\u00e9lulas malignas indiferenciadas em aumento maior. (x 160)<\/p>\n<p style=\"text-align: center;\"><img loading=\"lazy\" decoding=\"async\" class=\"aligncenter size-large\" src=\"\/img\/436_JPG.jpg?w=560\" height=\"366\" width=\"560\"\/><\/p>\n<p style=\"text-align: justify;\">436 <strong>Adenocarcinoma de endom\u00e9trio: histerectomia. <\/strong>Esta paciente teve uma recorr\u00eancia na c\u00fapula, a qual era clinicamente \u00f3bvia, assim, nenhuma bi\u00f3psia foi feita. Este corte \u00e9 do tumor original, que era um adenocarcinoma bem diferenciado. Seria recordado que a recorr\u00eancia e tumores metast\u00e1ticos s\u00e3o freq\u00fcentes em tumores menos diferenciados que o original. (H &amp; E, x 40)<\/p>\n<p style=\"text-align: center;\">[<a href=\"javascript:history.go(-1)\">Voltar<\/a>]<\/p>\n","protected":false},"excerpt":{"rendered":"<p>Este \u00faltimo caso \u00e9 inclu\u00eddo como uma Lembran\u00e7a de que o adenocarcinoma do endom\u00e9trio pode tamb\u00e9m se apresentar com grupos densos de c\u00e9lulas hipercrom\u00e1ticas. 434 C\u00e9lulas malignas indiferenciadas. Este grupo contrasta com um grupo de c\u00e9lulas malignas com uma placa de c\u00e9dulas parabasais no esfrega\u00e7o atr\u00f3fico. A paciente foi submetida a uma histerectomia anteriormente por [&hellip;]<\/p>\n","protected":false},"author":1,"featured_media":0,"comment_status":"open","ping_status":"open","sticky":false,"template":"","format":"standard","meta":{"footnotes":""},"categories":[81],"tags":[],"class_list":["post-2558","post","type-post","status-publish","format-standard","hentry","category-citologia"],"_links":{"self":[{"href":"https:\/\/antonini.psc.br\/index.php?rest_route=\/wp\/v2\/posts\/2558","targetHints":{"allow":["GET"]}}],"collection":[{"href":"https:\/\/antonini.psc.br\/index.php?rest_route=\/wp\/v2\/posts"}],"about":[{"href":"https:\/\/antonini.psc.br\/index.php?rest_route=\/wp\/v2\/types\/post"}],"author":[{"embeddable":true,"href":"https:\/\/antonini.psc.br\/index.php?rest_route=\/wp\/v2\/users\/1"}],"replies":[{"embeddable":true,"href":"https:\/\/antonini.psc.br\/index.php?rest_route=%2Fwp%2Fv2%2Fcomments&post=2558"}],"version-history":[{"count":2,"href":"https:\/\/antonini.psc.br\/index.php?rest_route=\/wp\/v2\/posts\/2558\/revisions"}],"predecessor-version":[{"id":31445,"href":"https:\/\/antonini.psc.br\/index.php?rest_route=\/wp\/v2\/posts\/2558\/revisions\/31445"}],"wp:attachment":[{"href":"https:\/\/antonini.psc.br\/index.php?rest_route=%2Fwp%2Fv2%2Fmedia&parent=2558"}],"wp:term":[{"taxonomy":"category","embeddable":true,"href":"https:\/\/antonini.psc.br\/index.php?rest_route=%2Fwp%2Fv2%2Fcategories&post=2558"},{"taxonomy":"post_tag","embeddable":true,"href":"https:\/\/antonini.psc.br\/index.php?rest_route=%2Fwp%2Fv2%2Ftags&post=2558"}],"curies":[{"name":"wp","href":"https:\/\/api.w.org\/{rel}","templated":true}]}}