{"id":25819,"date":"2018-05-31T17:02:18","date_gmt":"2018-05-31T17:02:18","guid":{"rendered":"http:\/\/antonini.com.br\/?p=25819"},"modified":"2022-02-15T02:38:47","modified_gmt":"2022-02-15T02:38:47","slug":"justica-federal-mantem-em-vigor-resolucao-sobre-as-atribuicoes-clinicas-do-farmaceutico","status":"publish","type":"post","link":"https:\/\/antonini.psc.br\/?p=25819","title":{"rendered":"Justi\u00e7a Federal mant\u00e9m, em vigor, resolu\u00e7\u00e3o sobre as atribui\u00e7\u00f5es cl\u00ednicas do farmac\u00eautico"},"content":{"rendered":"<p style=\"text-align: justify;\">Cerca de 1.500 munic\u00edpios brasileiros n\u00e3o tem m\u00e9dico, sequer tem um posto de sa\u00fade, e quem vai tratar esse povo desvalido e desamparado pelo Estado?<!--more--><\/p>\n<p style=\"text-align: justify;\">Os m\u00e9dicos se interessam em trabalhar apenas em cidades que tem infraestrutura e remunera\u00e7\u00e3o que eles julgam suficiente e adequada. Os munic\u00edpios sem m\u00e9dicos s\u00e3o aqueles que n\u00e3o oferecem o conforto e o dinheiro que os m\u00e9dicos querem.<\/p>\n<p style=\"text-align: justify;\">Outras abomina\u00e7\u00f5es que devem ser revogadas s\u00e3o as portarias da Ag\u00eancia Nacional de Vigil\u00e2ncia Sanit\u00e1ria que colocam f\u00e1rmacos antibi\u00f3ticos e psicoativos sob prescri\u00e7\u00e3o m\u00e9dica e atrapalham o atendimento dos habitantes das localidades mais remotas deste pa\u00eds, onde os m\u00e9dicos se recusam a trabalhar.<\/p>\n<p style=\"text-align: justify;\">As justificativas para o controle especial de dispensa\u00e7\u00e3o de antibi\u00f3ticos e psicof\u00e1rmacos n\u00e3o se sustentam pelo risco de infec\u00e7\u00f5es resistentes ou de abuso, pois quem provoca as infec\u00e7\u00f5es multirresistentes s\u00e3o os m\u00e9dicos com suas condutas mercen\u00e1rias, \u00e0 merc\u00ea da ind\u00fastria farmac\u00eautica que os corrompem, comprando suas reputa\u00e7\u00f5es e pr\u00e1ticas profissionais com pr\u00eamios dos mais variados, conforme se pode ver no v\u00eddeo abaixo.<\/p>\n<p style=\"text-align: center;\"><iframe loading=\"lazy\" src=\"https:\/\/www.youtube.com\/embed\/pE9UyooMFHw?rel=0\" width=\"560\" height=\"315\" frameborder=\"0\" allowfullscreen=\"allowfullscreen\"><\/iframe><\/p>\n<p style=\"text-align: justify;\">Leiam a mat\u00e9ria t\u00edtulo deste &#8220;post&#8221; <a href=\"http:\/\/www.crf-pr.org.br\/noticia\/visualizar\/7943\" target=\"_blank\" rel=\"noopener noreferrer\">aqui<\/a><\/p>\n","protected":false},"excerpt":{"rendered":"<p>Cerca de 1.500 munic\u00edpios brasileiros n\u00e3o tem m\u00e9dico, sequer tem um posto de sa\u00fade, e quem vai tratar esse povo desvalido e desamparado pelo Estado?<\/p>\n","protected":false},"author":1,"featured_media":0,"comment_status":"open","ping_status":"open","sticky":false,"template":"","format":"standard","meta":{"footnotes":""},"categories":[27],"tags":[],"class_list":["post-25819","post","type-post","status-publish","format-standard","hentry","category-noticias"],"_links":{"self":[{"href":"https:\/\/antonini.psc.br\/index.php?rest_route=\/wp\/v2\/posts\/25819","targetHints":{"allow":["GET"]}}],"collection":[{"href":"https:\/\/antonini.psc.br\/index.php?rest_route=\/wp\/v2\/posts"}],"about":[{"href":"https:\/\/antonini.psc.br\/index.php?rest_route=\/wp\/v2\/types\/post"}],"author":[{"embeddable":true,"href":"https:\/\/antonini.psc.br\/index.php?rest_route=\/wp\/v2\/users\/1"}],"replies":[{"embeddable":true,"href":"https:\/\/antonini.psc.br\/index.php?rest_route=%2Fwp%2Fv2%2Fcomments&post=25819"}],"version-history":[{"count":10,"href":"https:\/\/antonini.psc.br\/index.php?rest_route=\/wp\/v2\/posts\/25819\/revisions"}],"predecessor-version":[{"id":27401,"href":"https:\/\/antonini.psc.br\/index.php?rest_route=\/wp\/v2\/posts\/25819\/revisions\/27401"}],"wp:attachment":[{"href":"https:\/\/antonini.psc.br\/index.php?rest_route=%2Fwp%2Fv2%2Fmedia&parent=25819"}],"wp:term":[{"taxonomy":"category","embeddable":true,"href":"https:\/\/antonini.psc.br\/index.php?rest_route=%2Fwp%2Fv2%2Fcategories&post=25819"},{"taxonomy":"post_tag","embeddable":true,"href":"https:\/\/antonini.psc.br\/index.php?rest_route=%2Fwp%2Fv2%2Ftags&post=25819"}],"curies":[{"name":"wp","href":"https:\/\/api.w.org\/{rel}","templated":true}]}}