{"id":27036,"date":"2018-12-05T03:51:16","date_gmt":"2018-12-05T03:51:16","guid":{"rendered":"http:\/\/antonini.com.br\/?p=27036"},"modified":"2022-02-15T02:38:31","modified_gmt":"2022-02-15T02:38:31","slug":"conselho-regional-de-psicologia-apoia-a-descriminalizacao-do-aborto","status":"publish","type":"post","link":"https:\/\/antonini.psc.br\/?p=27036","title":{"rendered":"Conselho regional de psicologia apoia a descriminaliza\u00e7\u00e3o do aborto?"},"content":{"rendered":"<p style=\"text-align: justify;\">A Revista Contato, editada pelo Conselho Regional de Psicologia do Paran\u00e1&nbsp;traz, nas p\u00e1ginas 7-10 em sua edi\u00e7\u00e3o n\u00ba119, de setembro\/outubro de 2018, mat\u00e9ria intitulada \u201cPor que descriminalizar o aborto?\u201d<\/p>\n<p style=\"text-align: justify;\">A criminaliza\u00e7\u00e3o do aborto \u00e9 a t\u00edpica bandeira que religiosos, militantes e ativistas sociais vivem se agarrando com o objetivo de, na maioria esmagadora dos casos, alavancarem carreiras, geralmente pol\u00edticas, mas esta \u00e9 uma causa que n\u00e3o desrespeito ningu\u00e9m , apenas \u00e0 mulher.<\/p>\n<p style=\"text-align: justify;\">O fato de ser ou n\u00e3o crime \u00e9 indiferente. As mulheres que engravidam e n\u00e3o querem ter a crian\u00e7a, abortam de qualquer jeito, independente da vontade, da opini\u00e3o ou dos dogmas de qualquer pessoa, seja ela sacerdote, juiz, m\u00e9dico, advogado, pai de santo, parteira\u2026<\/p>\n<p style=\"text-align: justify;\">A obriga\u00e7\u00e3o de todos os envolvidos neste tema t\u00e3o espinhoso \u00e9 orientar a mulher e alert\u00e1-la para os riscos de abortos constantemente repetidos. A cada aborto uma ou mais les\u00f5es se formam no \u00fatero e ap\u00f3s algumas curetagens, o procedimento cir\u00fargico para remo\u00e7\u00e3o dos restos embrion\u00e1rios, aparecem cicatrizes que podem evoluir para um leiomioma, causador de fortes hemorragias menstruais e que acaba obrigando a mulher a tirar o \u00fatero (histerectomia).<\/p>\n<p style=\"text-align: justify;\">A descriminaliza\u00e7\u00e3o tamb\u00e9m pode levar a problemas de sa\u00fade p\u00fablica, elevando o custo de tratamentos ginecol\u00f3gicos, aumento de absente\u00edsmo no trabalho e at\u00e9 dist\u00farbios ps\u00edquicos graves como a depress\u00e3o.<\/p>\n","protected":false},"excerpt":{"rendered":"<p>A Revista Contato, editada pelo Conselho Regional de Psicologia do Paran\u00e1&nbsp;traz, nas p\u00e1ginas 7-10 em sua edi\u00e7\u00e3o n\u00ba119, de setembro\/outubro de 2018, mat\u00e9ria intitulada \u201cPor que descriminalizar o aborto?\u201d A criminaliza\u00e7\u00e3o do aborto \u00e9 a t\u00edpica bandeira que religiosos, militantes &hellip; <a href=\"https:\/\/antonini.psc.br\/?p=27036\">Continue lendo <span class=\"meta-nav\">&rarr;<\/span><\/a><\/p>\n","protected":false},"author":1,"featured_media":0,"comment_status":"open","ping_status":"open","sticky":false,"template":"","format":"standard","meta":{"footnotes":""},"categories":[27],"tags":[],"class_list":["post-27036","post","type-post","status-publish","format-standard","hentry","category-noticias"],"_links":{"self":[{"href":"https:\/\/antonini.psc.br\/index.php?rest_route=\/wp\/v2\/posts\/27036","targetHints":{"allow":["GET"]}}],"collection":[{"href":"https:\/\/antonini.psc.br\/index.php?rest_route=\/wp\/v2\/posts"}],"about":[{"href":"https:\/\/antonini.psc.br\/index.php?rest_route=\/wp\/v2\/types\/post"}],"author":[{"embeddable":true,"href":"https:\/\/antonini.psc.br\/index.php?rest_route=\/wp\/v2\/users\/1"}],"replies":[{"embeddable":true,"href":"https:\/\/antonini.psc.br\/index.php?rest_route=%2Fwp%2Fv2%2Fcomments&post=27036"}],"version-history":[{"count":3,"href":"https:\/\/antonini.psc.br\/index.php?rest_route=\/wp\/v2\/posts\/27036\/revisions"}],"predecessor-version":[{"id":27039,"href":"https:\/\/antonini.psc.br\/index.php?rest_route=\/wp\/v2\/posts\/27036\/revisions\/27039"}],"wp:attachment":[{"href":"https:\/\/antonini.psc.br\/index.php?rest_route=%2Fwp%2Fv2%2Fmedia&parent=27036"}],"wp:term":[{"taxonomy":"category","embeddable":true,"href":"https:\/\/antonini.psc.br\/index.php?rest_route=%2Fwp%2Fv2%2Fcategories&post=27036"},{"taxonomy":"post_tag","embeddable":true,"href":"https:\/\/antonini.psc.br\/index.php?rest_route=%2Fwp%2Fv2%2Ftags&post=27036"}],"curies":[{"name":"wp","href":"https:\/\/api.w.org\/{rel}","templated":true}]}}