{"id":2811,"date":"2009-04-24T14:11:10","date_gmt":"2009-04-24T14:11:10","guid":{"rendered":"http:\/\/antonini.med.br\/blog\/?p=2811"},"modified":"2022-02-15T03:29:21","modified_gmt":"2022-02-15T03:29:21","slug":"2811","status":"publish","type":"post","link":"https:\/\/antonini.psc.br\/?p=2811","title":{"rendered":"Carta resposta a Renato Arag\u00e3o"},"content":{"rendered":"<p style=\"text-align: justify;\">Carta aberta de Eliane Sinhasique para Renato Arag\u00e3o, o Didi. Dou nota DEZ para essa mulher&#8230;.<!--more--><\/p>\n<p style=\"text-align: justify;\">Querido Didi,<\/p>\n<p style=\"text-align: justify;\">H\u00e1 alguns meses voc\u00ea vem me escrevendo pedindo uma doa\u00e7\u00e3o mensal para enfrentar alguns problemas que comprometem o presente e o futuro de muitas crian\u00e7as brasileiras. Eu n\u00e3o respondi aos seus apelos (apesar de ter gostado do l\u00e1pis e das etiquetas com meu Nome para colar nas correspond\u00eancias).<\/p>\n<p style=\"text-align: justify;\">Achei que as cartas n\u00e3o deveriam sem endere\u00e7adas \u00e0 mim. Agora, novamente, voc\u00ea me escreve preocupado por eu n\u00e3o ter atendido as suas solicita\u00e7\u00f5es. Diante de sua insist\u00eancia, me senti na obriga\u00e7\u00e3o de parar tudo e te escrever uma resposta.<\/p>\n<p style=\"text-align: justify;\">N\u00e3o foi por &#8216;algum&#8217; motivo que n\u00e3o fiz a doa\u00e7\u00e3o em dinheiro solicitada por voc\u00ea. S\u00e3o v\u00e1rios os motivos que me levam a n\u00e3o participar de sua campanha altru\u00edsta (se eu quisesse poderia escrever umas dez p\u00e1ginas sobre esses motivos). Voc\u00ea diz, em sua \u00faltima Carta, que enquanto eu a estivesse lendo, uma crian\u00e7a estaria perdendo a chance de se desenvolver e aprender pela falta de investimentos em sua forma\u00e7\u00e3o.<\/p>\n<p style=\"text-align: justify;\">Didi, n\u00e3o tente me fazer sentir culpada. Essa jogada publicit\u00e1ria eu conhe\u00e7o muito bem. Esse tipo de texto apelativo pode funcionar com muitas pessoas mas, comigo n\u00e3o. Eu n\u00e3o sou ministra da educa\u00e7\u00e3o, n\u00e3o ordeno e nem priorizo as despesas das escolas e nem posso obrigar o filho do vizinho a freq\u00fcentar as salas de aula. A minha parte eu j\u00e1 venho fazendo desde os 11 anos quando comecei a trabalhar na ro\u00e7a para ajudar meus pais no sustento da minha fam\u00edlia.<\/p>\n<p style=\"text-align: justify;\">Trabalhei muito e, te garanto, trabalho n\u00e3o Mata ningu\u00e9m. Muito pelo contr\u00e1rio, faz bem! Estudei na escola da zona rural, fiz Supletivo, estudei \u00e0 dist\u00e2ncia e muito antes de ser jornalista e publicit\u00e1ria eu j\u00e1 era uma micro empres\u00e1ria.<\/p>\n<p style=\"text-align: justify;\">Didi, talvez voc\u00ea n\u00e3o tenha no\u00e7\u00e3o do quanto o Governo Federal tira do nosso suor para manter a sa\u00fade, a educa\u00e7\u00e3o, a seguran\u00e7a e tudo o mais que o povo brasileiro precisa. Os impostos s\u00e3o muito altos! Sem falar dos Impostos embutidos em cada alimento, em cada produto ou servi\u00e7o que preciso comprar para o sustento e sobreviv\u00eancia da minha fam\u00edlia.<\/p>\n<p style=\"text-align: justify;\">Eu j\u00e1 pago pela educa\u00e7\u00e3o duas vezes: pago pela educa\u00e7\u00e3o na escola p\u00fablica, atrav\u00e9s dos impostos, e na escola particular, mensalmente, porque a escola p\u00fablica n\u00e3o atende com o ensino de qualidade que, acredito, meus dois filhos merecem. N\u00e3o acho louv\u00e1vel recorrer \u00e0 sociedade para resolver um problema que nem deveria existir pelo volume de dinheiro arrecadado em nome da educa\u00e7\u00e3o e de tantos outros problemas sociais.<\/p>\n<p style=\"text-align: justify;\">O que est\u00e1 acontecendo, meu caro Didi, \u00e9 que os administradores, dessa dinheirama toda, n\u00e3o t\u00eam a educa\u00e7\u00e3o como prioridade. Pois a educa\u00e7\u00e3o tira a subservi\u00eancia e esse fato, por si s\u00f3 n\u00e3o interessa aos pol\u00edticos no poder. Por isso, o dinheiro est\u00e1 saindo pelo ralo, est\u00e3o jogando fora, ou aplicando muito mal. Para voc\u00ea ter uma id\u00e9ia, na minha cidade, cada alimenta\u00e7\u00e3o de um presidi\u00e1rio custa para os cofres p\u00fablicos R$ 3,82 (tr\u00eas reais e oitenta e dois centavos) enquanto que a merenda de uma crian\u00e7a na escola p\u00fablica custa R$ 0,20 (vinte centavos)! O governo precisa rever suas prioridades, voc\u00ea n\u00e3o concorda? Voc\u00ea pode ajudar a mudar isso! N\u00e3o acha?<\/p>\n<p style=\"text-align: justify;\">Voc\u00ea diz em sua Carta que n\u00e3o d\u00e1 para aceitar que um brasileiro se torne adulto sem compreender um texto simples ou conseguir fazer uma conta de matem\u00e1tica. Concordo com voc\u00ea. \u00c9 por isso que sua Carta n\u00e3o deveria ser endere\u00e7ada \u00e0 minha pessoa. Deveria se endere\u00e7ada ao Presidente da Rep\u00fablica. Ele \u00e9 &#8216;o cara&#8217;. Ele tem a chave do Cofre e a vontade pol\u00edtica para aplicar os recursos. Eu e mais milhares de pessoas s\u00f3 colocamos o dinheiro l\u00e1 para que ele fa\u00e7a o que for necess\u00e1rio para melhorar a qualidade de vida das pessoas do pa\u00eds, sem nenhum tipo de distin\u00e7\u00e3o ou discrimina\u00e7\u00e3o. Mas, infelizmente, n\u00e3o \u00e9 o que acontece&#8230;<\/p>\n<p style=\"text-align: justify;\">No \u00faltimo par\u00e1grafo da sua Carta, mais uma vez, voc\u00ea joga a responsabilidade para cima de mim dizendo que as crian\u00e7as precisam da &#8216;minha&#8217; doa\u00e7\u00e3o, que a &#8216;minha&#8217; doa\u00e7\u00e3o faz toda a diferen\u00e7a. Lamento discordar de voc\u00ea Didi. Com o valor da doa\u00e7\u00e3o m\u00ednima, de R$ 15,00, eu posso comprar 12 quilos de arroz para alimentar minha fam\u00edlia por um m\u00eas ou posso comprar p\u00e3o para o caf\u00e9 da manh\u00e3 por 10 dias.<\/p>\n<p style=\"text-align: justify;\">Didi, voc\u00ea pode at\u00e9 me chamar de muquirana, n\u00e3o me importo, mas R$ 15,00 eu n\u00e3o vou doar. Minha doa\u00e7\u00e3o mensal j\u00e1 \u00e9 muito grande. Se voc\u00ea n\u00e3o sabe, eu fa\u00e7o doa\u00e7\u00f5es mensais de 27,5% de tudo o que ganho. Isso significa que o governo leva mais de um ter\u00e7o de tudo que eu recebo e posso te garantir que essa grana, se ficasse comigo, seria muito melhor aplicada na qualidade de vida da minha fam\u00edlia.<\/p>\n<p style=\"text-align: justify;\">Voc\u00ea sabia que para pagar os impostos eu tenho que dizer n\u00e3o para quase tudo que meus filhos querem ou precisam? Meu filho de 12 anos quer praticar t\u00eanis e eu n\u00e3o posso pagar as aulas que s\u00e3o caras demais para nosso padr\u00e3o de vida. Voc\u00ea acha isso justo? Acredito que n\u00e3o. Voc\u00ea \u00e9 um homem de bom senso e saber\u00e1 entender os meus motivos para n\u00e3o colaborar com sua campanha pela educa\u00e7\u00e3o brasileira.<\/p>\n<p style=\"text-align: justify;\">Outra coisa Didi, mande uma Carta para o Presidente pedindo para ele selecionar melhor os ministros e professores das escolas p\u00fablicas. S\u00f3 escolher quem, de fato, tem voca\u00e7\u00e3o para ser ministro e para o ensino. Melhorar os sal\u00e1rios, desses profissionais, tamb\u00e9m funciona para que eles tomem gosto pela profiss\u00e3o e vistam, de fato, a camisa da educa\u00e7\u00e3o. Pe\u00e7a para ele, tamb\u00e9m, fazer escolas de hor\u00e1rio integral, escolas em que as crian\u00e7as possam al\u00e9m de ler, escrever e fazer contas possa desenvolver dons art\u00edsticos, esportivos e habilidades profissionais. Dinheiro para isso tem sim! Diga para ele priorizar a educa\u00e7\u00e3o e utilizar melhor os recursos.<\/p>\n<p style=\"text-align: justify;\">Bem, voc\u00ea assina suas cartas com o pomposo t\u00edtulo de Embaixador Especial do Unicef para Crian\u00e7as Brasileiras e eu vou me despedindo assinando&#8230; Eliane Sinhasique &#8211; Mantenedora Principal dos Dois Filhos que Pari.<\/p>\n<p style=\"text-align: justify;\">P.S.: N\u00e3o me mande outra carta pedindo dinheiro. Se voc\u00ea mandar, serei obrigada a ser mal-educada: vou rasg\u00e1-la antes de abrir.<\/p>\n<p style=\"text-align: justify;\">PS2* Aos ot\u00e1rios que doaram para o crian\u00e7a esperan\u00e7a. Fiquem sabendo, as organiza\u00e7\u00f5es Globo entregam todo o dinheiro arrecadado \u00e0 UNICEF e recebem um recibo do valor para dedu\u00e7\u00e3o do seu imposto de renda. <strong>Para voc\u00eas a Rede Globo anuncia: essa doa\u00e7\u00e3o n\u00e3o poder\u00e1 ser deduzida do seu imposto de renda, porque \u00e9 ela quem o faz. <\/strong><\/p>\n<p style=\"text-align: justify;\">PS3* <strong>E O DINHEIRO DA CPMF QUE PAGAMOS DURANTE\u00a0 11(ONZE) ANOS? <\/strong><\/p>\n<p style=\"text-align: justify;\"><strong>MELHOROU ALGUMA COISA NA EDUCA\u00c7\u00c3O E NA SA\u00daDE DURANTE ESSES ANOS? <\/strong><\/p>\n<p style=\"text-align: justify;\"><strong>BRASILEIROS\u00a0 PATRIOTAS\u00a0 (e feitos de idiotas) DIVULGUEM ESSA REVOLTA&#8230;. <\/strong><\/p>\n<p style=\"text-align: center;\">[<a href=\"javascript:history.go(-1)\">Voltar<\/a>]<\/p>\n","protected":false},"excerpt":{"rendered":"<p>Carta aberta de Eliane Sinhasique para Renato Arag\u00e3o, o Didi. Dou nota DEZ para essa mulher&#8230;.<\/p>\n","protected":false},"author":1,"featured_media":0,"comment_status":"open","ping_status":"open","sticky":false,"template":"","format":"standard","meta":{"footnotes":""},"categories":[27],"tags":[],"class_list":["post-2811","post","type-post","status-publish","format-standard","hentry","category-noticias"],"_links":{"self":[{"href":"https:\/\/antonini.psc.br\/index.php?rest_route=\/wp\/v2\/posts\/2811","targetHints":{"allow":["GET"]}}],"collection":[{"href":"https:\/\/antonini.psc.br\/index.php?rest_route=\/wp\/v2\/posts"}],"about":[{"href":"https:\/\/antonini.psc.br\/index.php?rest_route=\/wp\/v2\/types\/post"}],"author":[{"embeddable":true,"href":"https:\/\/antonini.psc.br\/index.php?rest_route=\/wp\/v2\/users\/1"}],"replies":[{"embeddable":true,"href":"https:\/\/antonini.psc.br\/index.php?rest_route=%2Fwp%2Fv2%2Fcomments&post=2811"}],"version-history":[{"count":1,"href":"https:\/\/antonini.psc.br\/index.php?rest_route=\/wp\/v2\/posts\/2811\/revisions"}],"predecessor-version":[{"id":27370,"href":"https:\/\/antonini.psc.br\/index.php?rest_route=\/wp\/v2\/posts\/2811\/revisions\/27370"}],"wp:attachment":[{"href":"https:\/\/antonini.psc.br\/index.php?rest_route=%2Fwp%2Fv2%2Fmedia&parent=2811"}],"wp:term":[{"taxonomy":"category","embeddable":true,"href":"https:\/\/antonini.psc.br\/index.php?rest_route=%2Fwp%2Fv2%2Fcategories&post=2811"},{"taxonomy":"post_tag","embeddable":true,"href":"https:\/\/antonini.psc.br\/index.php?rest_route=%2Fwp%2Fv2%2Ftags&post=2811"}],"curies":[{"name":"wp","href":"https:\/\/api.w.org\/{rel}","templated":true}]}}