{"id":2814,"date":"2009-04-25T01:26:15","date_gmt":"2009-04-25T04:26:15","guid":{"rendered":"http:\/\/antonini.med.br\/blog\/?p=2814"},"modified":"2022-02-15T03:29:21","modified_gmt":"2022-02-15T03:29:21","slug":"justica-determina-fim-de-atividades-da-faculdade-de-medicina-de-garanhuns","status":"publish","type":"post","link":"https:\/\/antonini.psc.br\/?p=2814","title":{"rendered":"Justi\u00e7a determina fim de atividades da Faculdade de Medicina de Garanhuns"},"content":{"rendered":"<p style=\"text-align: justify;\">Da Reda\u00e7\u00e3o*<br \/>\nEm S\u00e3o Paulo\n<\/p>\n<p style=\"text-align: justify;\">A Justi\u00e7a Federal de Pernambuco suspendeu as atividades da Fameg (Faculdade de Medicina de Garanhuns), que fica a 229 quil\u00f4metros de Recife, ap\u00f3s a\u00e7\u00e3o ajuizada pela Uni\u00e3o e pelo Minist\u00e9rio P\u00fablico Federal. A institui\u00e7\u00e3o era mantida pelo ITPAC (Instituto Tocantinense Presidente Ant\u00f4nio Carlos) e funcionava desde junho de 2008 sem autoriza\u00e7\u00e3o do MEC (Minist\u00e9rio da Educa\u00e7\u00e3o).<!--more--><\/p>\n<p style=\"text-align: justify;\">As atividades da Fameg devem ficar suspensas &#8220;at\u00e9 que seja devidamente autorizado o seu funcionamento pelos \u00f3rg\u00e3os competentes, mormente pelo MEC&#8221;, segundo senten\u00e7a da ju\u00edza Amanda Gon\u00e7alves Stoppa, proferida em 22 de abril.<\/p>\n<p style=\"text-align: justify;\">Em junho do ano passado, o <a href=\"http:\/\/educacao.uol.com.br\/ultnot\/2008\/06\/19\/ult105u6636.jhtm\" target=\"_blank\" rel=\"noopener noreferrer\">CFM (Conselho Federal de Medicina) denunciou a abertura irregular do curso<\/a>.<\/p>\n<p style=\"text-align: justify;\">O ITPAC argumentava que tinha autoriza\u00e7\u00e3o do Conselho Estadual de Pernambuco. A justi\u00e7a Federal confirmou, no entanto, que a compet\u00eancia para a autoriza\u00e7\u00e3o, credenciamento, reconhecimento e supervis\u00e3o de institui\u00e7\u00f5es de ensino superior privadas \u00e9 de responsabilidade da Uni\u00e3o.<\/p>\n<p style=\"text-align: justify;\">A ju\u00edza tamb\u00e9m condenou o ITPAC a devolver o dinheiro dos alunos com inscri\u00e7\u00e3o no processo seletivo, matr\u00edcula e mensalidades, al\u00e9m de ter de ressarcir por danos morais cada estudante prejudicado com R$ 10 mil. A Fameg havia efetuado matr\u00edcula de 60 alunos.<\/p>\n<p style=\"text-align: justify;\">Caso a institui\u00e7\u00e3o descumpra a determina\u00e7\u00e3o judicial e continue a funcionar sem autoriza\u00e7\u00e3o devida, ter\u00e1 de pagar multa di\u00e1ria no valor de R$ 10 mil.<\/p>\n<p style=\"text-align: justify;\">O UOL Educa\u00e7\u00e3o n\u00e3o conseguiu contato com a Fameg.<\/p>\n<p style=\"text-align: justify;\">* Com informa\u00e7\u00f5es do MEC e da Ag\u00eancia Brasil.<\/p>\n<p style=\"text-align: center;\">[<a href=\"javascript:history.go(-1)\">Voltar<\/a>]<\/p>\n","protected":false},"excerpt":{"rendered":"<p>Da Reda\u00e7\u00e3o* Em S\u00e3o Paulo A Justi\u00e7a Federal de Pernambuco suspendeu as atividades da Fameg (Faculdade de Medicina de Garanhuns), que fica a 229 quil\u00f4metros de Recife, ap\u00f3s a\u00e7\u00e3o ajuizada pela Uni\u00e3o e pelo Minist\u00e9rio P\u00fablico Federal. A institui\u00e7\u00e3o era mantida pelo ITPAC (Instituto Tocantinense Presidente Ant\u00f4nio Carlos) e funcionava desde junho de 2008 sem [&hellip;]<\/p>\n","protected":false},"author":1,"featured_media":0,"comment_status":"open","ping_status":"open","sticky":false,"template":"","format":"standard","meta":{"footnotes":""},"categories":[27],"tags":[],"class_list":["post-2814","post","type-post","status-publish","format-standard","hentry","category-noticias"],"_links":{"self":[{"href":"https:\/\/antonini.psc.br\/index.php?rest_route=\/wp\/v2\/posts\/2814","targetHints":{"allow":["GET"]}}],"collection":[{"href":"https:\/\/antonini.psc.br\/index.php?rest_route=\/wp\/v2\/posts"}],"about":[{"href":"https:\/\/antonini.psc.br\/index.php?rest_route=\/wp\/v2\/types\/post"}],"author":[{"embeddable":true,"href":"https:\/\/antonini.psc.br\/index.php?rest_route=\/wp\/v2\/users\/1"}],"replies":[{"embeddable":true,"href":"https:\/\/antonini.psc.br\/index.php?rest_route=%2Fwp%2Fv2%2Fcomments&post=2814"}],"version-history":[{"count":1,"href":"https:\/\/antonini.psc.br\/index.php?rest_route=\/wp\/v2\/posts\/2814\/revisions"}],"predecessor-version":[{"id":28055,"href":"https:\/\/antonini.psc.br\/index.php?rest_route=\/wp\/v2\/posts\/2814\/revisions\/28055"}],"wp:attachment":[{"href":"https:\/\/antonini.psc.br\/index.php?rest_route=%2Fwp%2Fv2%2Fmedia&parent=2814"}],"wp:term":[{"taxonomy":"category","embeddable":true,"href":"https:\/\/antonini.psc.br\/index.php?rest_route=%2Fwp%2Fv2%2Fcategories&post=2814"},{"taxonomy":"post_tag","embeddable":true,"href":"https:\/\/antonini.psc.br\/index.php?rest_route=%2Fwp%2Fv2%2Ftags&post=2814"}],"curies":[{"name":"wp","href":"https:\/\/api.w.org\/{rel}","templated":true}]}}