{"id":2821,"date":"2009-04-25T14:33:43","date_gmt":"2009-04-25T17:33:43","guid":{"rendered":"http:\/\/antonini.med.br\/blog\/?p=2821"},"modified":"2022-02-15T03:29:21","modified_gmt":"2022-02-15T03:29:21","slug":"que-droga-de-pais-e-esse","status":"publish","type":"post","link":"https:\/\/antonini.psc.br\/?p=2821","title":{"rendered":"Que droga de pa\u00eds \u00e9 esse?"},"content":{"rendered":"<p style=\"text-align: justify;\">&#8220;N\u00e3o s\u00e3o o preconceito, o \u00f3dio \u00e0 diversidade, a n\u00e3o aceita\u00e7\u00e3o da diferen\u00e7a ou a intoler\u00e2ncia as desgra\u00e7as maiores que t\u00eam assolado o Brasil,tal como ocorre em tantos outros pa\u00edses eregi\u00f5es do mundo. Nossas chagas s\u00e3o de outraordem: a leni\u00eancia, a frouxid\u00e3o das leis,a complac\u00eancia da Justi\u00e7a, o excesso detoler\u00e2ncia e a s\u00edntese tr\u00e1gica de tudo isso,que \u00e9 a impunidade.&#8221;<\/p>\n<p><strong>MAURO CHAVES<\/strong>, para <strong>Maria Cec\u00edlia Gouv\u00eaa Waechter<\/strong><\/p>\n<p style=\"text-align: right;\"><strong>Waldo Lu\u00eds Viana*<!--more--><\/strong><\/p>\n<p style=\"text-align: center;\"><img loading=\"lazy\" decoding=\"async\" class=\"size-full wp-image-2824 aligncenter\" title=\"circobrasil\" src=\"http:\/\/heinzpechner.org\/blog\/wp-content\/uploads\/2009\/04\/circobrasil.jpg\" alt=\"circobrasil\" width=\"400\" height=\"299\" \/><\/p>\n<p style=\"text-align: justify;\">Lula e o PT s\u00e3o como droga. Para nos livrarmos deles, precisamos de tratamento, n\u00e3o de redu\u00e7\u00e3o de danos. N\u00e3o adianta panos quentes, a nega\u00e7\u00e3o t\u00edpica do drogado em dizer que no in\u00edcio houve prazer. Sim, com a heran\u00e7a maldita de FHC, qualquer coisa que nos oferecessem pareceria melhor. \u00c9 como o drogado quando come\u00e7a: a realidade insuport\u00e1vel \u00e9 suplantada, provisoriamente, por um lenitivo.<\/p>\n<p style=\"text-align: justify;\">Quando o tempo passa, por\u00e9m, o que era aparentemente rem\u00e9dio torna-se, em verdade, uma doen\u00e7a. Lula e o PT viraram mol\u00e9stia grave, contagiosa e futuramente letal para o pa\u00eds. Outra heran\u00e7a maldita. Por onde passam, destroem, desmoralizam e desorganizam, como gafanhotos. A boca enorme da corrup\u00e7\u00e3o deslavada, do \u201cn\u00e3o sabia\u201d e do que pode ser eterno \u201cassim mesmo\u201d. Lula e o PT s\u00e3o a mudan\u00e7a que n\u00e3o ir\u00e1 mudar! \u00c9 a sensa\u00e7\u00e3o amarga de n\u00e3o ter mais ningu\u00e9m com quem se queixar. Nem bispo nem general!<\/p>\n<p style=\"text-align: justify;\">Todas as pol\u00edticas p\u00fablicas, fundadas em impostos escorchantes e juros pornogr\u00e1ficos, contribuem para a destrui\u00e7\u00e3o organizada da democracia e do que resta do Estado de Direito.<\/p>\n<p style=\"text-align: justify;\">Conseguiram quase tudo: desmoralizaram os Tr\u00eas Poderes e as For\u00e7as Armadas; aparelharam o Estado com a cumpanheirada morta de fome e desempregada;\u00a0 endividaram estados e munic\u00edpios; sucatearam a educa\u00e7\u00e3o e a sa\u00fade (\u201cquase perfeitas!\u201d) e tornaram a log\u00edstica do pa\u00eds, isto \u00e9, estradas, ferrovias e portos, obsoleta e car\u00edssima. O agroneg\u00f3cio est\u00e1 sendo combatido por uma vis\u00e3o m\u00edope de conserva\u00e7\u00e3o ambiental e a Amaz\u00f4nia foi definitivamente entregue \u00e0 cobi\u00e7a estrangeira. A popula\u00e7\u00e3o foi dividida em ra\u00e7as, cotas e estados de alma difusos, como se n\u00e3o fosse totalmente brasileira e ungida pela Constitui\u00e7\u00e3o; o saneamento b\u00e1sico entregue \u00e0s baratas e as pol\u00edticas habitacionais est\u00e3o sendo usadas para a mais deslavada e cruel\u00a0 demagogia eleitoreira.<\/p>\n<p style=\"text-align: justify;\">O povo, agraciado com as bolsas compensat\u00f3rias e o programa fome-zero, continua paup\u00e9rrimo e faminto. S\u00f3 melhorou um pouquinho, a ponto de votar, como drogado, em quem lhe deu a esmolinha. E quer de novo, como quem compra trouxinha em boca-de-fumo: sabe que \u00e9 ruim, mas na falta de coisa melhor&#8230;<\/p>\n<p style=\"text-align: justify;\">E a viol\u00eancia nas cidades? Devo falar sobre isso? Um assassinato b\u00e1rbaro ap\u00f3s outro, balas perdidas, inseguran\u00e7a geral e o banditismo a solta nas cidades ou mandando, de dentro das penitenci\u00e1rias, sem controle, gra\u00e7as \u00e0 legisla\u00e7\u00e3o mais branda do mundo. E o desemprego? Esque\u00e7am as pesquisas e simplesmente perguntem: quem n\u00e3o tem na fam\u00edlia um desempregado, algu\u00e9m que h\u00e1 meses estava segurando com dificuldade a pr\u00f3pria barra e que, agora, n\u00e3o est\u00e1 mais&#8230;<\/p>\n<p style=\"text-align: justify;\">Mas seria imposs\u00edvel a droga manter-se no poder se n\u00e3o favorecesse os ricos. Eles d\u00e3o as cartas nos bancos, nas bolsas dos capitais vol\u00e1teis e nas grandes empresas, que se ap\u00f3iam nos pol\u00edticos para drenar os recursos do Estado. \u00c9 sempre a mesma coisa: a elite patrimonialista elege os seus comparsas que s\u00f3 querem se dar bem no Legislativo. E eles manipulam os or\u00e7amentos federal, estadual e municipal para contemplar os interesses dos magnatas das empreiteiras e outras megaempresas.<\/p>\n<p style=\"text-align: justify;\">E o povo agora \u00e9 convidado a pagar d\u00edvidas, contra\u00eddas nas farras de cr\u00e9dito f\u00e1cil oferecido e consignado. Tais cr\u00e9ditos foram cedidos num per\u00edodo de falsa prosperidade, como uma droga, fingindo um bom efeito inicial, mas os juros estratosf\u00e9ricos n\u00e3o abaixaram e quem acreditou nisso se danou. Precisar\u00e1 de muita psicoterapia para conseguir dormir&#8230;<\/p>\n<p style=\"text-align: justify;\">E n\u00e3o me venham falar em Minist\u00e9rio P\u00fablico e Pol\u00edcia Federal. Os epis\u00f3dios recentes dos grampos ilegais, da opera\u00e7\u00e3o Satiagraha, da persegui\u00e7\u00e3o a quem descobriu e autuou, bem como a \u00faltima CPI sobre o tema, que s\u00f3 denunciou peixes pequenos, comprova que n\u00e3o h\u00e1 sa\u00edda. Puni\u00e7\u00e3o s\u00f3 para quem n\u00e3o manda. N\u00e3o viram o mensal\u00e3o? Com certeza, vai dar, como diria um pol\u00edtico cearense, em p&#8230;. nenhuma&#8230;<\/p>\n<p style=\"text-align: justify;\">A Justi\u00e7a \u00e9 car\u00edssima para o povo, que n\u00e3o pode frequentar os seus recursos para as inst\u00e2ncias superiores. Os advogados car\u00edssimos servem apenas \u00e0s classes dominantes, assim como os nossos artistas de teatro e TV famosos s\u00e3o apenas bonecos para a divers\u00e3o da burguesia. Ali\u00e1s, estes pensam e agem como burgueses. Causa-me tristeza ver a classe dos defensores p\u00fablicos sofrer a mesma persegui\u00e7\u00e3o que se inflige aos pobres: baixos sal\u00e1rios, pouca influ\u00eancia social e o desprezo blas\u00e9 de promotores e ju\u00edzes. Ser defensor p\u00fablico e oper\u00e1rio do Direito no Brasil \u00e9 escolher um sacerd\u00f3cio abandonado de h\u00e1 muito pelos eternos espertos que querem enriquecer na milit\u00e2ncia da Justi\u00e7a.<\/p>\n<p style=\"text-align: justify;\">O epis\u00f3dio Daniel Dantas, banqueiro operoso que guarda no bolso boa parte da elite nacional vendida, definiu os limites: daqui n\u00e3o passa porque cair\u00e1 a Rep\u00fablica! S\u00e3o os freios que determinam o que o Minist\u00e9rio P\u00fablico e a Pol\u00edcia Federal poder\u00e3o fazer: deten\u00e7\u00f5es pirot\u00e9cnicas, interrogat\u00f3rios televisivos e da\u00ed a Justi\u00e7a solta, sempre os tubar\u00f5es. Os peixes pequenos, coitados, ningu\u00e9m se importa com eles. Afinal, ladr\u00f5es de goiabada e galinha s\u00e3o mesmo desprez\u00edveis!<\/p>\n<p style=\"text-align: justify;\">Um genial pol\u00edtico cearense, com a linguagem desabrida, definiu que n\u00e3o tem medo dessas inst\u00e2ncias do Estado; mandou-as para o lugar devido j\u00e1 que n\u00e3o tem nenhum medo delas. Eu tenho. N\u00e3o sou nada diante de tanta imunidade e da demonstrada impunidade geral para os ricos&#8230;<\/p>\n<p style=\"text-align: justify;\">Ali\u00e1s, para cidad\u00e3os como eu, f\u00e1ceis de destruir, s\u00f3 existe a Internet, como \u00faltima inst\u00e2ncia de protesto. Sempre me servi dela,\u00a0 tangenciando o C\u00f3digo Penal, para dizer o que penso. Mas sinto a sensa\u00e7\u00e3o de que logo eles inventar\u00e3o um modo de calar a oposi\u00e7\u00e3o eletr\u00f4nica, porque a oposi\u00e7\u00e3o congressual, j\u00e1 calaram h\u00e1 muito tempo com dinheiro sonante.<\/p>\n<p style=\"text-align: justify;\">Lula e o PT s\u00e3o droga distribu\u00edda e j\u00e1 fizeram o estrago devido. A doen\u00e7a espalhou-se e n\u00e3o adianta \u201creduzir os danos\u201d. N\u00f3s somos os pacientes e n\u00e3o podemos mais fugir de seus efeitos funestos: transformar nosso pa\u00eds nessa droga que est\u00e1 a\u00ed. Quem est\u00e1 gostando \u00e9 porque \u00e9 consumidor da droga h\u00e1 muito tempo e pago para sonhar e se iludir. Lula e o PT, como diria o poeta, t\u00eam o dom de iludir. S\u00e3o os que dizem que a corrup\u00e7\u00e3o onipresente \u00e9 obra da imprensa golpista. Uma ilus\u00e3o de \u00f3tica. O governo do oper\u00e1rio \u00e9 uma beleza e seu poder, incomensur\u00e1vel e incorrupt\u00edvel como o ponto em geometria.<\/p>\n<p style=\"text-align: justify;\">Lula e o PT s\u00e3o uma droga, mas eu sou muito fraco e eles ser\u00e3o capazes de injetar logo em mim uma dose quase letal da hero\u00edna da conformidade. Como toda droga her\u00f3ica e terrorista, ela far\u00e1 com que eu fa\u00e7a uma viagem de \u00e1cido e felicidade at\u00e9 passar a gostar mesmo do Grande Irm\u00e3o!<\/p>\n<p style=\"text-align: justify;\">E serei como voc\u00ea, esse drogado que teima em me ler e se entristece com minhas palavras sem sentido: afinal de contas, voc\u00ea tamb\u00e9m j\u00e1 n\u00e3o ama o Grande Irm\u00e3o?<\/p>\n<p style=\"text-align: center;\">[<a href=\"javascript:history.go(-1)\">Voltar<\/a>]<\/p>\n<p style=\"text-align: justify;\">___________<\/p>\n<p style=\"text-align: justify;\">* Waldo Lu\u00eds Viana \u00e9 escritor, economista e poeta, esfor\u00e7ando-se para manter o que resta de sanidade at\u00e9 2010&#8230;<\/p>\n<p style=\"text-align: justify;\">Teres\u00f3polis, 24 de abril de 2009.<\/p>\n","protected":false},"excerpt":{"rendered":"<p>&#8220;N\u00e3o s\u00e3o o preconceito, o \u00f3dio \u00e0 diversidade, a n\u00e3o aceita\u00e7\u00e3o da diferen\u00e7a ou a intoler\u00e2ncia as desgra\u00e7as maiores que t\u00eam assolado o Brasil,tal como ocorre em tantos outros pa\u00edses eregi\u00f5es do mundo. Nossas chagas s\u00e3o de outraordem: a leni\u00eancia, a frouxid\u00e3o das leis,a complac\u00eancia da Justi\u00e7a, o excesso detoler\u00e2ncia e a s\u00edntese tr\u00e1gica de [&hellip;]<\/p>\n","protected":false},"author":1,"featured_media":0,"comment_status":"open","ping_status":"open","sticky":false,"template":"","format":"standard","meta":{"footnotes":""},"categories":[27],"tags":[],"class_list":["post-2821","post","type-post","status-publish","format-standard","hentry","category-noticias"],"_links":{"self":[{"href":"https:\/\/antonini.psc.br\/index.php?rest_route=\/wp\/v2\/posts\/2821","targetHints":{"allow":["GET"]}}],"collection":[{"href":"https:\/\/antonini.psc.br\/index.php?rest_route=\/wp\/v2\/posts"}],"about":[{"href":"https:\/\/antonini.psc.br\/index.php?rest_route=\/wp\/v2\/types\/post"}],"author":[{"embeddable":true,"href":"https:\/\/antonini.psc.br\/index.php?rest_route=\/wp\/v2\/users\/1"}],"replies":[{"embeddable":true,"href":"https:\/\/antonini.psc.br\/index.php?rest_route=%2Fwp%2Fv2%2Fcomments&post=2821"}],"version-history":[{"count":1,"href":"https:\/\/antonini.psc.br\/index.php?rest_route=\/wp\/v2\/posts\/2821\/revisions"}],"predecessor-version":[{"id":28054,"href":"https:\/\/antonini.psc.br\/index.php?rest_route=\/wp\/v2\/posts\/2821\/revisions\/28054"}],"wp:attachment":[{"href":"https:\/\/antonini.psc.br\/index.php?rest_route=%2Fwp%2Fv2%2Fmedia&parent=2821"}],"wp:term":[{"taxonomy":"category","embeddable":true,"href":"https:\/\/antonini.psc.br\/index.php?rest_route=%2Fwp%2Fv2%2Fcategories&post=2821"},{"taxonomy":"post_tag","embeddable":true,"href":"https:\/\/antonini.psc.br\/index.php?rest_route=%2Fwp%2Fv2%2Ftags&post=2821"}],"curies":[{"name":"wp","href":"https:\/\/api.w.org\/{rel}","templated":true}]}}