{"id":28340,"date":"2021-04-17T02:32:32","date_gmt":"2021-04-17T02:32:32","guid":{"rendered":"https:\/\/antonini.med.br\/?p=28340"},"modified":"2022-02-15T02:38:12","modified_gmt":"2022-02-15T02:38:12","slug":"indio-brasileiro-desbancando-os-eco-pilantras-eco-vigaristas-eco-etcs","status":"publish","type":"post","link":"https:\/\/antonini.psc.br\/?p=28340","title":{"rendered":"\u00cdndio brasileiro desbancando os &#8220;eco pilantras&#8221;, &#8220;eco vigaristas&#8221;, &#8220;eco etcs&#8221;&#8230;"},"content":{"rendered":"<p style=\"text-align: justify;\">No programa Caldeir\u00e3o do Huck deste s\u00e1bado, 17 de abril de 2021, o casal ind\u00edgena Da\u00facha e Chand\u00e3 (acho que se escreve assim) participou do quadro The Wall e l\u00e1 pelo meio da atra\u00e7\u00e3o o apresentador puxou uma conversa sobre os costumes, meios de subsist\u00eancia e aspectos da sociedade ind\u00edgena quando ouviu do participante Chand\u00e3 que os \u00edndios plantam suas ro\u00e7as (ou lavouras) entre as \u00e1rvores da floresta, sem derrub\u00e1-las, levando o apresentador a concluir ser perfeitamente poss\u00edvel fazer agricultura na Amaz\u00f4nia sem destruir o meio ambiente.<!--more--><\/p>\n<p style=\"text-align: justify;\">Os &#8220;eco pilantras&#8221;, &#8220;eco vigaristas&#8221;, &#8220;eco trouxas&#8221;, &#8220;eco babacas&#8221;, &#8220;eco-etcs&#8221;, devem estar babando e espumando de raiva neste exato momento por um \u00edndio, que eles tratam como um ser d\u00e9bil mental e fazem dele massa de manobra, dizer uma verdade que desafia a prega\u00e7\u00e3o falsa deles, desmascarando as inten\u00e7\u00f5es sujas por tr\u00e1s do discurso infundado e sem base cient\u00edfica qualquer de n\u00e3o poder plantar COMIDA na floresta amaz\u00f4nica porqu\u00ea destruir\u00e1 as \u00e1rvores.<\/p>\n<p style=\"text-align: justify;\">O col\u00f3quio fl\u00e1cido para acalentar bovinos dos pseudo cientistas ambientalistas destas ONGs de preserva\u00e7\u00e3o do meio ambiente que n\u00e3o passam de quadrilhas de exploradores das riquezas alheias, representando interesses de empresas e governos que sonham e desejam obcecadamente tomar a Amaz\u00f4nia dos pa\u00edses que s\u00e3o seus verdadeira propriet\u00e1rios, cuja parte mais rica fica no Brasil, n\u00e3o engana mais ningu\u00e9m.<\/p>\n<p style=\"text-align: justify;\">A floresta amaz\u00f4nica n\u00e3o \u00e9 a maior do mundo. A floresta de taiga da Sib\u00e9ria \u00e9 tr\u00eas vezes maior. A floresta amaz\u00f4nica n\u00e3o \u00e9 o &#8220;pulm\u00e3o do mundo&#8221;, sendo as algas mar\u00edtimas os verdadeiros &#8220;pulm\u00f5es do mundo&#8221;. Estas s\u00e3o as duas mentiras mais usadas pelos vigaristas travestidos de ambientalistas como justificativa da expropria\u00e7\u00e3o da amaz\u00f4nia pelos pa\u00edses desenvolvidos que &#8220;apenas&#8221; desejam proteg\u00ea-la, mas na realidade objetivam exatamente o oposto: <strong>EXPLOR\u00c1-LA, ROUB\u00c1-LA, DESTRU\u00cd-LA!<\/strong><\/p>\n<p style=\"text-align: justify;\">Todos os brasileiros sabem o que est\u00e1 por tr\u00e1s do discurso fajuta e demonizador de diversos pa\u00edses contra o governo e o povo brasileiro: tomar a Amaz\u00f4nia do Brasil sob pretexto de preservar o meio ambiente, a maior mentira universal, pois o objetivo de fato \u00e9 roubar as riquezas que ela tem em abund\u00e2ncia.<\/p>\n<p style=\"text-align: justify;\">Como \u00e9 imposs\u00edvel plantar qualquer coisa na floresta de taiga da Sib\u00e9ria por causa do frio polar (sempre abaixo dos -50\u00baC &#8211; cinquenta graus cent\u00edgrados abaixo de zero) e neve na maior parte do tempo, ou mesmo explorar suas riquezas e ainda, como n\u00e3o \u00e9 poss\u00edvel plantar nada na lua ou em Marte e com o crescimento cont\u00ednuo da popula\u00e7\u00e3o mundial, logo ser\u00e1 necess\u00e1rio e obrigat\u00f3rio plantar comida na Amaz\u00f4nia. N\u00e3o ter\u00e1 outro jeito, a n\u00e3o ser que a humanidade pare de crescer.<\/p>\n<p style=\"text-align: center;\">[<a href=\"javascript:history.go(-1)\">Voltar<\/a>]<\/p>\n","protected":false},"excerpt":{"rendered":"<p>No programa Caldeir\u00e3o do Huck deste s\u00e1bado, 17 de abril de 2021, o casal ind\u00edgena Da\u00facha e Chand\u00e3 (acho que se escreve assim) participou do quadro The Wall e l\u00e1 pelo meio da atra\u00e7\u00e3o o apresentador puxou uma conversa sobre os costumes, meios de subsist\u00eancia e aspectos da sociedade ind\u00edgena quando ouviu do participante Chand\u00e3 [&hellip;]<\/p>\n","protected":false},"author":1,"featured_media":0,"comment_status":"open","ping_status":"open","sticky":false,"template":"","format":"standard","meta":{"footnotes":""},"categories":[27],"tags":[],"class_list":["post-28340","post","type-post","status-publish","format-standard","hentry","category-noticias"],"_links":{"self":[{"href":"https:\/\/antonini.psc.br\/index.php?rest_route=\/wp\/v2\/posts\/28340","targetHints":{"allow":["GET"]}}],"collection":[{"href":"https:\/\/antonini.psc.br\/index.php?rest_route=\/wp\/v2\/posts"}],"about":[{"href":"https:\/\/antonini.psc.br\/index.php?rest_route=\/wp\/v2\/types\/post"}],"author":[{"embeddable":true,"href":"https:\/\/antonini.psc.br\/index.php?rest_route=\/wp\/v2\/users\/1"}],"replies":[{"embeddable":true,"href":"https:\/\/antonini.psc.br\/index.php?rest_route=%2Fwp%2Fv2%2Fcomments&post=28340"}],"version-history":[{"count":1,"href":"https:\/\/antonini.psc.br\/index.php?rest_route=\/wp\/v2\/posts\/28340\/revisions"}],"predecessor-version":[{"id":28341,"href":"https:\/\/antonini.psc.br\/index.php?rest_route=\/wp\/v2\/posts\/28340\/revisions\/28341"}],"wp:attachment":[{"href":"https:\/\/antonini.psc.br\/index.php?rest_route=%2Fwp%2Fv2%2Fmedia&parent=28340"}],"wp:term":[{"taxonomy":"category","embeddable":true,"href":"https:\/\/antonini.psc.br\/index.php?rest_route=%2Fwp%2Fv2%2Fcategories&post=28340"},{"taxonomy":"post_tag","embeddable":true,"href":"https:\/\/antonini.psc.br\/index.php?rest_route=%2Fwp%2Fv2%2Ftags&post=28340"}],"curies":[{"name":"wp","href":"https:\/\/api.w.org\/{rel}","templated":true}]}}